{"id":1733,"date":"2019-01-18T15:37:12","date_gmt":"2019-01-18T18:37:12","guid":{"rendered":"http:\/\/ultimato.com.br\/sites\/carlinhosveiga\/?p=1733"},"modified":"2019-01-22T14:24:52","modified_gmt":"2019-01-22T17:24:52","slug":"a-bela-musica-dessas-mulheres","status":"publish","type":"post","link":"https:\/\/ultimato.com.br\/sites\/carlinhosveiga\/2019\/01\/18\/a-bela-musica-dessas-mulheres\/","title":{"rendered":"A bela m\u00fasica dessas mulheres"},"content":{"rendered":"<p>Na d\u00e9cada de 1930, duas cantoras marcaram o gospel norte-americano. Eram elas Mahalia Jackson e Clara Ward. No Brasil, na d\u00e9cada de 1970, vimos surgir Josely Scarabelli, Shirley Carvalhaes, Denise Cardoso com grande for\u00e7a entre o p\u00fablico evang\u00e9lico, especialmente os pentecostais.<\/p>\n<p>As mulheres sempre estiveram muito bem representadas na m\u00fasica crist\u00e3. Nos dias atuais isso \u00e9 bem evidente. Al\u00e9m de diversos nomes que figuram na m\u00fasica gospel nacional \u2013 uma fatia da m\u00fasica mais comercial, com forte influ\u00eancia do pop \u2013 encontramos um grupo s\u00f3lido de int\u00e9rpretes e compositoras que realizam um belo trabalho no segmento da m\u00fasica popular brasileira. Como era de se esperar, nem todas s\u00e3o conhecidas pelo grande p\u00fablico. Os motivos s\u00e3o variados: n\u00e3o fazem parte do cast de importantes gravadoras, ou n\u00e3o t\u00eam atr\u00e1s de si produtores que dominem os recentes e complicados mecanismos de divulga\u00e7\u00e3o midi\u00e1tica, ou ainda por qualquer outro motivo. Por\u00e9m, \u00e9 certo que desenvolvem uma m\u00fasica de qualidade.<\/p>\n<p>Os nomes s\u00e3o v\u00e1rios, mas por uma quest\u00e3o de espa\u00e7o, cito aqui apenas 15 artistas. N\u00e3o h\u00e1 nenhum crit\u00e9rio de grandeza nessa ordem. Apenas, para facilitar, agrupo os nomes por pontos comuns.<\/p>\n<p>Come\u00e7o por aquelas que est\u00e3o atuando h\u00e1 mais tempo, desde as d\u00e9cadas de 1980 e 1990: Marlene Vasques, a dupla C\u00edntia e Silvia e Lucit\u00e2nia Egg Verotti.<\/p>\n<ul>\n<li><a href=\"http:\/\/wesleymarlene.com.br\"><strong>Marlene Vasques<\/strong><\/a> \u2013 Desde o final dos anos 1980, Marlene se apresenta ao lado de seu esposo Wesley Vaques. Dona de uma voz inigual\u00e1vel, come\u00e7ou sua trajet\u00f3ria como crooner de banda de baile. Na d\u00e9cada de 1980 teve um encontro pessoal com Jesus e desde ent\u00e3o dedica-se ao minist\u00e9rio musical.<\/li>\n<li><a href=\"https:\/\/www.facebook.com\/silviaecintia\/\"><strong>C\u00edntia e S\u00edlvia<\/strong><\/a> (ou Silvia e Cintia) \u2013 N\u00e3o tem como citar uma sem conectar \u00e0 outra. Nos anos 1990 a dupla se tornou conhecida em todo pa\u00eds atrav\u00e9s dos programas de TV e as Cruzadas da Vinde. C\u00edntia mora nos EUA h\u00e1 alguns anos, S\u00edlvia permanece no Brasil. Embora n\u00e3o tenham lan\u00e7ado trabalhos recentemente, seus dois \u00e1lbuns permanecem atuais e impec\u00e1veis.<\/li>\n<li><a href=\"https:\/\/www.facebook.com\/lucitania.eggverotti\"><strong>Lucit\u00e2nia Egg Verotti<\/strong><\/a> \u2013 Conhecida especialmente por sua trajet\u00f3ria com Vencedores Por Cristo (VPC), Lucit\u00e2nia tem importante papel na m\u00fasica popular crist\u00e3 contribuindo com este que \u00e9 um dos mais significativos minist\u00e9rios musicais brasileiros. O seu repert\u00f3rio \u00e9 baseado nos compositores ligados a VPC.<\/li>\n<\/ul>\n<p>O segundo grupo \u00e9 marcado por explorar ritmos como a bossa nova, bolero, samba-can\u00e7\u00e3o e influ\u00eancias regionalistas. Entre elas cito Ilma Brescia, Melina Prista, Tirza Silveira, Priscila Barreto e Air\u00f4 Barros.<\/p>\n<ul>\n<li><a href=\"https:\/\/www.facebook.com\/pages\/category\/Musician-Band\/Ilma-Brescia-229789193814016\/\"><strong>Ilma Brescia<\/strong><\/a> \u2013 Artista em m\u00faltiplas \u00e1reas, Ilma revela um estilo raro entre os artistas crist\u00e3os. Seu repert\u00f3rio \u00e9 formado por jazz e ritmos brasileiros que consagraram grandes nomes da MPB como Maisa, Claudia Barroso, entre outras. O CD \u201cP\u00e9rola\u201d mostra muito bem a for\u00e7a de sua m\u00fasica.<\/li>\n<li><a href=\"https:\/\/www.facebook.com\/melina.prista\"><strong>Melina Prista<\/strong><\/a> \u2013 Melina come\u00e7ou sua carreira musical como flautista participando em \u00e1lbuns de Martinho da Vila, H\u00e9lio Delmiro, Roberto Ribeiro, Jo\u00e3o Donato entre outros. Como cantora e compositora gravou, at\u00e9 o momento, cinco \u00e1lbuns marcados especialmente pela bossa-nova, estilo no qual esteve imersa boa parte de sua vida musical.<\/li>\n<li><a href=\"https:\/\/www.facebook.com\/profile.php?id=100009820878459\"><strong>Tirza Silveira<\/strong><\/a> \u2013 Conhecida pelas participa\u00e7\u00f5es nos CDs do seu esposo Jo\u00e3o Alexandre, Tirza lan\u00e7ou recentemente o primeiro \u00e1lbum. A produ\u00e7\u00e3o e os arranjos do filho Felipe Silveira coroaram essa obra com refinamento e beleza. Dona de um gosto apurado, seu trabalho repercutiu muito bem entre o p\u00fablico.<\/li>\n<li><a href=\"https:\/\/www.facebook.com\/pg\/Musicas.by.PriBarreto\/posts\/\"><strong>Priscila Barreto<\/strong><\/a> \u2013 Em 2012 Priscila gravou o CD Madalena, homenageando as mulheres. \u00c9 um dos mais belos CDs dos \u00faltimos tempos. No repert\u00f3rio can\u00e7\u00f5es dos conhecidos Jorge Camargo, Roberto Diamanso, Stenio Marcius, entremeadas com os consagrados Guinga, Paulo C\u00e9sar Pinheiro e Chico Pinheiro. Todas as can\u00e7\u00f5es perpassam o universo feminino.<\/li>\n<li><a href=\"https:\/\/soundcloud.com\/air-barros\"><strong>Air\u00f4 Barros<\/strong><\/a> \u2013 A sonoridade de Air\u00f4 \u00e9 muito pr\u00f3pria. Ela canta o Brasil com for\u00e7a e vigor. Essa nordestina que hoje vive no sul do pa\u00eds desfila a nossa m\u00fasica brasileira em can\u00e7\u00f5es autorais e de grandes nomes da MPB, gente de dentro e fora das igrejas. Sua participa\u00e7\u00e3o no programa de TV Senhor Brasil, apresentado por Rolando Boldrim, teve repercuss\u00e3o nacional.<\/li>\n<\/ul>\n<p>Inegavelmente o festival de m\u00fasica e artes Som do C\u00e9u, que h\u00e1 mais de 30 anos \u00e9 realizado nas montanhas de Minas Gerais, nos brindou com muitas artistas de alto n\u00edvel. Nesse terceiro grupo cito alguns nomes que pisaram este palco e, muito embora j\u00e1 tivessem um trabalho reconhecido localmente, passaram a ser admiradas nacionalmente: Carol Gualberto, Marivone Lobo, Aline Pignaton e Luc\u00e9lia Guedes.<\/p>\n<ul>\n<li><a href=\"https:\/\/www.facebook.com\/carolinagualberto\"><strong>Carol Gualberto<\/strong><\/a> \u2013 Influenciada desde crian\u00e7a pelo trabalho do Quarteto Vida e pelos demais artistas que pisavam os palcos do festival Som do C\u00e9u, Carol decidiu conduzir seu trabalho voltado para a diversidade musical brasileira. At\u00e9 o momento produziu tr\u00eas CDs, mesclando m\u00fasicas autorais e de conhecidos compositores.<\/li>\n<li><a href=\"http:\/\/baixoevoz.web2223.uni5.net\"><strong>Marivone Lobo<\/strong><\/a> \u2013 Atua na m\u00fasica desde 1991 ao lado do esposo S\u00e9rgio Pereira, com quem formou o grupo \u201cBaixo e Voz\u201d \u2013 uma forma\u00e7\u00e3o musical nada usual. Compositora, arranjadora, cantora e violonista, atuou ainda no Coro Profissional da Orquestra Sinf\u00f4nica de Ribeir\u00e3o Preto e no Quarteto Tadoma.<\/li>\n<li><a href=\"https:\/\/www.facebook.com\/alinepignaton\"><strong>Aline Pignaton<\/strong><\/a> \u2013 Aline reside em Vit\u00f3ria (ES). O seu CD \u201cO que realmente importa\u201d, produzido por Rodolfo Simor, \u00e9 tido como um dos belos trabalhos da m\u00fasica popular crist\u00e3 brasileira. Recentemente lan\u00e7ou nas plataformas de m\u00fasica digital o single \u201cAlguma esperan\u00e7a\u201d, can\u00e7\u00e3o de Gladir Cabral.<\/li>\n<li><a href=\"https:\/\/www.facebook.com\/lucelia.guedes.94\"><strong>Luc\u00e9lia Guedes<\/strong><\/a> \u2013 Luc\u00e9lia vem do Piau\u00ed. Transborda arte em suas m\u00faltiplas formas. Al\u00e9m de cantora e compositora, tamb\u00e9m \u00e9 artista pl\u00e1stica. Produz com seu esposo Gabriel Santos eventos no \u201cQuintal das Artes\u201d espa\u00e7o onde mescla shows intimistas com aulas de pinturas para crian\u00e7as do bairro. Lan\u00e7ou dois CDs.<\/li>\n<\/ul>\n<p>Para completar a lista, cito as paulistas Ju Bragan\u00e7a e Josani Pimenta, que pautam seus trabalhos sobre o tema do louvor e adora\u00e7\u00e3o. E por \u00faltimo a mineira Liz Valente, que possui um trabalho que alcan\u00e7a horizontes para al\u00e9m do meio eclesi\u00e1stico.<\/p>\n<ul>\n<li><a href=\"https:\/\/www.facebook.com\/jubragancaoficial\/\"><strong>Ju Bragan\u00e7a<\/strong><\/a> \u2013 Cantora e compositora, Ju Bragan\u00e7a orienta seu trabalho como compositora e cantora para o louvor e adora\u00e7\u00e3o. Atua por anos no minist\u00e9rio musical junto \u00e0s igrejas em S\u00e3o Paulo, al\u00e9m de atender convites para comunidades e eventos de outras localidades. Participou de trabalhos com Luciano Manga, Daniel Maia, Elias Loureiro, Albino Junior e Gerson Borges.<\/li>\n<li><a href=\"http:\/\/josanipimenta.com.br\/#home\"><strong>Josani Pimenta<\/strong><\/a> \u2013 A mais erudita desta lista. Doutora em canto, mestre em reg\u00eancia e graduada em reg\u00eancia e flauta transversal, apresentou-se em concertos no Brasil e exterior interpretando can\u00e7\u00f5es, orat\u00f3rios, cantatas e \u00f3peras. Seu CD de m\u00fasica popular foi produzida por Alex Heinrich, que reside nos EUA. Nele, Josani interpreta Marta Kerr, Jorge Redher, Guilherme Kerr, entre outros.<\/li>\n<li><a href=\"https:\/\/lizvalente.bandcamp.com\"><strong>Liz Valente<\/strong><\/a> \u2013 Liz \u00e9 uma leg\u00edtima representante da m\u00fasica mineira. Residente em Vi\u00e7osa, na Zona da Mata Mineira, suas composi\u00e7\u00f5es s\u00e3o claramente marcadas pela influ\u00eancia do Clube da Esquina. Em seu CD Pipa Amarela contou com a participa\u00e7\u00e3o de m\u00fasicos extraordin\u00e1rios, entre eles, Beto Guedes.<\/li>\n<\/ul>\n<p>Para que voc\u00ea conhe\u00e7a a sonoridade dessas mulheres, criei um playlist no Spotify. Passe por l\u00e1 e ou\u00e7a algumas de suas can\u00e7\u00f5es: <a href=\"https:\/\/spoti.fi\/2RyMSWi\"><strong>\u201cA bela m\u00fasica dessas mulheres\u201d<\/strong><\/a>\u00a0.<\/p>\n<p>&nbsp;<\/p>\n<p>&nbsp;<\/p>\n","protected":false},"excerpt":{"rendered":"<p>Na d\u00e9cada de 1930, duas cantoras marcaram o gospel norte-americano. Eram elas Mahalia Jackson e Clara Ward. No Brasil, na d\u00e9cada de 1970, vimos surgir Josely Scarabelli, Shirley Carvalhaes, Denise Cardoso com grande for\u00e7a entre o p\u00fablico evang\u00e9lico, especialmente os pentecostais.<br \/>\nAs mulheres sempre estiveram muito bem representadas na m\u00fasica crist\u00e3. Nos dias atuais isso \u00e9 [&#8230;]<\/p>\n","protected":false},"author":9,"featured_media":1734,"comment_status":"open","ping_status":"open","sticky":false,"template":"","format":"standard","meta":{"footnotes":""},"categories":[114],"tags":[],"class_list":["post-1733","post","type-post","status-publish","format-standard","has-post-thumbnail","hentry","category-artigos"],"_links":{"self":[{"href":"https:\/\/ultimato.com.br\/sites\/carlinhosveiga\/wp-json\/wp\/v2\/posts\/1733","targetHints":{"allow":["GET"]}}],"collection":[{"href":"https:\/\/ultimato.com.br\/sites\/carlinhosveiga\/wp-json\/wp\/v2\/posts"}],"about":[{"href":"https:\/\/ultimato.com.br\/sites\/carlinhosveiga\/wp-json\/wp\/v2\/types\/post"}],"author":[{"embeddable":true,"href":"https:\/\/ultimato.com.br\/sites\/carlinhosveiga\/wp-json\/wp\/v2\/users\/9"}],"replies":[{"embeddable":true,"href":"https:\/\/ultimato.com.br\/sites\/carlinhosveiga\/wp-json\/wp\/v2\/comments?post=1733"}],"version-history":[{"count":7,"href":"https:\/\/ultimato.com.br\/sites\/carlinhosveiga\/wp-json\/wp\/v2\/posts\/1733\/revisions"}],"predecessor-version":[{"id":1741,"href":"https:\/\/ultimato.com.br\/sites\/carlinhosveiga\/wp-json\/wp\/v2\/posts\/1733\/revisions\/1741"}],"wp:featuredmedia":[{"embeddable":true,"href":"https:\/\/ultimato.com.br\/sites\/carlinhosveiga\/wp-json\/wp\/v2\/media\/1734"}],"wp:attachment":[{"href":"https:\/\/ultimato.com.br\/sites\/carlinhosveiga\/wp-json\/wp\/v2\/media?parent=1733"}],"wp:term":[{"taxonomy":"category","embeddable":true,"href":"https:\/\/ultimato.com.br\/sites\/carlinhosveiga\/wp-json\/wp\/v2\/categories?post=1733"},{"taxonomy":"post_tag","embeddable":true,"href":"https:\/\/ultimato.com.br\/sites\/carlinhosveiga\/wp-json\/wp\/v2\/tags?post=1733"}],"curies":[{"name":"wp","href":"https:\/\/api.w.org\/{rel}","templated":true}]}}