{"id":1716,"date":"2018-06-28T11:02:46","date_gmt":"2018-06-28T14:02:46","guid":{"rendered":"http:\/\/ultimato.com.br\/sites\/carlinhosveiga\/?p=1716"},"modified":"2018-06-28T11:02:46","modified_gmt":"2018-06-28T14:02:46","slug":"palavrantiga-retorna-com-nova-formacao","status":"publish","type":"post","link":"https:\/\/ultimato.com.br\/sites\/carlinhosveiga\/2018\/06\/28\/palavrantiga-retorna-com-nova-formacao\/","title":{"rendered":"Palavrantiga retorna com nova forma\u00e7\u00e3o"},"content":{"rendered":"<p><a href=\"http:\/\/ultimato.com.br\/sites\/carlinhosveiga\/files\/Palavrantiga-para-redes.jpeg\"><img loading=\"lazy\" decoding=\"async\" class=\"alignleft size-medium wp-image-1719\" src=\"http:\/\/ultimato.com.br\/sites\/carlinhosveiga\/files\/Palavrantiga-para-redes-300x200.jpeg\" alt=\"\" width=\"300\" height=\"200\" srcset=\"https:\/\/ultimato.com.br\/sites\/carlinhosveiga\/files\/Palavrantiga-para-redes-300x200.jpeg 300w, https:\/\/ultimato.com.br\/sites\/carlinhosveiga\/files\/Palavrantiga-para-redes-768x512.jpeg 768w, https:\/\/ultimato.com.br\/sites\/carlinhosveiga\/files\/Palavrantiga-para-redes-732x488.jpeg 732w, https:\/\/ultimato.com.br\/sites\/carlinhosveiga\/files\/Palavrantiga-para-redes.jpeg 1000w\" sizes=\"auto, (max-width: 300px) 100vw, 300px\" \/><\/a>O Palavrantiga est\u00e1 de volta, depois de um recesso. Comemora em 2018, com turn\u00ea pelo pa\u00eds, os 10 anos desde o lan\u00e7amento do primeiro \u201cEP Palavrantiga \u2013 Volume 1\u201d, que seria a pr\u00e9via do seu primeiro CD \u201cEsperar \u00e9 Caminhar\u201d. A novidade \u00e9 que o grupo reaparece com nova forma\u00e7\u00e3o. Do quarteto original permanecem o band leader Marcos Almeida (voz e guitarra) e Felipe Vieira (baixo). Somam-se agora, Gabriel Vicente (guitarra), Raysllan Naydel (bateria) e Johnny Essi (teclado). No show relembram os sucessos dos tr\u00eas primeiros \u00e1lbuns e apresentam a primeira grava\u00e7\u00e3o dessa nova fase, \u201cToda vez que voc\u00ea me v\u00ea\u201d.<\/p>\n<p>Marcos Almeida falou sobre essa nova fase:<\/p>\n<p><strong>NOVOS ACORDES: <em>Por que o Palavrantiga parou por um tempo?<\/em> <\/strong><\/p>\n<p>MARCOS ALMEIDA: O meu primeiro sab\u00e1tico foi determinante. Mas, \u00e9 importante lembrar que o grupo teve total autonomia para seguir adiante ou n\u00e3o. Depois de algumas experi\u00eancias no sentido de acolher um novo vocalista, o grupo estacionou, sem conseguir ambiente para criar.<\/p>\n<p><strong>\u00a0<\/strong><\/p>\n<p><strong>NA: <em>O que levou a banda retomar a um novo projeto e aos palcos?<\/em> <\/strong><\/p>\n<p>MA: Certamente a boa e perfeita vontade do nosso Senhor, que nos conduziu por um processo nada rom\u00e2ntico, in\u00e9dito e muito intenso. Esse retorno deve-se muito ao Felipe Vieira, nosso baixista, sua f\u00e9 e persist\u00eancia fez toda diferen\u00e7a. A hist\u00f3ria come\u00e7a assim. No final de 2016 o Mauro Henrique do Oficina G3 me ligou e no meio da conversa apresentou uma id\u00e9ia inesperada: \u201cPor qu\u00ea o Palavrantiga n\u00e3o volta para uma turn\u00ea pontual, sem aquele peso continuo da estrada, um revival em teatros pelo Brasil?\u201d Na \u00e9poca ele estava muito empolgado com seu Loop Session Friends, uma experi\u00eancia muito bonita compartilhada em mais de 30 palcos brasileiros. Seu testemunho me tomou de v\u00e1rias maneiras, despertando muitos sentimentos, sonhos que j\u00e1 estavam adormecidos. Mas a \u00fanica resposta que consegui dar foi \u201cvou pensar, orar e procurar os meninos, procurar conselho. Quem sabe n\u00e3o seja um formato interessante?\u201d Mas, disse a ele, \u201cn\u00e3o acredito que a viabilidade venha antes da amizade, nem muito mesmo, antes da identidade. Preciso saber como anda a caminhada e o sonho de cada um, se ainda creem na voca\u00e7\u00e3o da banda, se a paix\u00e3o continua acesa\u201d. E assim foi. Ent\u00e3o, no desenrolar de 2017, \u00e0 medida que nos reencontr\u00e1vamos, atualizando a vida e pensando nisso, fomos entendendo melhor o que seria esse retorno. At\u00e9 que dois integrantes da primeira forma\u00e7\u00e3o decidiram n\u00e3o seguir a diante com o projeto que exigiria uma dedica\u00e7\u00e3o muito grande de todos, resolvendo se dedicar aos empreendimentos outros que estavam tocando na \u00e9poca. Mas, nos liberaram, a mim e ao Felipe, para buscarmos o novo para o Palavrantiga. No final de 2017 anunciamos o retorno da banda em nova forma\u00e7\u00e3o, contando agora com cinco integrantes. Uma hist\u00f3ria linda de reinven\u00e7\u00e3o e perman\u00eancia, que t\u00eam inspirado a muitos sobre o poder da ressurei\u00e7\u00e3o!<\/p>\n<p>&nbsp;<\/p>\n<p><strong>NA: <em>Qual \u00e9 a sensa\u00e7\u00e3o de voltar com o grupo depois de um tempo sozinho nos palcos?<\/em> <\/strong><\/p>\n<p>MA: Tem sido muito forte. Os amigos do reggae chamam isso de energia ou vibe. Os pentecostais de un\u00e7\u00e3o e presen\u00e7a do Esp\u00edrito. Fato \u00e9 que alguma coisa acontece na comunh\u00e3o espiritual e musical do grupo. \u00c9 o rock nacional tecido na Presen\u00e7a, entre os n\u00f3s da rela\u00e7\u00e3o, tecido na Esperan\u00e7a. \u00c9 como se pud\u00e9ssemos, pelo menos durante duas horas em cima do palco, mudar o mundo! E acho que \u00e9 um pouco disso. Pelo menos j\u00e1 n\u00e3o somos os mesmos desde que o Palavrantiga voltou. \u00c9 tudo novo de novo!<\/p>\n<p>&nbsp;<\/p>\n","protected":false},"excerpt":{"rendered":"<p>O Palavrantiga est\u00e1 de volta, depois de um recesso. Comemora em 2018, com turn\u00ea pelo pa\u00eds, os 10 anos desde o lan\u00e7amento do primeiro \u201cEP Palavrantiga \u2013 Volume 1\u201d, que seria a pr\u00e9via do seu primeiro CD \u201cEsperar \u00e9 Caminhar\u201d. A novidade \u00e9 que o grupo reaparece com nova forma\u00e7\u00e3o. Do quarteto original permanecem o [&#8230;]<\/p>\n","protected":false},"author":9,"featured_media":0,"comment_status":"open","ping_status":"open","sticky":false,"template":"","format":"standard","meta":{"footnotes":""},"categories":[116],"tags":[10692],"class_list":["post-1716","post","type-post","status-publish","format-standard","hentry","category-blog","tag-palavrantiga"],"_links":{"self":[{"href":"https:\/\/ultimato.com.br\/sites\/carlinhosveiga\/wp-json\/wp\/v2\/posts\/1716","targetHints":{"allow":["GET"]}}],"collection":[{"href":"https:\/\/ultimato.com.br\/sites\/carlinhosveiga\/wp-json\/wp\/v2\/posts"}],"about":[{"href":"https:\/\/ultimato.com.br\/sites\/carlinhosveiga\/wp-json\/wp\/v2\/types\/post"}],"author":[{"embeddable":true,"href":"https:\/\/ultimato.com.br\/sites\/carlinhosveiga\/wp-json\/wp\/v2\/users\/9"}],"replies":[{"embeddable":true,"href":"https:\/\/ultimato.com.br\/sites\/carlinhosveiga\/wp-json\/wp\/v2\/comments?post=1716"}],"version-history":[{"count":2,"href":"https:\/\/ultimato.com.br\/sites\/carlinhosveiga\/wp-json\/wp\/v2\/posts\/1716\/revisions"}],"predecessor-version":[{"id":1721,"href":"https:\/\/ultimato.com.br\/sites\/carlinhosveiga\/wp-json\/wp\/v2\/posts\/1716\/revisions\/1721"}],"wp:attachment":[{"href":"https:\/\/ultimato.com.br\/sites\/carlinhosveiga\/wp-json\/wp\/v2\/media?parent=1716"}],"wp:term":[{"taxonomy":"category","embeddable":true,"href":"https:\/\/ultimato.com.br\/sites\/carlinhosveiga\/wp-json\/wp\/v2\/categories?post=1716"},{"taxonomy":"post_tag","embeddable":true,"href":"https:\/\/ultimato.com.br\/sites\/carlinhosveiga\/wp-json\/wp\/v2\/tags?post=1716"}],"curies":[{"name":"wp","href":"https:\/\/api.w.org\/{rel}","templated":true}]}}