{"id":1699,"date":"2017-12-22T15:11:57","date_gmt":"2017-12-22T18:11:57","guid":{"rendered":"http:\/\/ultimato.com.br\/sites\/carlinhosveiga\/?p=1699"},"modified":"2017-12-22T15:14:02","modified_gmt":"2017-12-22T18:14:02","slug":"acolhimento-natalino","status":"publish","type":"post","link":"https:\/\/ultimato.com.br\/sites\/carlinhosveiga\/2017\/12\/22\/acolhimento-natalino\/","title":{"rendered":"Acolhimento Natalino"},"content":{"rendered":"<p>\u00c9 v\u00e9spera de Natal. Neste domingo as igrejas que seguem o calend\u00e1rio lit\u00fargico acender\u00e3o a quarta e \u00faltima vela do Advento: a vela do acolhimento. Somos convidados a acolher a Jesus e a celebrar a solenidade de seu nascimento. A vinda de Jesus, o Verbo Encarnado, que trouxe ao mundo perdido nas trevas do pecado a luz que liberta homem de sua angustiante pris\u00e3o.<\/p>\n<p>A pergunta que me vem \u00e0 mente \u00e9 a seguinte: como acolherei o Natal? Os personagens b\u00edblicos tiveram, cada qual, experi\u00eancias distintas na noite do nascimento de Jesus. Os pastores viram o Anjo e a mil\u00edcia angelical adorando a Deus em retumbante gl\u00f3ria. Ficaram aterrorizados (Lc 2.9). Mas, depois que os seres celestiais lhes revelaram o local onde Maria e Jos\u00e9 cuidavam do rec\u00e9m nascido, ao verem o menino, voltaram glorificando e louvando a Deus (Lc 2.20). Gl\u00f3ria e louvor!<\/p>\n<p>Os magos do Oriente viajaram longos dias seguindo uma estrela que lhes servira como sinal de Deus. Um misto de revela\u00e7\u00e3o natural com revela\u00e7\u00e3o especial, orienta\u00e7\u00e3o divina por meio da natureza com verdades apreendidas nas profecias b\u00edblicas dos antigos profetas. Chegaram para visitar o Rei dos reis, como seria natural, em Jerusal\u00e9m, cidade dos pal\u00e1cios e do poder (Mt 2.1). Mas a l\u00f3gica humana estava equivocada. O menino se encontrava num est\u00e1bulo da pequenina e insignificante Bel\u00e9m. Era para l\u00e1 que a estrela apontava. Obedientes os reis do Oriente, se dirigiram \u00e0 humilde gruta e ofereceram seus tesouros a Jesus, adorando-o prostrados (Mt 2.11). Rever\u00eancia e adora\u00e7\u00e3o!<\/p>\n<p>O rei Herodes, tamb\u00e9m teve sua rela\u00e7\u00e3o com o menino Jesus. Por mais que dissesse aos magos que tamb\u00e9m queria ador\u00e1-lo, seu sentimento e desejo foi totalmente outro. Ao saber que Jesus era o Rei dos Judeus, prometido por meio das Escrituras, procurou de todas as formas tirar a vida daquela crian\u00e7a. Sentia-se inseguro, imaginando que um novo l\u00edder amea\u00e7aria a sua gl\u00f3ria e posi\u00e7\u00e3o de realeza. Recebeu a revela\u00e7\u00e3o mas, diferentemente, n\u00e3o ofereceu adora\u00e7\u00e3o. Amea\u00e7a e desprezo!<\/p>\n<p>Qual sentimento nos move esta data? Encontramo-nos para oferecer reverentemente adora\u00e7\u00e3o e louvor ao Filho de Deus \u2013 Jesus Cristo? Ou a sua gl\u00f3ria e o seu Reino amea\u00e7am nossos anseios, projetos e desejos? O que o Natal de Jesus realmente evoca em n\u00f3s?<\/p>\n<p>Que neste dia voltemos mentes e cora\u00e7\u00f5es para considerar sobre a vida que idealizamos, nossos anseios e expectativas. Que as reflex\u00f5es pr\u00f3prias dessa \u00e9poca do ano direcionem nossas vidas no novo ano que se avizinha, assim como a estrela direcionou os magos ao lugar correto \u2013 a presen\u00e7a de Jesus. Gl\u00f3ria a Deus!<\/p>\n<p>Um Feliz Natal!<\/p>\n","protected":false},"excerpt":{"rendered":"<p>\u00c9 v\u00e9spera de Natal. Neste domingo as igrejas que seguem o calend\u00e1rio lit\u00fargico acender\u00e3o a quarta e \u00faltima vela do Advento: a vela do acolhimento. Somos convidados a acolher a Jesus e a celebrar a solenidade de seu nascimento. A vinda de Jesus, o Verbo Encarnado, que trouxe ao mundo perdido nas trevas do pecado [&#8230;]<\/p>\n","protected":false},"author":9,"featured_media":1700,"comment_status":"open","ping_status":"open","sticky":false,"template":"","format":"standard","meta":{"footnotes":""},"categories":[114],"tags":[147,82],"class_list":["post-1699","post","type-post","status-publish","format-standard","has-post-thumbnail","hentry","category-artigos","tag-jesus-cristo","tag-natal"],"_links":{"self":[{"href":"https:\/\/ultimato.com.br\/sites\/carlinhosveiga\/wp-json\/wp\/v2\/posts\/1699","targetHints":{"allow":["GET"]}}],"collection":[{"href":"https:\/\/ultimato.com.br\/sites\/carlinhosveiga\/wp-json\/wp\/v2\/posts"}],"about":[{"href":"https:\/\/ultimato.com.br\/sites\/carlinhosveiga\/wp-json\/wp\/v2\/types\/post"}],"author":[{"embeddable":true,"href":"https:\/\/ultimato.com.br\/sites\/carlinhosveiga\/wp-json\/wp\/v2\/users\/9"}],"replies":[{"embeddable":true,"href":"https:\/\/ultimato.com.br\/sites\/carlinhosveiga\/wp-json\/wp\/v2\/comments?post=1699"}],"version-history":[{"count":2,"href":"https:\/\/ultimato.com.br\/sites\/carlinhosveiga\/wp-json\/wp\/v2\/posts\/1699\/revisions"}],"predecessor-version":[{"id":1702,"href":"https:\/\/ultimato.com.br\/sites\/carlinhosveiga\/wp-json\/wp\/v2\/posts\/1699\/revisions\/1702"}],"wp:featuredmedia":[{"embeddable":true,"href":"https:\/\/ultimato.com.br\/sites\/carlinhosveiga\/wp-json\/wp\/v2\/media\/1700"}],"wp:attachment":[{"href":"https:\/\/ultimato.com.br\/sites\/carlinhosveiga\/wp-json\/wp\/v2\/media?parent=1699"}],"wp:term":[{"taxonomy":"category","embeddable":true,"href":"https:\/\/ultimato.com.br\/sites\/carlinhosveiga\/wp-json\/wp\/v2\/categories?post=1699"},{"taxonomy":"post_tag","embeddable":true,"href":"https:\/\/ultimato.com.br\/sites\/carlinhosveiga\/wp-json\/wp\/v2\/tags?post=1699"}],"curies":[{"name":"wp","href":"https:\/\/api.w.org\/{rel}","templated":true}]}}