{"id":1680,"date":"2017-09-01T18:20:41","date_gmt":"2017-09-01T21:20:41","guid":{"rendered":"http:\/\/ultimato.com.br\/sites\/carlinhosveiga\/?p=1680"},"modified":"2017-09-01T18:22:13","modified_gmt":"2017-09-01T21:22:13","slug":"e-aconteceu-o-primeiro-sarau-da-confraria-violeira","status":"publish","type":"post","link":"https:\/\/ultimato.com.br\/sites\/carlinhosveiga\/2017\/09\/01\/e-aconteceu-o-primeiro-sarau-da-confraria-violeira\/","title":{"rendered":"E aconteceu o primeiro sarau da Confraria Violeira"},"content":{"rendered":"<p><a href=\"http:\/\/ultimato.com.br\/sites\/carlinhosveiga\/files\/image3.jpg\"><img loading=\"lazy\" decoding=\"async\" class=\"alignleft size-medium wp-image-1686\" src=\"http:\/\/ultimato.com.br\/sites\/carlinhosveiga\/files\/image3-300x143.jpg\" alt=\"\" width=\"300\" height=\"143\" srcset=\"https:\/\/ultimato.com.br\/sites\/carlinhosveiga\/files\/image3-300x143.jpg 300w, https:\/\/ultimato.com.br\/sites\/carlinhosveiga\/files\/image3-768x365.jpg 768w, https:\/\/ultimato.com.br\/sites\/carlinhosveiga\/files\/image3-1024x487.jpg 1024w, https:\/\/ultimato.com.br\/sites\/carlinhosveiga\/files\/image3-732x348.jpg 732w, https:\/\/ultimato.com.br\/sites\/carlinhosveiga\/files\/image3-1140x542.jpg 1140w, https:\/\/ultimato.com.br\/sites\/carlinhosveiga\/files\/image3.jpg 2048w\" sizes=\"auto, (max-width: 300px) 100vw, 300px\" \/><\/a>Foi numa sexta-feira de agosto. Para ser mais exato, no dia 18 de agosto de 2017, no audit\u00f3rio do Semin\u00e1rio Servo de Cristo, Vila Mariana, em S\u00e3o Paulo. Anualmente, desde 2012, ensino nessa institui\u00e7\u00e3o sobre temas como Arte, Cultura, Miss\u00e3o e B\u00edblia. Com o passar dos anos introduzi num dos dias da semana do curso, um sarau art\u00edstico, onde artistas s\u00e3o convidados a interagir com os alunos.<\/p>\n<p>Em 2017 inovei ao convidar a rec\u00e9m criada Confraria Violeira para uma apresenta\u00e7\u00e3o. Seria um evento \u00edmpar: um grupo violeiros crist\u00e3os apresentando can\u00e7\u00f5es regionais com a viola caipira nas instala\u00e7\u00f5es de um semin\u00e1rio. E de fato foi uma noite fant\u00e1stica.<\/p>\n<p>A meu convite, estiveram presentes os violeiros Cristiano Scuciatto, Marco Neves, Ramon Vieira, Renan Alencar, Saulo Calantone, Vav\u00e1 Rodrigues e Vitor Quevedo, e alguns m\u00fasicos acompanhantes. O ambiente foi decorado pela artista pl\u00e1stica Lisa Cl\u00e1udia com elementos que remetiam ao campo, festas do interior e fazendas. O artista Anderson Monteiro, pintou um bel\u00edssimo quadro enquanto as m\u00fasicas eram apresentadas.<\/p>\n<div id=\"attachment_1687\" style=\"width: 310px\" class=\"wp-caption alignleft\"><a href=\"http:\/\/ultimato.com.br\/sites\/carlinhosveiga\/files\/image4.jpg\"><img loading=\"lazy\" decoding=\"async\" aria-describedby=\"caption-attachment-1687\" class=\"wp-image-1687 size-medium\" src=\"http:\/\/ultimato.com.br\/sites\/carlinhosveiga\/files\/image4-300x186.jpg\" alt=\"\" width=\"300\" height=\"186\" srcset=\"https:\/\/ultimato.com.br\/sites\/carlinhosveiga\/files\/image4-300x186.jpg 300w, https:\/\/ultimato.com.br\/sites\/carlinhosveiga\/files\/image4-768x476.jpg 768w, https:\/\/ultimato.com.br\/sites\/carlinhosveiga\/files\/image4-1024x635.jpg 1024w, https:\/\/ultimato.com.br\/sites\/carlinhosveiga\/files\/image4-732x454.jpg 732w, https:\/\/ultimato.com.br\/sites\/carlinhosveiga\/files\/image4-1140x707.jpg 1140w\" sizes=\"auto, (max-width: 300px) 100vw, 300px\" \/><\/a><p id=\"caption-attachment-1687\" class=\"wp-caption-text\">Quadro Confraria Violeira, de autoria de Anderson Monteiro<\/p><\/div>\n<p>O repert\u00f3rio era uma mescla de m\u00fasicas autorais, cl\u00e1ssicos da m\u00fasica caipira e instrumentais. Destaco aqui as novas composi\u00e7\u00f5es que surgiram depois que a Confraria foi formada. A id\u00e9ia que se tem \u00e9 esses encontros tem servido como verdadeira fonte de inspira\u00e7\u00e3o e sinergia para novos poemas, m\u00fasicas, textos, outras express\u00f5es de arte e, quem sabe, em breve novos CDs, eventos e livros.<\/p>\n<p>O sarau atraiu um bom n\u00famero de interessados. Esperamos que em breve outros encontros aconte\u00e7am e que o movimento seja fortalecido com a chegada de outros violeiros, pois a folia est\u00e1 apenas come\u00e7ando.<\/p>\n<p>&nbsp;<\/p>\n<p>&nbsp;<\/p>\n<div id=\"attachment_1684\" style=\"width: 310px\" class=\"wp-caption alignleft\"><a href=\"http:\/\/ultimato.com.br\/sites\/carlinhosveiga\/files\/17.jpeg\"><img loading=\"lazy\" decoding=\"async\" aria-describedby=\"caption-attachment-1684\" class=\"wp-image-1684 size-medium\" src=\"http:\/\/ultimato.com.br\/sites\/carlinhosveiga\/files\/17-300x225.jpeg\" alt=\"\" width=\"300\" height=\"225\" srcset=\"https:\/\/ultimato.com.br\/sites\/carlinhosveiga\/files\/17-300x225.jpeg 300w, https:\/\/ultimato.com.br\/sites\/carlinhosveiga\/files\/17-768x576.jpeg 768w, https:\/\/ultimato.com.br\/sites\/carlinhosveiga\/files\/17-1024x768.jpeg 1024w, https:\/\/ultimato.com.br\/sites\/carlinhosveiga\/files\/17-732x549.jpeg 732w, https:\/\/ultimato.com.br\/sites\/carlinhosveiga\/files\/17-1140x855.jpeg 1140w, https:\/\/ultimato.com.br\/sites\/carlinhosveiga\/files\/17.jpeg 1280w\" sizes=\"auto, (max-width: 300px) 100vw, 300px\" \/><\/a><p id=\"caption-attachment-1684\" class=\"wp-caption-text\">Renan Alencar, Saulo Calantone e grupo<\/p><\/div>\n<p>&nbsp;<\/p>\n<p>&nbsp;<\/p>\n<p>&nbsp;<\/p>\n<p>&nbsp;<\/p>\n<p>&nbsp;<\/p>\n<p>&nbsp;<\/p>\n<p>&nbsp;<\/p>\n<p>&nbsp;<\/p>\n<p>&nbsp;<\/p>\n<p>&nbsp;<\/p>\n<div id=\"attachment_1681\" style=\"width: 310px\" class=\"wp-caption alignleft\"><a href=\"http:\/\/ultimato.com.br\/sites\/carlinhosveiga\/files\/1.jpeg\"><img loading=\"lazy\" decoding=\"async\" aria-describedby=\"caption-attachment-1681\" class=\"wp-image-1681 size-medium\" src=\"http:\/\/ultimato.com.br\/sites\/carlinhosveiga\/files\/1-300x225.jpeg\" alt=\"\" width=\"300\" height=\"225\" srcset=\"https:\/\/ultimato.com.br\/sites\/carlinhosveiga\/files\/1-300x225.jpeg 300w, https:\/\/ultimato.com.br\/sites\/carlinhosveiga\/files\/1-768x576.jpeg 768w, https:\/\/ultimato.com.br\/sites\/carlinhosveiga\/files\/1-1024x768.jpeg 1024w, https:\/\/ultimato.com.br\/sites\/carlinhosveiga\/files\/1-732x549.jpeg 732w, https:\/\/ultimato.com.br\/sites\/carlinhosveiga\/files\/1-1140x855.jpeg 1140w, https:\/\/ultimato.com.br\/sites\/carlinhosveiga\/files\/1.jpeg 1280w\" sizes=\"auto, (max-width: 300px) 100vw, 300px\" \/><\/a><p id=\"caption-attachment-1681\" class=\"wp-caption-text\">No sagu\u00e3o de entrada do Servo de Cristo<\/p><\/div>\n","protected":false},"excerpt":{"rendered":"<p>Foi numa sexta-feira de agosto. Para ser mais exato, no dia 18 de agosto de 2017, no audit\u00f3rio do Semin\u00e1rio Servo de Cristo, Vila Mariana, em S\u00e3o Paulo. Anualmente, desde 2012, ensino nessa institui\u00e7\u00e3o sobre temas como Arte, Cultura, Miss\u00e3o e B\u00edblia. Com o passar dos anos introduzi num dos dias da semana do curso, [&#8230;]<\/p>\n","protected":false},"author":9,"featured_media":1685,"comment_status":"open","ping_status":"open","sticky":false,"template":"","format":"standard","meta":{"footnotes":""},"categories":[116],"tags":[32389,24321,21791,11368],"class_list":["post-1680","post","type-post","status-publish","format-standard","has-post-thumbnail","hentry","category-blog","tag-confraria-violeira","tag-musica-regional","tag-servo-de-cristo","tag-viola-caipira"],"_links":{"self":[{"href":"https:\/\/ultimato.com.br\/sites\/carlinhosveiga\/wp-json\/wp\/v2\/posts\/1680","targetHints":{"allow":["GET"]}}],"collection":[{"href":"https:\/\/ultimato.com.br\/sites\/carlinhosveiga\/wp-json\/wp\/v2\/posts"}],"about":[{"href":"https:\/\/ultimato.com.br\/sites\/carlinhosveiga\/wp-json\/wp\/v2\/types\/post"}],"author":[{"embeddable":true,"href":"https:\/\/ultimato.com.br\/sites\/carlinhosveiga\/wp-json\/wp\/v2\/users\/9"}],"replies":[{"embeddable":true,"href":"https:\/\/ultimato.com.br\/sites\/carlinhosveiga\/wp-json\/wp\/v2\/comments?post=1680"}],"version-history":[{"count":10,"href":"https:\/\/ultimato.com.br\/sites\/carlinhosveiga\/wp-json\/wp\/v2\/posts\/1680\/revisions"}],"predecessor-version":[{"id":1697,"href":"https:\/\/ultimato.com.br\/sites\/carlinhosveiga\/wp-json\/wp\/v2\/posts\/1680\/revisions\/1697"}],"wp:featuredmedia":[{"embeddable":true,"href":"https:\/\/ultimato.com.br\/sites\/carlinhosveiga\/wp-json\/wp\/v2\/media\/1685"}],"wp:attachment":[{"href":"https:\/\/ultimato.com.br\/sites\/carlinhosveiga\/wp-json\/wp\/v2\/media?parent=1680"}],"wp:term":[{"taxonomy":"category","embeddable":true,"href":"https:\/\/ultimato.com.br\/sites\/carlinhosveiga\/wp-json\/wp\/v2\/categories?post=1680"},{"taxonomy":"post_tag","embeddable":true,"href":"https:\/\/ultimato.com.br\/sites\/carlinhosveiga\/wp-json\/wp\/v2\/tags?post=1680"}],"curies":[{"name":"wp","href":"https:\/\/api.w.org\/{rel}","templated":true}]}}