{"id":1635,"date":"2017-04-19T19:12:00","date_gmt":"2017-04-19T22:12:00","guid":{"rendered":"http:\/\/ultimato.com.br\/sites\/carlinhosveiga\/?p=1635"},"modified":"2017-04-20T08:49:23","modified_gmt":"2017-04-20T11:49:23","slug":"o-som-do-ceu-esta-de-volta","status":"publish","type":"post","link":"https:\/\/ultimato.com.br\/sites\/carlinhosveiga\/2017\/04\/19\/o-som-do-ceu-esta-de-volta\/","title":{"rendered":"O Som do C\u00e9u est\u00e1 de volta!"},"content":{"rendered":"<p>Depois de dois anos hibernando, o Som do C\u00e9u voltou em 2017 com novidades. Realizado nos dias 13 a 16 de abril, retornou numa roupagem diferente voltada para o p\u00fablico jovem e adolescente. Isso sem desconsiderar seus fi\u00e9is seguidores de anos, os quarent\u00f5es e cinquent\u00f5es, sempre presentes.<\/p>\n<div id=\"attachment_1638\" style=\"width: 310px\" class=\"wp-caption alignleft\"><a href=\"http:\/\/ultimato.com.br\/sites\/carlinhosveiga\/files\/2017\/04\/Rebanh\u00e3o2.jpg\"><img loading=\"lazy\" decoding=\"async\" aria-describedby=\"caption-attachment-1638\" class=\"wp-image-1638 size-medium\" src=\"http:\/\/ultimato.com.br\/sites\/carlinhosveiga\/files\/2017\/04\/Rebanh\u00e3o2-300x190.jpg\" alt=\"\" width=\"300\" height=\"190\" srcset=\"https:\/\/ultimato.com.br\/sites\/carlinhosveiga\/files\/2017\/04\/Rebanh\u00e3o2-300x190.jpg 300w, https:\/\/ultimato.com.br\/sites\/carlinhosveiga\/files\/2017\/04\/Rebanh\u00e3o2-768x487.jpg 768w, https:\/\/ultimato.com.br\/sites\/carlinhosveiga\/files\/2017\/04\/Rebanh\u00e3o2-150x95.jpg 150w, https:\/\/ultimato.com.br\/sites\/carlinhosveiga\/files\/2017\/04\/Rebanh\u00e3o2.jpg 960w\" sizes=\"auto, (max-width: 300px) 100vw, 300px\" \/><\/a><p id=\"caption-attachment-1638\" class=\"wp-caption-text\">O Rebanh\u00e3o apresentou seus antigos sucessos<\/p><\/div>\n<p>A grande mudan\u00e7a nesta edi\u00e7\u00e3o foi a descentraliza\u00e7\u00e3o dos shows, que antes aconteciam somente na tenda do circo ou na capela do Acampamento da MPC, em S\u00e3o Sebasti\u00e3o das \u00c1guas Claras (Macacos). Para este ano, as reuni\u00f5es matutinas, que inclu\u00edam os caf\u00e9s da manh\u00e3 com estudos b\u00edblicos, workshops e almo\u00e7os musicais, continuaram no acampamento. Os shows foram todos transferidos para o Teatro Izabela Hendrix, nas proximidades da Pra\u00e7a da Liberdade, em BH. Come\u00e7avam \u00e0s 15h se estendendo at\u00e9 as 22h. Se por um lado trouxe algumas inconveni\u00eancias log\u00edsticas para os que estavam hospedados no acampamento, por outro apresentou vantagens: a melhoria na qualidade do som por conta do ambiente, o conforto dos assentos, al\u00e9m atrair o p\u00fablico da cidade que p\u00f4de escolher assistir somente os artistas preferidos.<\/p>\n<p>O Som do C\u00e9u come\u00e7ou na quinta-feira, 13, com o show do grupo Rebanh\u00e3o, relembrando seus 35 anos de caminhada. Estavam no palco o trio Carlinhos F\u00e9lix, Paulinho Marotta e Pedro Braconnot, que ao lado de Janires Manso e Kandell Rocha, no in\u00edcio da d\u00e9cada de 1980, encabe\u00e7aram uma revolu\u00e7\u00e3o na musica crist\u00e3 jovem. No repert\u00f3rio m\u00fasicas consagradas como Princ\u00edpio, Muro de Pedra, Selo do Perd\u00e3o, Hoje sou feliz, Primeiro amor, Bai\u00e3o, entre outras. O teatro estava lotado, especialmente de saudosistas deste grupo que pisou in\u00fameras vezes o palco do Som do C\u00e9u nos anos 80 e 90.<\/p>\n<div id=\"attachment_1639\" style=\"width: 310px\" class=\"wp-caption alignright\"><a href=\"http:\/\/ultimato.com.br\/sites\/carlinhosveiga\/files\/2017\/04\/Scardini-e-Caldeira1.jpg\"><img loading=\"lazy\" decoding=\"async\" aria-describedby=\"caption-attachment-1639\" class=\"wp-image-1639 size-medium\" src=\"http:\/\/ultimato.com.br\/sites\/carlinhosveiga\/files\/2017\/04\/Scardini-e-Caldeira1-300x225.jpg\" alt=\"\" width=\"300\" height=\"225\" srcset=\"https:\/\/ultimato.com.br\/sites\/carlinhosveiga\/files\/2017\/04\/Scardini-e-Caldeira1-300x225.jpg 300w, https:\/\/ultimato.com.br\/sites\/carlinhosveiga\/files\/2017\/04\/Scardini-e-Caldeira1-768x576.jpg 768w, https:\/\/ultimato.com.br\/sites\/carlinhosveiga\/files\/2017\/04\/Scardini-e-Caldeira1-1024x768.jpg 1024w, https:\/\/ultimato.com.br\/sites\/carlinhosveiga\/files\/2017\/04\/Scardini-e-Caldeira1-150x113.jpg 150w, https:\/\/ultimato.com.br\/sites\/carlinhosveiga\/files\/2017\/04\/Scardini-e-Caldeira1.jpg 1632w\" sizes=\"auto, (max-width: 300px) 100vw, 300px\" \/><\/a><p id=\"caption-attachment-1639\" class=\"wp-caption-text\">Scardini e Caldeira pela primeira vez no Som do C\u00e9u<\/p><\/div>\n<p>Na sexta, 14, pela manh\u00e3 aconteceu no acampamento o lan\u00e7amento do livro \u201cO Caf\u00e9 da Transfigura\u00e7\u00e3o\u201d, de Marcelo Gualberto e a apresenta\u00e7\u00e3o musical do grupo Terno e Saia. Daniel Caldeira &amp; Guilherme Scardini abriram os shows da tarde no teatro, apresentando can\u00e7\u00f5es autorais e contando com a vibra\u00e7\u00e3o do p\u00fablico presente. Na sequ\u00eancia o Trio Tuyo apresentou seu trabalho, que foi descrito por eles como um show minimalista. As vozes das irm\u00e3s Lilian e Layane acompanhadas pelo viol\u00e3o tecnol\u00f3gico de Jean arrancaram aplausos de todos. A noite contou com o viol\u00e3o e a voz harmoniosos de Gerson Borges, sempre muito preciso e talentoso, e o carisma de Lorena Chaves acompanhada de uma super banda.<\/p>\n<p>A manh\u00e3 de s\u00e1bado, 15, foi de estudos, workshops e o almo\u00e7o musical com o Trio Tuyo, Daniel e Guilherme. A tarde foi iniciada pelo Terno e Saia, um grupo do interior do Paran\u00e1, que lan\u00e7ou o CD \u201cVolume Dois\u201d, num show bonito e diversificado. No palco os seis m\u00fasicos se revezavam em mais de uma dezena de instrumentos ac\u00fasticos e eletr\u00f4nicos espalhados. A \u00faltima m\u00fasica apresentada, \u201cCalmo, sereno e tranquilo\u201d, teve a participa\u00e7\u00e3o de Jo\u00e3o Alexandre que fez o show na sequ\u00eancia. Jo\u00e3o foi um dos representantes dos \u201cjur\u00e1ssicos\u201d do Som do C\u00e9u deste ano, ao lado do Rebanh\u00e3o. Representou a hist\u00f3ria desses mais de 30 anos do evento. Acompanhado de seu insepar\u00e1vel viol\u00e3o, desfilou can\u00e7\u00f5es antigas, algumas MPBs, recheando o repert\u00f3rio com causos e dicas aos m\u00fasicos. Sua esposa Tirza participou em algumas m\u00fasicas.<\/p>\n<div id=\"attachment_1636\" style=\"width: 310px\" class=\"wp-caption alignleft\"><a href=\"http:\/\/ultimato.com.br\/sites\/carlinhosveiga\/files\/2017\/04\/Gerson-Borges.jpg\"><img loading=\"lazy\" decoding=\"async\" aria-describedby=\"caption-attachment-1636\" class=\"wp-image-1636 size-medium\" src=\"http:\/\/ultimato.com.br\/sites\/carlinhosveiga\/files\/2017\/04\/Gerson-Borges-300x190.jpg\" alt=\"\" width=\"300\" height=\"190\" srcset=\"https:\/\/ultimato.com.br\/sites\/carlinhosveiga\/files\/2017\/04\/Gerson-Borges-300x190.jpg 300w, https:\/\/ultimato.com.br\/sites\/carlinhosveiga\/files\/2017\/04\/Gerson-Borges-768x487.jpg 768w, https:\/\/ultimato.com.br\/sites\/carlinhosveiga\/files\/2017\/04\/Gerson-Borges-150x95.jpg 150w, https:\/\/ultimato.com.br\/sites\/carlinhosveiga\/files\/2017\/04\/Gerson-Borges.jpg 960w\" sizes=\"auto, (max-width: 300px) 100vw, 300px\" \/><\/a><p id=\"caption-attachment-1636\" class=\"wp-caption-text\">O show envolvente de Gerson Borges<\/p><\/div>\n<p>A noite de s\u00e1bado talvez tenha reunido o maior p\u00fablico do evento. Erlon Lemos subiu ao palco para um show aut\u00eantico de rock e blues, acompanhado de um trio da pesada. Al\u00e9m de cantar can\u00e7\u00f5es autorais, relembrou cl\u00e1ssicos da m\u00fasica crist\u00e3, homenageando Nelson Bomilcar. A noite foi encerrada com Marcos Almeida e o show \u201cSarau\u201d, nome de seu \u00faltimo CD. Acompanhado apenas do viol\u00e3o, alguns pedais de efeitos e um bumbo de bateria, Marcos envolveu o p\u00fablico presente que cantou animadamente as can\u00e7\u00f5es.<\/p>\n<p>O Som do C\u00e9u foi encerrado na manh\u00e3 da P\u00e1scoa no acampamento com a apresenta\u00e7\u00e3o do Terno e Saia e a santa ceia conduzida pelo pastor Marcelo Gualberto, idealizador e diretor do evento.<\/p>\n<p>Os presentes sa\u00edram dali na expectativa de que o Som ganhe f\u00f4lego e prossiga firme. Um evento que caminha h\u00e1 mais de 30 anos n\u00e3o pode parar. Ele n\u00e3o apenas ajudou a escrever as linhas das artes crist\u00e3s no Brasil, lan\u00e7ando nomes e fomentando a criatividade de tantos no passado. Ele tem ainda muito a contribuir para o reino de Deus, como seu instrumento na constru\u00e7\u00e3o de um novo futuro de justi\u00e7a e paz, por meio das suas armas: o Evangelho e as artes. Que Deus continue dando longevidade ao Som do C\u00e9u!<\/p>\n","protected":false},"excerpt":{"rendered":"<p>Depois de dois anos hibernando, o Som do C\u00e9u voltou em 2017 com novidades. Realizado nos dias 13 a 16 de abril, retornou numa roupagem diferente voltada para o p\u00fablico jovem e adolescente. Isso sem desconsiderar seus fi\u00e9is seguidores de anos, os quarent\u00f5es e cinquent\u00f5es, sempre presentes.<br \/>\nA grande mudan\u00e7a nesta edi\u00e7\u00e3o foi a descentraliza\u00e7\u00e3o dos [&#8230;]<\/p>\n","protected":false},"author":9,"featured_media":1637,"comment_status":"open","ping_status":"open","sticky":false,"template":"","format":"standard","meta":{"footnotes":""},"categories":[114],"tags":[6022],"class_list":["post-1635","post","type-post","status-publish","format-standard","has-post-thumbnail","hentry","category-artigos","tag-som-do-ceu"],"_links":{"self":[{"href":"https:\/\/ultimato.com.br\/sites\/carlinhosveiga\/wp-json\/wp\/v2\/posts\/1635","targetHints":{"allow":["GET"]}}],"collection":[{"href":"https:\/\/ultimato.com.br\/sites\/carlinhosveiga\/wp-json\/wp\/v2\/posts"}],"about":[{"href":"https:\/\/ultimato.com.br\/sites\/carlinhosveiga\/wp-json\/wp\/v2\/types\/post"}],"author":[{"embeddable":true,"href":"https:\/\/ultimato.com.br\/sites\/carlinhosveiga\/wp-json\/wp\/v2\/users\/9"}],"replies":[{"embeddable":true,"href":"https:\/\/ultimato.com.br\/sites\/carlinhosveiga\/wp-json\/wp\/v2\/comments?post=1635"}],"version-history":[{"count":3,"href":"https:\/\/ultimato.com.br\/sites\/carlinhosveiga\/wp-json\/wp\/v2\/posts\/1635\/revisions"}],"predecessor-version":[{"id":1644,"href":"https:\/\/ultimato.com.br\/sites\/carlinhosveiga\/wp-json\/wp\/v2\/posts\/1635\/revisions\/1644"}],"wp:featuredmedia":[{"embeddable":true,"href":"https:\/\/ultimato.com.br\/sites\/carlinhosveiga\/wp-json\/wp\/v2\/media\/1637"}],"wp:attachment":[{"href":"https:\/\/ultimato.com.br\/sites\/carlinhosveiga\/wp-json\/wp\/v2\/media?parent=1635"}],"wp:term":[{"taxonomy":"category","embeddable":true,"href":"https:\/\/ultimato.com.br\/sites\/carlinhosveiga\/wp-json\/wp\/v2\/categories?post=1635"},{"taxonomy":"post_tag","embeddable":true,"href":"https:\/\/ultimato.com.br\/sites\/carlinhosveiga\/wp-json\/wp\/v2\/tags?post=1635"}],"curies":[{"name":"wp","href":"https:\/\/api.w.org\/{rel}","templated":true}]}}