{"id":1623,"date":"2017-03-02T15:37:06","date_gmt":"2017-03-02T18:37:06","guid":{"rendered":"http:\/\/ultimato.com.br\/sites\/carlinhosveiga\/?p=1623"},"modified":"2017-03-02T15:37:06","modified_gmt":"2017-03-02T18:37:06","slug":"programa-novos-acordes-de-marco-e-abril","status":"publish","type":"post","link":"https:\/\/ultimato.com.br\/sites\/carlinhosveiga\/2017\/03\/02\/programa-novos-acordes-de-marco-e-abril\/","title":{"rendered":"Programa Novos Acordes de mar\u00e7o e abril"},"content":{"rendered":"<p>O programa Nov<a href=\"http:\/\/ultimato.com.br\/sites\/carlinhosveiga\/files\/2017\/03\/IMG_9029.jpg\"><img loading=\"lazy\" decoding=\"async\" class=\"alignleft size-medium wp-image-1624\" src=\"http:\/\/ultimato.com.br\/sites\/carlinhosveiga\/files\/2017\/03\/IMG_9029-300x300.jpg\" alt=\"\" width=\"300\" height=\"300\" srcset=\"https:\/\/ultimato.com.br\/sites\/carlinhosveiga\/files\/2017\/03\/IMG_9029-300x300.jpg 300w, https:\/\/ultimato.com.br\/sites\/carlinhosveiga\/files\/2017\/03\/IMG_9029-150x150.jpg 150w, https:\/\/ultimato.com.br\/sites\/carlinhosveiga\/files\/2017\/03\/IMG_9029-1024x1019.jpg 1024w, https:\/\/ultimato.com.br\/sites\/carlinhosveiga\/files\/2017\/03\/IMG_9029-64x64.jpg 64w, https:\/\/ultimato.com.br\/sites\/carlinhosveiga\/files\/2017\/03\/IMG_9029.jpg 1280w\" sizes=\"auto, (max-width: 300px) 100vw, 300px\" \/><\/a>os Acordes apresenta nessa edi\u00e7\u00e3o os CDs divulgados na revista Ultimato de Mar\u00e7o e Abril de 2017.<\/p>\n<p>Dessa vez apresentamos\u00a0os CDs &#8220;Poeta \u00e9 Deus&#8221; de Silvestre Kuhlmann, &#8220;Compromisso&#8221; de Cl\u00e1udio Ferre, e &#8220;Recome\u00e7o&#8221; de Di St\u00e9fanno.<\/p>\n<p>Esse programa visa ilustrar os releases apresentados na revista impressa. \u00c9 uma forma de dar som e cor ao texto.<\/p>\n<p>Em breve lan\u00e7aremos novos programas.<\/p>\n<p>&nbsp;<\/p>\n<p><iframe loading=\"lazy\" width=\"750\" height=\"400\" scrolling=\"no\" frameborder=\"no\" src=\"https:\/\/w.soundcloud.com\/player\/?visual=true&#038;url=https%3A%2F%2Fapi.soundcloud.com%2Ftracks%2F310368333&#038;show_artwork=true&#038;maxwidth=750&#038;maxheight=1000\"><\/iframe><\/p>\n<p>&nbsp;<\/p>\n","protected":false},"excerpt":{"rendered":"<p>O programa Novos Acordes apresenta nessa edi\u00e7\u00e3o os CDs divulgados na revista Ultimato de Mar\u00e7o e Abril de 2017.<br \/>\nDessa vez apresentamos\u00a0os CDs &#8220;Poeta \u00e9 Deus&#8221; de Silvestre Kuhlmann, &#8220;Compromisso&#8221; de Cl\u00e1udio Ferre, e &#8220;Recome\u00e7o&#8221; de Di St\u00e9fanno.<br \/>\nEsse programa visa ilustrar os releases apresentados na revista impressa. \u00c9 uma forma de dar som e cor ao [&#8230;]<\/p>\n","protected":false},"author":9,"featured_media":1624,"comment_status":"open","ping_status":"open","sticky":false,"template":"","format":"standard","meta":{"footnotes":""},"categories":[116],"tags":[32384],"class_list":["post-1623","post","type-post","status-publish","format-standard","has-post-thumbnail","hentry","category-blog","tag-programa-novos-acordes"],"_links":{"self":[{"href":"https:\/\/ultimato.com.br\/sites\/carlinhosveiga\/wp-json\/wp\/v2\/posts\/1623","targetHints":{"allow":["GET"]}}],"collection":[{"href":"https:\/\/ultimato.com.br\/sites\/carlinhosveiga\/wp-json\/wp\/v2\/posts"}],"about":[{"href":"https:\/\/ultimato.com.br\/sites\/carlinhosveiga\/wp-json\/wp\/v2\/types\/post"}],"author":[{"embeddable":true,"href":"https:\/\/ultimato.com.br\/sites\/carlinhosveiga\/wp-json\/wp\/v2\/users\/9"}],"replies":[{"embeddable":true,"href":"https:\/\/ultimato.com.br\/sites\/carlinhosveiga\/wp-json\/wp\/v2\/comments?post=1623"}],"version-history":[{"count":1,"href":"https:\/\/ultimato.com.br\/sites\/carlinhosveiga\/wp-json\/wp\/v2\/posts\/1623\/revisions"}],"predecessor-version":[{"id":1625,"href":"https:\/\/ultimato.com.br\/sites\/carlinhosveiga\/wp-json\/wp\/v2\/posts\/1623\/revisions\/1625"}],"wp:featuredmedia":[{"embeddable":true,"href":"https:\/\/ultimato.com.br\/sites\/carlinhosveiga\/wp-json\/wp\/v2\/media\/1624"}],"wp:attachment":[{"href":"https:\/\/ultimato.com.br\/sites\/carlinhosveiga\/wp-json\/wp\/v2\/media?parent=1623"}],"wp:term":[{"taxonomy":"category","embeddable":true,"href":"https:\/\/ultimato.com.br\/sites\/carlinhosveiga\/wp-json\/wp\/v2\/categories?post=1623"},{"taxonomy":"post_tag","embeddable":true,"href":"https:\/\/ultimato.com.br\/sites\/carlinhosveiga\/wp-json\/wp\/v2\/tags?post=1623"}],"curies":[{"name":"wp","href":"https:\/\/api.w.org\/{rel}","templated":true}]}}