{"id":1611,"date":"2017-01-16T12:54:30","date_gmt":"2017-01-16T15:54:30","guid":{"rendered":"http:\/\/ultimato.com.br\/sites\/carlinhosveiga\/?p=1611"},"modified":"2017-01-16T13:19:35","modified_gmt":"2017-01-16T16:19:35","slug":"um-conto-de-verao-em-familia","status":"publish","type":"post","link":"https:\/\/ultimato.com.br\/sites\/carlinhosveiga\/2017\/01\/16\/um-conto-de-verao-em-familia\/","title":{"rendered":"Um conto de ver\u00e3o em fam\u00edlia"},"content":{"rendered":"<p>\u201cU\u00e9&#8230; para onde foram eles?!?!\u201d \u2013 perguntou o burrico azul com olhar triste e orelha murcha.<\/p>\n<p>\u201cVoc\u00ea n\u00e3o ouviu as conversas desses \u00faltimos dias? Est\u00e3o viajando. S\u00f3 ficou o pai, aquele mais velho, grisalho e barrigudo\u201d \u2013 respondeu a princesa de cabelos cor-de-rosa e coroa dourada, a mais perspicaz das bonecas esquecidas. \u201cOntem aquela mulher engra\u00e7ada dos cabelos enrolados estava \u00e0 noite, aqui na sala, passando roupas enquanto assistia televis\u00e3o. Vi hoje bem cedo uns movimentos de malas. Acho que foram para a tal Belo Horizonte, segundo ouvi a filha dizendo para as amigas pelo celular. Ela foi ontem, um dia antes. Hoje foram a m\u00e3e e o filho mais novo, o alto e magro, o que s\u00f3 assiste esportes. O pai ficou sozinho\u201d.<\/p>\n<p>\u201cMas n\u00e3o \u00e9 deles que estou falando n\u00e3o. Esses sempre est\u00e3o aqui\u201d \u2013 retrucou nervosamente o burrico, confirmando as suspeitas dos sinais de bipolaridade. \u201cEu falo \u00e9 daquela menininha que brincava com a gente todos os dias. Aquela fofurinha, gordinha, lindinha&#8230; Como sinto falta dela&#8230;\u201d \u2013 fungou com tristeza o quadr\u00fapede de pel\u00facia.<\/p>\n<p>\u201cMaria&#8230; Maria&#8230; Esse \u00e9 o nome dela\u201d.<\/p>\n<p><a href=\"http:\/\/ultimato.com.br\/sites\/carlinhosveiga\/files\/2017\/01\/image1.jpg\"><img loading=\"lazy\" decoding=\"async\" class=\"alignleft size-medium wp-image-1612\" src=\"http:\/\/ultimato.com.br\/sites\/carlinhosveiga\/files\/2017\/01\/image1-300x225.jpg\" alt=\"\" width=\"300\" height=\"225\" srcset=\"https:\/\/ultimato.com.br\/sites\/carlinhosveiga\/files\/2017\/01\/image1-300x225.jpg 300w, https:\/\/ultimato.com.br\/sites\/carlinhosveiga\/files\/2017\/01\/image1-768x576.jpg 768w, https:\/\/ultimato.com.br\/sites\/carlinhosveiga\/files\/2017\/01\/image1-1024x768.jpg 1024w, https:\/\/ultimato.com.br\/sites\/carlinhosveiga\/files\/2017\/01\/image1-150x113.jpg 150w, https:\/\/ultimato.com.br\/sites\/carlinhosveiga\/files\/2017\/01\/image1.jpg 1632w\" sizes=\"auto, (max-width: 300px) 100vw, 300px\" \/><\/a> O intrometido na conversa, que parecida \u00edntimo da fam\u00edlia, n\u00e3o era ningu\u00e9m menos que o pequenino boneco de construtor da Lego. Ele se achava muito importante por ser um trabalhador na constru\u00e7\u00e3o civil. Com barba por fazer, capacete branco, roupas zebradas de amarelo e preto, parecendo uma fita que delimita zonas de perigo, ficava o tempo todo dando ordens. Embora fosse o menor de todos, achava-se o m\u00e1ximo. Os compridos cangaceiros de madeira que ficavam ao lado da televis\u00e3o j\u00e1 haviam dado o diagn\u00f3stico: aquela dureza toda era uma forma de compensa\u00e7\u00e3o pela baixa estatura. No entanto, a graciosa Maria havia conquistado o cora\u00e7\u00e3o do dur\u00e3o com suas longas e intermin\u00e1veis mordidas e babadas. As quinas duras do construtor era um prato cheio para aliviar as coceiras dos dentes por nascer da menina. Ele havia se tornado um dos brinquedos preferidos nos \u00faltimos dias.<\/p>\n<p>\u201cEla foi embora com seus pais de volta para a Inglaterra. Parece que \u00e9 um lugar muito longe&#8230; Mais longe do que o lugar de onde o burrico veio\u201d \u2013 disse o Lego para irritar o boneco que se gabava de ter vindo da Disney.<\/p>\n<p>\u201cPois \u00e9&#8230; ela e seus pais est\u00e3o fazendo uma falta, n\u00e9 n\u00e3o? Desde que chegaram a casa ficou cheia de alegria, movimentada. Voc\u00eas viram o tanto de outros brinquedos que apareceram? Cada dia chegavam novos amigos: a girafinha metida a besta, o gatinho gorducho, a M\u00f4nica que ficava dando uns olhares estranhos pra gente, um mont\u00e3o de mordedores. Veio brinquedo at\u00e9 do Camboja! E aquele tapete macio e colorido?!? Como tenho saudades dele&#8230; Depois que eles foram embora dobraram o pobre do tapete, colocaram na sacola e o deixaram ali no canto, encostado, tristonho\u201d.<\/p>\n<p>O burrico n\u00e3o se conformava com a situa\u00e7\u00e3o.<\/p>\n<p>\u201cRealmente eles fazem uma falta&#8230;\u201d \u2013 disse uma voz num tom bastante meloso, t\u00edpica de uma menina mimada.<\/p>\n<p>Todos riram nessa hora. Era a princesa se manifestando. Ela havia ficado algumas vezes muito contrariada com a menininha Maria. Achava que ia chegar chegando, arrasando, porque era de um tecido n\u00e3o al\u00e9rgico, toda maciazinha, com pernas e bra\u00e7os longos e bons de apertar. Al\u00e9m do mais era cor-de-rosa. Nenhuma menina, por mais novinha que fosse, resistiria a uma boneca cor-de-rosa. Ainda mais sendo uma princesa, com coroa de ouro, colar de p\u00e9rolas, pingente em cora\u00e7\u00e3o dourado e sapatilhas de bailarina.<\/p>\n<p>Pois bem. No dia que a princesa chegou, embalada como um belo presente, a menina simplesmente ignorou a boneca e ficou vidrada na etiqueta que veio presa a ela. Aquele peda\u00e7o de papel com os dizeres \u201cQuero ser a melhor amiguinha da&#8230;\u201d virou a sensa\u00e7\u00e3o da pequenina. O papel traz at\u00e9 hoje as marcas das mordidas dos seus dois \u00fanicos dentinhos. A princesa ficou indignada com aquele desprezo. Desde ent\u00e3o fechou os olhos, empinou o nariz e fingia n\u00e3o dar bola para a situa\u00e7\u00e3o.<\/p>\n<p>Mas um dia algu\u00e9m pegou a princesa e a fez dan\u00e7ar diante da menina, aproveitando os longos bra\u00e7os e pernas, num movimento de bailarina que encantou a garota. Ela ent\u00e3o soltou um grito e engatinhou \u00e0s pressas para pegar a boneca. A princesa naquela hora se derreteu todinha. Era tudo o que ela queria. Ser amiga da Maria. Orgulhosa como \u00e9, continuou com os olhos fechados mas, sem conseguir dominar seus sentimentos, abriu um sorriso de felicidade. A princesa virou outra desde aquele dia.<\/p>\n<p>Mas e agora?!?! A menina j\u00e1 n\u00e3o estava mais ali e levou consigo praticamente todos os brinquedos. S\u00f3 deixou o burrico azul, o Lego, o ratinho amarelo e&#8230; para o espanto de todos&#8230; a princesa cor-de-rosa. Ela n\u00e3o teria conquistado o cora\u00e7\u00e3o da menina?<\/p>\n<p>Por conta disso n\u00e3o parava de chorar. Na verdade, ela n\u00e3o era a \u00fanica. Praticamente todos os demais bonecos, o tapete macio e colorido, os sof\u00e1s, a televis\u00e3o, a mesa, o ber\u00e7o desmont\u00e1vel e os bisav\u00f3s, os av\u00f3s, os tios, os amigos, todos choravam a aus\u00eancia da menina Maria e dos seus pais. Foram uns poucos dias, mas eles haviam enchido a casa de uma alegria que h\u00e1 muito n\u00e3o se via por ali. Durante aquele m\u00eas aquele ambiente parecia ter recebido uma romaria, um entra e sai de amigos e parentes que vinham v\u00ea-los, abra\u00e7\u00e1-los e tomar a menina nos bra\u00e7os, nem que fosse por uns poucos minutos. Era uma festan\u00e7a intermin\u00e1vel!<\/p>\n<p>\u201cEu n\u00e3o imaginava o quanto eles s\u00e3o queridos! <em>Really<\/em>!!!\u201d \u2013 disse o ratinho que chegava das baixas temperaturas, n\u00e3o da Europa, mas da cozinha. Ele viera com os \u201cingleses\u201d de Cambridge em dezembro. Ficava o tempo todo na sala, junto aos outros bonecos. Mas, por um inexplic\u00e1vel acidente, acabou sendo esquecido na geladeira da cozinha. Isso mesmo&#8230; na geladeira. No outro dia cedo quando algu\u00e9m foi \u00e0 procura de um copo de suco, deu de cara com o amarelinho de orelhas cor-de-rosa e p\u00e9s azuis assentado no gradil do refrigerador. Ele estava curtindo bastante a temperatura mais baixa, parecida com o inverno europeu, bem diferente do insuport\u00e1vel ver\u00e3o brasiliense. Mas jamais imaginaria que seria deixado para tr\u00e1s.<\/p>\n<p>(Um detalhe: apesar de se gabar e posar de intelectual, morador de Cambridge, o rato havia sido fabricado na China, muito embora nunca admitisse isso. Mas bastava um olhar minucioso e logo toda farsa ca\u00eda por terra: de maneira quase impercept\u00edvel podia-se ler embaixo de sua base \u201cmade in China\u201d.)<\/p>\n<p>\u201cU\u00e9&#8230; por que voc\u00ea est\u00e1 dizendo isso, ratinho ingl\u00eas? Eles n\u00e3o tem amigos na Inglaterra? \u2013 perguntou surpreso o burrico.<\/p>\n<p>\u201c<em>Yes<\/em>! Claro que t\u00eam. Eles sempre se encontram para um <em>friendly relationship<\/em>. J\u00e1 receberam em casa <em>friends<\/em> japoneses que falam portugu\u00eas, um africano, portugueses, <em>english friends, <\/em>obviamente&#8230; e muitos outros. Isso al\u00e9m desse pessoal que mora aqui. Eles estiveram por l\u00e1 tamb\u00e9m. A <em>funny grandma with curly hair<\/em> j\u00e1 foi duas vezes. Os outros <em>grandparents<\/em> da Maria e outros tios e priminhas apareceram por l\u00e1 tamb\u00e9m. Mas de longe a casa de l\u00e1 tem o movimento que teve a casa daqui nesses dias. Era muita gente. <em>I&#8217;m very impressed!!!\u201d<\/em><\/p>\n<p>\u201cPois \u00e9, mas tudo agora acabou&#8230;\u201d \u2013 disse deprimido o burrico fungando o focinho r\u00f3seo.<\/p>\n<p>\u201cApesar de tudo o que ela me fez, sinto uma falta imensa da Maria\u201d \u2013 cooperou em l\u00e1grimas a orgulhosa princesa.<\/p>\n<p>\u201cAlto l\u00e1&#8230; parem com isso!!!\u201d \u2013 retrucou bravamente o Lego com olhar de quem n\u00e3o pede, mas ordena, como a funcion\u00e1rios sob sua ger\u00eancia. \u201cEles precisavam ir. Os pais da menina t\u00eam muito trabalho pela frente. \u00c9 com o trabalho que a gente cresce. O nosso apego \u00e0 pessoas e lugares n\u00e3o pode ser um atrapalho para que cres\u00e7amos. Se aprendemos a amar a Maria e seus pais de verdade, ent\u00e3o \u00e9 importante deix\u00e1-los ir. Para que construam novas experi\u00eancias e novos conhecimentos! Amor que engaiola n\u00e3o \u00e9 amor. \u00c9 pris\u00e3o!\u201d<\/p>\n<p>\u201c\u00c9 verdade, amigo Lego. <em>I agree with you<\/em>! Eles precisavam ir\u201d \u2013 guinchou o ratinho ingl\u00eas, j\u00e1 com a voz fraquinha, dando sinais que a pilha j\u00e1 estava quase no fim. \u201cEles precisavam ir&#8230; E eu, at\u00e9 que fiquei feliz de ter sido esquecido por aqui\u201d.<\/p>\n<p>Todos assustaram com aquela afirma\u00e7\u00e3o. O ratinho n\u00e3o teria saudades da menina e dos pais? N\u00e3o sentiria falta do pa\u00eds e das baixas temperaturas? E antes que algu\u00e9m dissesse algo, j\u00e1 foi explicando:<\/p>\n<p>\u201cEsses dias aqui foram maravilhosos. Eu via os tr\u00eas se preparando para a viagem e ficava imaginando: como deve ser esse sentimento de viver em uma fam\u00edlia maior? Eu percebia o amor dos tr\u00eas: do pai, da m\u00e3e e da menina. Vi como tudo foi acontecendo, desde o nascimento dela. No dia da viagem, pouco antes de fecharem a mala, me colocaram l\u00e1 dentro, junto com outros poucos brinquedos. Fui um dos escolhidos para ver essas coisas que vi aqui. Nesses dias aqui eu entendi um pouco mais do que seja amor. Um sentimento que a dist\u00e2ncia n\u00e3o apaga&#8230; ao contr\u00e1rio, \u00e0s vezes at\u00e9 inflama. Pude ver a maneira como os tios, que n\u00e3o conheciam a menina, a receberam, como se brincassem com ela todas manh\u00e3s desde o nascimento, como eu brinquei. Vi a alegria e os sorrisos da chegada e a tristeza e o choro da sa\u00edda. Mas vi tamb\u00e9m que o amor \u00e9 algo maior do que toda tristeza que fica. Essa passa, at\u00e9 o reencontro. E, pelo que vejo, ser\u00e1 em breve. Quem sabe, quando eles forem v\u00ea-los, me levam de volta pra casa. A\u00ed terei aprendido um pouco mais sobre o que \u00e9 amar, apesar da dist\u00e2ncia. <em>To love despite the distance<\/em>\u201d.<\/p>\n<p>Todos os bonecos estavam calados com l\u00e1grimas nos olhos. A televis\u00e3o tamb\u00e9m estava muda. S\u00f3 o barulho dos carros e motos do eixinho n\u00e3o paravam. O mundo l\u00e1 fora continuava correndo freneticamente. Eles n\u00e3o tinham tempo. A pressa e a correria os impedia de entender o que \u00e9 amar.<\/p>\n","protected":false},"excerpt":{"rendered":"<p>\u201cU\u00e9&#8230; para onde foram eles?!?!\u201d \u2013 perguntou o burrico azul com olhar triste e orelha murcha.<br \/>\n\u201cVoc\u00ea n\u00e3o ouviu as conversas desses \u00faltimos dias? Est\u00e3o viajando. S\u00f3 ficou o pai, aquele mais velho, grisalho e barrigudo\u201d \u2013 respondeu a princesa de cabelos cor-de-rosa e coroa dourada, a mais perspicaz das bonecas esquecidas. \u201cOntem aquela mulher engra\u00e7ada [&#8230;]<\/p>\n","protected":false},"author":9,"featured_media":1612,"comment_status":"open","ping_status":"open","sticky":false,"template":"","format":"standard","meta":{"footnotes":""},"categories":[116],"tags":[29157,32383],"class_list":["post-1611","post","type-post","status-publish","format-standard","has-post-thumbnail","hentry","category-blog","tag-conto","tag-verao-em-familia"],"_links":{"self":[{"href":"https:\/\/ultimato.com.br\/sites\/carlinhosveiga\/wp-json\/wp\/v2\/posts\/1611","targetHints":{"allow":["GET"]}}],"collection":[{"href":"https:\/\/ultimato.com.br\/sites\/carlinhosveiga\/wp-json\/wp\/v2\/posts"}],"about":[{"href":"https:\/\/ultimato.com.br\/sites\/carlinhosveiga\/wp-json\/wp\/v2\/types\/post"}],"author":[{"embeddable":true,"href":"https:\/\/ultimato.com.br\/sites\/carlinhosveiga\/wp-json\/wp\/v2\/users\/9"}],"replies":[{"embeddable":true,"href":"https:\/\/ultimato.com.br\/sites\/carlinhosveiga\/wp-json\/wp\/v2\/comments?post=1611"}],"version-history":[{"count":7,"href":"https:\/\/ultimato.com.br\/sites\/carlinhosveiga\/wp-json\/wp\/v2\/posts\/1611\/revisions"}],"predecessor-version":[{"id":1621,"href":"https:\/\/ultimato.com.br\/sites\/carlinhosveiga\/wp-json\/wp\/v2\/posts\/1611\/revisions\/1621"}],"wp:featuredmedia":[{"embeddable":true,"href":"https:\/\/ultimato.com.br\/sites\/carlinhosveiga\/wp-json\/wp\/v2\/media\/1612"}],"wp:attachment":[{"href":"https:\/\/ultimato.com.br\/sites\/carlinhosveiga\/wp-json\/wp\/v2\/media?parent=1611"}],"wp:term":[{"taxonomy":"category","embeddable":true,"href":"https:\/\/ultimato.com.br\/sites\/carlinhosveiga\/wp-json\/wp\/v2\/categories?post=1611"},{"taxonomy":"post_tag","embeddable":true,"href":"https:\/\/ultimato.com.br\/sites\/carlinhosveiga\/wp-json\/wp\/v2\/tags?post=1611"}],"curies":[{"name":"wp","href":"https:\/\/api.w.org\/{rel}","templated":true}]}}