{"id":1604,"date":"2016-12-23T16:28:53","date_gmt":"2016-12-23T19:28:53","guid":{"rendered":"http:\/\/ultimato.com.br\/sites\/carlinhosveiga\/?p=1604"},"modified":"2016-12-23T16:29:37","modified_gmt":"2016-12-23T19:29:37","slug":"ele-nasceu-para-morrer","status":"publish","type":"post","link":"https:\/\/ultimato.com.br\/sites\/carlinhosveiga\/2016\/12\/23\/ele-nasceu-para-morrer\/","title":{"rendered":"Ele nasceu para morrer"},"content":{"rendered":"<p>\u201cMas, quando chegou a plenitude do tempo, Deus enviou seu Filho, nascido de mulher, nascido debaixo da Lei, a fim de redimir os que estavam sob a Lei, para que receb\u00eassemos a ado\u00e7\u00e3o de filhos\u201d\u00a0(G\u00e1latas 4.4).<\/p>\n<p>O cosmos inteiro se preparou para receber Jesus. Ele n\u00e3o nasceu por um acaso, de qualquer maneira, num improviso de \u00faltima hora. Talvez o fato do parto ter se dado num est\u00e1bulo nada higi\u00eanico, e o menino ter sido posto numa manjedoura nada confort\u00e1vel, possa parecer que n\u00e3o houve planejamento. Mas n\u00e3o \u00e9 isso que a B\u00edblia nos mostra. Ao contr\u00e1rio: Jesus nasceu \u201cna plenitude dos tempos\u201d. Seria o mesmo que dizer que Ele nasceu no momento exato, para a inaugura\u00e7\u00e3o da nova dispensa\u00e7\u00e3o, para revelar a gra\u00e7a de Deus aos homens, no tempo determinado pelo Pai.<\/p>\n<p><a href=\"http:\/\/ultimato.com.br\/sites\/carlinhosveiga\/files\/2016\/12\/natal-3.jpg\"><img loading=\"lazy\" decoding=\"async\" class=\"alignleft size-medium wp-image-1605\" src=\"http:\/\/ultimato.com.br\/sites\/carlinhosveiga\/files\/2016\/12\/natal-3-300x165.jpg\" alt=\"\" width=\"300\" height=\"165\" srcset=\"https:\/\/ultimato.com.br\/sites\/carlinhosveiga\/files\/2016\/12\/natal-3-300x165.jpg 300w, https:\/\/ultimato.com.br\/sites\/carlinhosveiga\/files\/2016\/12\/natal-3-768x422.jpg 768w, https:\/\/ultimato.com.br\/sites\/carlinhosveiga\/files\/2016\/12\/natal-3.jpg 1024w, https:\/\/ultimato.com.br\/sites\/carlinhosveiga\/files\/2016\/12\/natal-3-150x82.jpg 150w\" sizes=\"auto, (max-width: 300px) 100vw, 300px\" \/><\/a>\u00a0\u00a0\u00a0\u00a0\u00a0\u00a0\u00a0\u00a0\u00a0\u00a0\u00a0 Naquela altura praticamente todo o mundo conhecido estava dominado pelo imponente Imp\u00e9rio Romano. Fruto da for\u00e7a imperialista havia uma l\u00edngua predominante falada em todo lugar, o grego. Haviam estradas pavimentadas conectando as principais cidades da \u00e9poca, as \u201ccuras viarium\u201d, facilitando o deslocamento das tropas e rapidez na comunica\u00e7\u00e3o. Havia paz, muito embora mantida pela for\u00e7a das armas do imp\u00e9rio, a \u201cPax Romana\u201d. Tudo foi preparado para outros fins, mas por elas as not\u00edcias do nascimento, vida, minist\u00e9rio, morte e ascens\u00e3o de Cristo se espalharam rapidamente por todo o mundo. Jesus nasceu num momento hist\u00f3rico inigual\u00e1vel. A Eternidade invadiu o nosso espa\u00e7o-temporal, foi revelada diante dos olhos dos homens no tempo apropriado.<\/p>\n<p>Paulo proclamou a pr\u00e9-exist\u00eancia de Jesus ao narrar que Ele foi enviado por Deus. O Evangelho de Jo\u00e3o confirma isso: \u201cEle veio do Alto\u201d, \u201centrou no mundo\u201d. No entanto se manifestou a n\u00f3s por meio da encarna\u00e7\u00e3o, nascido de mulher. Mateus e Lucas ainda acrescentariam, \u201cnascido de uma virgem\u201d. Lucas registra a visita do Anjo a Maria: \u201cO Esp\u00edrito Santo vir\u00e1 sobre voc\u00ea, e o poder do Alt\u00edssimo a cobrir\u00e1 com a sua sombra. Assim, aquele que h\u00e1 de nascer ser\u00e1 chamado santo, Filho de Deus\u201d (Lc 1.35). A humanidade de Jesus remete \u00e0 Maria, sua m\u00e3e humana; a Sua aus\u00eancia de pecados e Sua divindade remetem ao Esp\u00edrito Santo que cobriu Maria.<\/p>\n<p>Mas, para que Jesus nasceu? Essa pergunta quase ningu\u00e9m faz no Natal. Ela \u00e9 fundamental e d\u00e1 sentido e significado a esta celebra\u00e7\u00e3o. Diria John Stott, \u201cJesus nasceu para morrer\u201d. Em seu minist\u00e9rio o tempo todo ele previu a Sua morte, dizendo que era a \u201chora\u201d para a qual havia sido enviado (Jo 12.27). Na sua \u00faltima noite instituiu uma ceia em sua mem\u00f3ria: o p\u00e3o e o vinho que falam n\u00e3o do seu nascimento, nem de sua vida, muito menos de seus milagres e curas, mas de sua morte violenta em uma cruz. Os credos escritos pela Igreja no correr da hist\u00f3ria, inclusive, passam direto do Seu nascimento para a Sua morte: \u201cNasceu da virgem Maria, padeceu sob o poder de P\u00f4ncio Pilatos, foi crucificado, morto e sepultado\u201d. Jesus nasceu para morrer.<\/p>\n<p>Jesus nasceu em tempo determinado para que a gl\u00f3ria encarnada de Deus fosse vista por n\u00f3s, e atrav\u00e9s de Sua morte pud\u00e9ssemos contemplar a gl\u00f3ria de Deus na Eternidade, quando essa vida transit\u00f3ria se desfizer. Jesus morreu para que f\u00f4ssemos salvos.<\/p>\n<p>\u201cN\u00e3o tenham medo. Estou lhes trazendo boas novas de grande alegria, que s\u00e3o para todo o povo: Hoje, na cidade de Davi, lhes nasceu o Salvador, que \u00e9 Cristo, o Senhor\u201d (Lucas 2.10,11).<\/p>\n<p>Tenha um Feliz Natal!<\/p>\n","protected":false},"excerpt":{"rendered":"<p>\u201cMas, quando chegou a plenitude do tempo, Deus enviou seu Filho, nascido de mulher, nascido debaixo da Lei, a fim de redimir os que estavam sob a Lei, para que receb\u00eassemos a ado\u00e7\u00e3o de filhos\u201d\u00a0(G\u00e1latas 4.4).<br \/>\nO cosmos inteiro se preparou para receber Jesus. Ele n\u00e3o nasceu por um acaso, de qualquer maneira, num improviso de [&#8230;]<\/p>\n","protected":false},"author":9,"featured_media":1605,"comment_status":"open","ping_status":"open","sticky":false,"template":"","format":"standard","meta":{"footnotes":""},"categories":[114],"tags":[82],"class_list":["post-1604","post","type-post","status-publish","format-standard","has-post-thumbnail","hentry","category-artigos","tag-natal"],"_links":{"self":[{"href":"https:\/\/ultimato.com.br\/sites\/carlinhosveiga\/wp-json\/wp\/v2\/posts\/1604","targetHints":{"allow":["GET"]}}],"collection":[{"href":"https:\/\/ultimato.com.br\/sites\/carlinhosveiga\/wp-json\/wp\/v2\/posts"}],"about":[{"href":"https:\/\/ultimato.com.br\/sites\/carlinhosveiga\/wp-json\/wp\/v2\/types\/post"}],"author":[{"embeddable":true,"href":"https:\/\/ultimato.com.br\/sites\/carlinhosveiga\/wp-json\/wp\/v2\/users\/9"}],"replies":[{"embeddable":true,"href":"https:\/\/ultimato.com.br\/sites\/carlinhosveiga\/wp-json\/wp\/v2\/comments?post=1604"}],"version-history":[{"count":2,"href":"https:\/\/ultimato.com.br\/sites\/carlinhosveiga\/wp-json\/wp\/v2\/posts\/1604\/revisions"}],"predecessor-version":[{"id":1607,"href":"https:\/\/ultimato.com.br\/sites\/carlinhosveiga\/wp-json\/wp\/v2\/posts\/1604\/revisions\/1607"}],"wp:featuredmedia":[{"embeddable":true,"href":"https:\/\/ultimato.com.br\/sites\/carlinhosveiga\/wp-json\/wp\/v2\/media\/1605"}],"wp:attachment":[{"href":"https:\/\/ultimato.com.br\/sites\/carlinhosveiga\/wp-json\/wp\/v2\/media?parent=1604"}],"wp:term":[{"taxonomy":"category","embeddable":true,"href":"https:\/\/ultimato.com.br\/sites\/carlinhosveiga\/wp-json\/wp\/v2\/categories?post=1604"},{"taxonomy":"post_tag","embeddable":true,"href":"https:\/\/ultimato.com.br\/sites\/carlinhosveiga\/wp-json\/wp\/v2\/tags?post=1604"}],"curies":[{"name":"wp","href":"https:\/\/api.w.org\/{rel}","templated":true}]}}