{"id":1564,"date":"2016-06-07T17:50:48","date_gmt":"2016-06-07T20:50:48","guid":{"rendered":"http:\/\/ultimato.com.br\/sites\/carlinhosveiga\/?p=1564"},"modified":"2016-06-07T17:53:51","modified_gmt":"2016-06-07T20:53:51","slug":"entrevista-com-anuacy-fontes-tulip-em-verso-e-cancao","status":"publish","type":"post","link":"https:\/\/ultimato.com.br\/sites\/carlinhosveiga\/2016\/06\/07\/entrevista-com-anuacy-fontes-tulip-em-verso-e-cancao\/","title":{"rendered":"Entrevista com Anuacy Fontes: TULIP em verso e can\u00e7\u00e3o"},"content":{"rendered":"<p><a href=\"http:\/\/ultimato.com.br\/sites\/carlinhosveiga\/files\/2016\/06\/PS_20160509132707.jpg\"><img loading=\"lazy\" decoding=\"async\" class=\"alignleft size-medium wp-image-1570\" src=\"http:\/\/ultimato.com.br\/sites\/carlinhosveiga\/files\/2016\/06\/PS_20160509132707-300x300.jpg\" alt=\"PS_20160509132707\" width=\"300\" height=\"300\" srcset=\"https:\/\/ultimato.com.br\/sites\/carlinhosveiga\/files\/2016\/06\/PS_20160509132707-300x300.jpg 300w, https:\/\/ultimato.com.br\/sites\/carlinhosveiga\/files\/2016\/06\/PS_20160509132707-150x150.jpg 150w, https:\/\/ultimato.com.br\/sites\/carlinhosveiga\/files\/2016\/06\/PS_20160509132707-64x64.jpg 64w, https:\/\/ultimato.com.br\/sites\/carlinhosveiga\/files\/2016\/06\/PS_20160509132707.jpg 480w\" sizes=\"auto, (max-width: 300px) 100vw, 300px\" \/><\/a>Anuacy Fontes passou 16 anos de sua vida em Recife trabalhando como m\u00fasico, onde teve a oportunidade de gravar com alguns importantes nomes da m\u00fasica popular brasileira, como Dominguinhos, Nando Cordel e Elba Ramalho. Anos depois, voltou para o Maranh\u00e3o, sua terra natal, e atualmente dedica-se como ministro de m\u00fasica na Igreja Presbiteriana do Calhau. Segundo ele, o ministro de m\u00fasica \u00e9 \u201cuma fun\u00e7\u00e3o n\u00e3o muito observada na Igreja Presbiteriana em geral em nosso pa\u00eds, mas de total relev\u00e2ncia e de apoio important\u00edssimo ao minist\u00e9rio pastoral\u201d. Al\u00e9m de ser o regente do coro, Anuacy \u00e9 o respons\u00e1vel pelo repert\u00f3rio e os arranjos das m\u00fasicas para o tempo de adora\u00e7\u00e3o comunit\u00e1ria.<br \/>\nAtualmente desenvolve um projeto bem interessante: a produ\u00e7\u00e3o do \u00e1lbum TULIP \u2013 o famoso acr\u00f3stico que designa os cincos pontos do calvinismo. A <strong>Novos Acordes<\/strong> conversou com Anuacy sobre o projeto:<\/p>\n<p><strong><br \/>\nNovos Acordes: Como surgiu o projeto TULIP?<\/strong><\/p>\n<p><strong>Anuacy Fontes:<\/strong> O projeto surgiu a partir da inquieta\u00e7\u00e3o que eu sentia ao ouvir algumas m\u00fasicas evang\u00e9licas com letras antropoc\u00eantricas, com teologias e doutrinas inconsistentes no ponto de vista b\u00edblico, sem criatividade po\u00e9tica e musical. Entendi que, como ministro de m\u00fasica, produtor e arranjador musical, poderia tamb\u00e9m contribuir para mudar este quadro, apresentando algo que viesse a ser notado e experimentado diante da pluralidade art\u00edstica em que estamos inseridos.<\/p>\n<p>&nbsp;<\/p>\n<p><strong>NA: Mas, por que os cinco pontos do calvinismo?<\/strong><\/p>\n<p><strong>AF:<\/strong> A doutrina reformada \u00e9 muito clara e consistente biblicamente, e tem como aspecto mais vis\u00edvel os cinco pontos do calvinismo. Como compositor, me saltaram aos olhos as possibilidades po\u00e9ticas da TULIP e o que este acr\u00f3stico comunica em verdades b\u00edblicas. E quando me detive aos detalhes hist\u00f3ricos, especialmente da vida de Jo\u00e3o Calvino, sua influencia na arte, na m\u00fasica como conceito de gra\u00e7a geral e espec\u00edfica, me maravilhei com as possibilidades deste projeto.<\/p>\n<p><strong>\u00a0<\/strong><strong><br \/>\n<\/strong><\/p>\n<p><strong>NA: S\u00e3o quantas m\u00fasicas ao todo? <\/strong><\/p>\n<p><strong>AF:<\/strong> O projeto consta de oito can\u00e7\u00f5es. Al\u00e9m das cinco referentes aos pontos da TULIP \u2013 Total deprava\u00e7\u00e3o (Total Depravity), Incondicional elei\u00e7\u00e3o (Unconditional Election), Expia\u00e7\u00e3o limitada (Limited Atonement), Irresist\u00edvel gra\u00e7a (Irresistible Grace ) e Perseveran\u00e7a dos santos (Perseverance of the Saints ) \u2013 gravei o Hino 88, do Hin\u00e1rio Novo C\u00e2ntico, \u201cAmor Perene\u201d, de Guilherme L. dos Santos Ferreira. Tomei conhecimento de uma primeira estrofe inserida\u00a0nele, composta pelo presb\u00edtero Solano Portela, que particularmente ficou perfeita, dando a completude que faltava para os cinco pontos da TULIP. Compus e gravei uma can\u00e7\u00e3o de abertura que fala que &#8220;antes de tudo \u00e9 preciso escutar e examinar as escrituras! Se nelas julgais ter a vida eterna, est\u00e3o seja Deus quem vos convencer\u00e1&#8221;. E para fechar, uma can\u00e7\u00e3o que conta sobre a vida de Jo\u00e3o Calvino.<\/p>\n<p>&nbsp;<\/p>\n<p><strong>NA: Como os interessados podem ter acesso a este trabalho?<\/strong><\/p>\n<p><strong>AF:<\/strong> No momento o projeto est\u00e1 em sua fase final, aguardando os trabalhos de prensagem. Por\u00e9m, j\u00e1 pode ser adquirido\u00a0pelo e-mail <a href=\"mailto:anuacy@gmail.com\">anuacy@gmail.com<\/a> ou pelo WhatsApp 098 996177075.<strong><br \/>\n<\/strong><\/p>\n<p>&nbsp;<\/p>\n<p><strong>NA: Voc\u00ea tem outros projetos em mente?<\/strong><\/p>\n<p><strong>AF:<\/strong> Sim, em mente muita coisa para realizar musicalmente, outros na prancheta aguardando o tempo certo, e alguns j\u00e1 com repert\u00f3rio definido e arranjos escritos como: &#8220;Gra\u00e7a e Miseric\u00f3rdia&#8221;, que trata da teologia destes dois conceitos em dez can\u00e7\u00f5es, &#8220;Encontros com Jesus&#8221;, que relatam alguns encontros de Jesus com personagens b\u00edblicos em uma musicalidade bem brasileira. Tem ainda o \u00e1lbum &#8220;Gr\u00e3o&#8221; que est\u00e1 em fase de finaliza\u00e7\u00e3o das composi\u00e7\u00f5es, o projeto &#8220;Palavra Cantada&#8221;, onde al\u00e9m da TULIP, tem os salmos musicados, cantados literalmente na vers\u00e3o corrigida e atualizada de Jo\u00e3o Ferreira. O Salmo 119 (que gerou 22 can\u00e7\u00f5es), os de Romagem e Penitenciais j\u00e1 est\u00e3o prontos e podem ser enviados a quem se interessar em aprender os salmos de forma musical. Este projeto, particularmente, tem sido apoiado pela Renovar, na pessoa do empres\u00e1rio Isaque Alves que me desafiou e tem me animado a prosseguir neste caminho. Tenho ainda em andamento, em fase de grava\u00e7\u00e3o, o CD &#8220;Os cinco \u2018solas\u2019&#8221;, que deve estar a disposi\u00e7\u00e3o at\u00e9 o fim do ano. Este minist\u00e9rio, apesar de ser musical, sempre \u00e9 acompanhado de palestras, estudos e oficinas nas \u00e1reas de minist\u00e9rio de m\u00fasica na igreja, cultura e sonoriza\u00e7\u00e3o, este \u00faltimo como experi\u00eancia profissional em est\u00fadio.<\/p>\n<p>&nbsp;<\/p>\n<p><em>Abaixo inserimos a faixa Irresist\u00edvel Gra\u00e7a, de Anuacy Fontes, integrante do CD &#8220;TULIP&#8221;.<\/em><\/p>\n<p>&nbsp;<\/p>\n<p><iframe loading=\"lazy\" width=\"750\" height=\"400\" scrolling=\"no\" frameborder=\"no\" src=\"https:\/\/w.soundcloud.com\/player\/?visual=true&#038;url=https%3A%2F%2Fapi.soundcloud.com%2Ftracks%2F268030365&#038;show_artwork=true&#038;maxwidth=750&#038;maxheight=1000\"><\/iframe><\/p>\n","protected":false},"excerpt":{"rendered":"<p>Anuacy Fontes passou 16 anos de sua vida em Recife trabalhando como m\u00fasico, onde teve a oportunidade de gravar com alguns importantes nomes da m\u00fasica popular brasileira, como Dominguinhos, Nando Cordel e Elba Ramalho. Anos depois, voltou para o Maranh\u00e3o, sua terra natal, e atualmente dedica-se como ministro de m\u00fasica na Igreja Presbiteriana do Calhau. [&#8230;]<\/p>\n","protected":false},"author":9,"featured_media":1567,"comment_status":"open","ping_status":"open","sticky":false,"template":"","format":"standard","meta":{"footnotes":""},"categories":[114],"tags":[24337,18,24336],"class_list":["post-1564","post","type-post","status-publish","format-standard","has-post-thumbnail","hentry","category-artigos","tag-anuacy-fontes","tag-musica","tag-tulip"],"_links":{"self":[{"href":"https:\/\/ultimato.com.br\/sites\/carlinhosveiga\/wp-json\/wp\/v2\/posts\/1564","targetHints":{"allow":["GET"]}}],"collection":[{"href":"https:\/\/ultimato.com.br\/sites\/carlinhosveiga\/wp-json\/wp\/v2\/posts"}],"about":[{"href":"https:\/\/ultimato.com.br\/sites\/carlinhosveiga\/wp-json\/wp\/v2\/types\/post"}],"author":[{"embeddable":true,"href":"https:\/\/ultimato.com.br\/sites\/carlinhosveiga\/wp-json\/wp\/v2\/users\/9"}],"replies":[{"embeddable":true,"href":"https:\/\/ultimato.com.br\/sites\/carlinhosveiga\/wp-json\/wp\/v2\/comments?post=1564"}],"version-history":[{"count":6,"href":"https:\/\/ultimato.com.br\/sites\/carlinhosveiga\/wp-json\/wp\/v2\/posts\/1564\/revisions"}],"predecessor-version":[{"id":1574,"href":"https:\/\/ultimato.com.br\/sites\/carlinhosveiga\/wp-json\/wp\/v2\/posts\/1564\/revisions\/1574"}],"wp:featuredmedia":[{"embeddable":true,"href":"https:\/\/ultimato.com.br\/sites\/carlinhosveiga\/wp-json\/wp\/v2\/media\/1567"}],"wp:attachment":[{"href":"https:\/\/ultimato.com.br\/sites\/carlinhosveiga\/wp-json\/wp\/v2\/media?parent=1564"}],"wp:term":[{"taxonomy":"category","embeddable":true,"href":"https:\/\/ultimato.com.br\/sites\/carlinhosveiga\/wp-json\/wp\/v2\/categories?post=1564"},{"taxonomy":"post_tag","embeddable":true,"href":"https:\/\/ultimato.com.br\/sites\/carlinhosveiga\/wp-json\/wp\/v2\/tags?post=1564"}],"curies":[{"name":"wp","href":"https:\/\/api.w.org\/{rel}","templated":true}]}}