{"id":1537,"date":"2015-12-23T17:11:54","date_gmt":"2015-12-23T20:11:54","guid":{"rendered":"http:\/\/ultimato.com.br\/sites\/carlinhosveiga\/?p=1537"},"modified":"2015-12-26T18:35:13","modified_gmt":"2015-12-26T21:35:13","slug":"encontro-com-o-rolando-boldrin-o-sr-brasil","status":"publish","type":"post","link":"https:\/\/ultimato.com.br\/sites\/carlinhosveiga\/2015\/12\/23\/encontro-com-o-rolando-boldrin-o-sr-brasil\/","title":{"rendered":"Encontro com o Sr Brasil"},"content":{"rendered":"<div id=\"attachment_1538\" style=\"width: 310px\" class=\"wp-caption alignleft\"><a href=\"http:\/\/ultimato.com.br\/sites\/carlinhosveiga\/files\/2015\/12\/CARLINHOS_VEIGA_184003.jpg\"><img loading=\"lazy\" decoding=\"async\" aria-describedby=\"caption-attachment-1538\" class=\"size-medium wp-image-1538\" src=\"http:\/\/ultimato.com.br\/sites\/carlinhosveiga\/files\/2015\/12\/CARLINHOS_VEIGA_184003-300x200.jpg\" alt=\"Foto de Pierre Yves Refalo (Todos os direitos reservados)\" width=\"300\" height=\"200\" srcset=\"https:\/\/ultimato.com.br\/sites\/carlinhosveiga\/files\/2015\/12\/CARLINHOS_VEIGA_184003-300x200.jpg 300w, https:\/\/ultimato.com.br\/sites\/carlinhosveiga\/files\/2015\/12\/CARLINHOS_VEIGA_184003-150x100.jpg 150w, https:\/\/ultimato.com.br\/sites\/carlinhosveiga\/files\/2015\/12\/CARLINHOS_VEIGA_184003.jpg 608w\" sizes=\"auto, (max-width: 300px) 100vw, 300px\" \/><\/a><p id=\"caption-attachment-1538\" class=\"wp-caption-text\">Foto de Pierre Yves Refalo (Todos os direitos reservados)<\/p><\/div>\n<p>Quando menino, lembro-me sentado na sala dos meus av\u00f3s tocando viol\u00e3o e cantando as m\u00fasicas que havia aprendido com a fam\u00edlia. O tio Beto, irm\u00e3o da v\u00f3 Elza, silenciosamente ouvia. Ele morava na cidade de Goi\u00e1s Velho e, vez por outra, passava uns dias em Goi\u00e2nia para visitar os m\u00e9dicos na peregrina\u00e7\u00e3o pela sa\u00fade j\u00e1 um tanto combalida. Quando terminei uma das can\u00e7\u00f5es ele suspirou e me perguntou: \u201cPor que voc\u00ea n\u00e3o segue a carreira musical, vira um Rolando Boldrin?\u201d. Eu sorri respeitosamente e disse: \u201cTio Beto, isso \u00e9 imposs\u00edvel para mim, um menino do interior do pa\u00eds\u201d. N\u00e3o sei porque, mas\u00a0aquele momento ficou marcado na minha mem\u00f3ria.<\/p>\n<p>Os anos passaram rapidamente. Tio Beto faleceu algum tempo depois. Segui tocando minha viola e meu viol\u00e3o. Agora n\u00e3o s\u00f3 cantando as m\u00fasicas aprendidas na fam\u00edlia, mas tamb\u00e9m compondo e gravando. Viajei por lugares e pisei palcos que nunca imaginei pisar. Tenho plena convic\u00e7\u00e3o que tudo isso \u00e9 gra\u00e7a de um Deus que vai adiante abrindo portas e mostrando por onde passar e pisar, levando minhas can\u00e7\u00f5es.<\/p>\n<p>Pois bem&#8230; Numa manh\u00e3 de novembro desse ano abri meu computador para trabalhar e percebi uma mensagem luminosa na minha caixa postal. Tremi nas bases: era um contato da produ\u00e7\u00e3o do Sr Brasil, programa da TV Cultura, apresentado, pasmem, pelo Rolando Boldrin. Era um convite a gravar. Fui\u00a0invadido por antigas lembran\u00e7as, gratid\u00e3o a Deus e tentando imaginar como seria aquele momento.<\/p>\n<div id=\"attachment_1541\" style=\"width: 310px\" class=\"wp-caption alignleft\"><a href=\"http:\/\/ultimato.com.br\/sites\/carlinhosveiga\/files\/2015\/12\/CARLINHOS_VEIGA_184015.jpg\"><img loading=\"lazy\" decoding=\"async\" aria-describedby=\"caption-attachment-1541\" class=\"size-medium wp-image-1541\" src=\"http:\/\/ultimato.com.br\/sites\/carlinhosveiga\/files\/2015\/12\/CARLINHOS_VEIGA_184015-300x200.jpg\" alt=\"Foto de Pierre Yves Refalo (Todos os direitos reservados)\" width=\"300\" height=\"200\" srcset=\"https:\/\/ultimato.com.br\/sites\/carlinhosveiga\/files\/2015\/12\/CARLINHOS_VEIGA_184015-300x200.jpg 300w, https:\/\/ultimato.com.br\/sites\/carlinhosveiga\/files\/2015\/12\/CARLINHOS_VEIGA_184015-150x100.jpg 150w, https:\/\/ultimato.com.br\/sites\/carlinhosveiga\/files\/2015\/12\/CARLINHOS_VEIGA_184015.jpg 640w\" sizes=\"auto, (max-width: 300px) 100vw, 300px\" \/><\/a><p id=\"caption-attachment-1541\" class=\"wp-caption-text\">Foto de Pierre Yves Refalo (Todos os direitos reservados)<\/p><\/div>\n<p>Na data marcada viajei com a Claudia, minha esposa, e os demais companheiros da banda para S\u00e3o Paulo e gravamos o programa. Parecia um sonho aquilo tudo: tocar no SESC Pinheiros, gravar no Sr Brasil, assentar naquele banco por onde passaram in\u00fameros artistas que admiro profundamente, ao lado do Rolando Boldrin. Era muita emo\u00e7\u00e3o.<\/p>\n<p>Ou\u00e7o Boldrin desde a minha meninice, quando viaj\u00e1vamos na camionete do v\u00f4 Nacim para a Barra, ou com meus pais para o Rio Araguaia. Ele era companhia sempre presente, ao lado de Luiz Gonzaga, Ti\u00e3o Carreiro e Pardinho, Cascatinha e Inhana, entre outros. Sempre o admirei. E agora eu estava l\u00e1, ao lado daquele \u00edcone da m\u00fasica popular brasileira. Uma honra dada por Deus..<\/p>\n<p>Enquanto prepar\u00e1vamos para a grava\u00e7\u00e3o, conversei um bom tempo com ele, no famoso banco de madeira e pude contar-lhe sobre a conversa do tio Beto. Disse o que aquele momento significava para mim. Ele graciosamente respondeu: \u201cVoc\u00ea \u00e9 muito bem vindo. A honra \u00e9 nossa receb\u00ea-lo nesse programa\u201d.<\/p>\n<p>Nessa semana o Sr Brasil que gravamos foi ao ar e postado no Youtube pela produ\u00e7\u00e3o do programa. Compartilho com voc\u00ea essa emo\u00e7\u00e3o. Espero que goste.<\/p>\n<p>E sigamos adiante, porque tem muita cantoria ainda por fazer.<\/p>\n<p>&nbsp;<\/p>\n<p><iframe loading=\"lazy\" width=\"750\" height=\"422\" src=\"https:\/\/www.youtube.com\/embed\/RY0Deomr_v4?feature=oembed\" frameborder=\"0\" allowfullscreen><\/iframe><\/p>\n","protected":false},"excerpt":{"rendered":"<p>Quando menino, lembro-me sentado na sala dos meus av\u00f3s tocando viol\u00e3o e cantando as m\u00fasicas que havia aprendido com a fam\u00edlia. O tio Beto, irm\u00e3o da v\u00f3 Elza, silenciosamente ouvia. Ele morava na cidade de Goi\u00e1s Velho e, vez por outra, passava uns dias em Goi\u00e2nia para visitar os m\u00e9dicos na peregrina\u00e7\u00e3o pela sa\u00fade j\u00e1 [&#8230;]<\/p>\n","protected":false},"author":9,"featured_media":1538,"comment_status":"open","ping_status":"open","sticky":false,"template":"","format":"standard","meta":{"footnotes":""},"categories":[114],"tags":[35,24321,24331,28,24330],"class_list":["post-1537","post","type-post","status-publish","format-standard","has-post-thumbnail","hentry","category-artigos","tag-carlinhos-veiga","tag-musica-regional","tag-rolando-boldrin","tag-sao-paulo","tag-sr-brasil"],"_links":{"self":[{"href":"https:\/\/ultimato.com.br\/sites\/carlinhosveiga\/wp-json\/wp\/v2\/posts\/1537","targetHints":{"allow":["GET"]}}],"collection":[{"href":"https:\/\/ultimato.com.br\/sites\/carlinhosveiga\/wp-json\/wp\/v2\/posts"}],"about":[{"href":"https:\/\/ultimato.com.br\/sites\/carlinhosveiga\/wp-json\/wp\/v2\/types\/post"}],"author":[{"embeddable":true,"href":"https:\/\/ultimato.com.br\/sites\/carlinhosveiga\/wp-json\/wp\/v2\/users\/9"}],"replies":[{"embeddable":true,"href":"https:\/\/ultimato.com.br\/sites\/carlinhosveiga\/wp-json\/wp\/v2\/comments?post=1537"}],"version-history":[{"count":7,"href":"https:\/\/ultimato.com.br\/sites\/carlinhosveiga\/wp-json\/wp\/v2\/posts\/1537\/revisions"}],"predecessor-version":[{"id":1546,"href":"https:\/\/ultimato.com.br\/sites\/carlinhosveiga\/wp-json\/wp\/v2\/posts\/1537\/revisions\/1546"}],"wp:featuredmedia":[{"embeddable":true,"href":"https:\/\/ultimato.com.br\/sites\/carlinhosveiga\/wp-json\/wp\/v2\/media\/1538"}],"wp:attachment":[{"href":"https:\/\/ultimato.com.br\/sites\/carlinhosveiga\/wp-json\/wp\/v2\/media?parent=1537"}],"wp:term":[{"taxonomy":"category","embeddable":true,"href":"https:\/\/ultimato.com.br\/sites\/carlinhosveiga\/wp-json\/wp\/v2\/categories?post=1537"},{"taxonomy":"post_tag","embeddable":true,"href":"https:\/\/ultimato.com.br\/sites\/carlinhosveiga\/wp-json\/wp\/v2\/tags?post=1537"}],"curies":[{"name":"wp","href":"https:\/\/api.w.org\/{rel}","templated":true}]}}