{"id":1518,"date":"2015-11-24T09:54:49","date_gmt":"2015-11-24T12:54:49","guid":{"rendered":"http:\/\/ultimato.com.br\/sites\/carlinhosveiga\/?p=1518"},"modified":"2020-06-26T11:12:24","modified_gmt":"2020-06-26T14:12:24","slug":"o-album-brilhar-completa-30-anos","status":"publish","type":"post","link":"https:\/\/ultimato.com.br\/sites\/carlinhosveiga\/2015\/11\/24\/o-album-brilhar-completa-30-anos\/","title":{"rendered":"O \u00e1lbum \u201cBrilhar\u201d completa 30 anos"},"content":{"rendered":"<p>Em 1981 ouvi pela primeira vez o Grupo ACTOS, num acampamento em Goi\u00e2nia. Foi revolucion\u00e1rio assistir a apresenta\u00e7\u00e3o daquela rapaziada com um som e uma est\u00e9tica nada comum para a igreja dos anos 80.\u00a0Era uma mistura de um cristianismo contextualizado e inteligente, com um visual hippie, marcado por uma m\u00fasica brasileir\u00edssima e de fortes influ\u00eancias latino-americanas. Um deleite para n\u00f3s, rec\u00e9m-chegados na igreja, que traz\u00edamos em nossa origem musical influ\u00eancias do Clube da Esquina, Taiguara, Mercedes Sosa, Taranc\u00f3n e tanta coisa boa dos anos 70 e 80.<\/p>\n<p>O ACTOS durou um breve tempo. Infelizmente n\u00e3o deixaram nenhum registro fonogr\u00e1fico. Mas Vav\u00e1 Rodrigues, um dos mentores e autor da maioria das can\u00e7\u00f5es do grupo (quase sempre em parcerias com o Stenio Marcius), reuniu a rapaziada e gravou o LP \u201cBrilhar\u201d, lan\u00e7ado em 1985.<\/p>\n<p>Eu bati um papo com o Vav\u00e1, relembrando o ACTOS e\u00a0os 30 anos desse \u00e1lbum incr\u00edvel. No final da entrevista, compartilho um link onde voc\u00ea encontra o LP na \u00edntegra, generosamente postado no youtube pelo Eli\u00e9zer Ven\u00e2ncio.<\/p>\n<p><strong>\u00a0<\/strong><\/p>\n<p><strong>Novos Acordes: Como surgiu o Grupo ACTOS. Qual era a forma\u00e7\u00e3o?<\/strong><\/p>\n<p><strong>Vav\u00e1 Rodrigues: <\/strong><em>O ACTOS surgiu em 1981. Eu havia acabado de participar da grava\u00e7\u00e3o do disco \u201cVida em Vida\u201d (Jovens da Verdade) com o St\u00eanio Marcius e o Haryson Guanaes Lima. Foi a primeira vez que entrei num est\u00fadio de grava\u00e7\u00e3o e fiquei encantado com aquilo tudo. Desde o lan\u00e7amento do \u201cDe Vento Em Popa\u201d (Vencedores Por Cristo), os ventos (com o perd\u00e3o do trocadilho) da MPB Crist\u00e3, sopravam cada vez mais forte no cora\u00e7\u00e3o dos mo\u00e7os daquela \u00e9poca e posso dizer que 90% do pessoal que andava com viol\u00e3o debaixo do bra\u00e7o pelas igrejas queria fazer um som que fosse mais a cara do Brasil, ou da Am\u00e9rica Latina.<br \/>\n<\/em><\/p>\n<p><em>Quanto a forma\u00e7\u00e3o do ACTOS, acho melhor citar quem passou pelo grupo: o St\u00eanio, o Haryson, Eu, Wanelly Botelho, Cl\u00e1udia Vass\u00e3o, Ana Raia, Eduardo Raia, Celso Raia, Marcos Barros, Beto Barros, Alcin\u00e9ia Luz, Selma de Oliveira, Sonia Polonca, Marisa Salles, Gilda e por \u00faltimo C\u00edntia e Silvia, que nunca deixaram de ser dupla. <\/em><\/p>\n<p>&nbsp;<\/p>\n<p><strong>Novos Acordes: O que tornava o Actos um grupo \u00edmpar? Quais eram suas principais influ\u00eancias?<\/strong><\/p>\n<p><strong>Vav\u00e1 Rodrigues:<\/strong> <em>Diferentemente dos grupos musicais que surgiam dentro das igrejas, reproduzindo e fazendo covers principalmente de VPC, o ACTOS era um grupo \u201cinterdenominacional\u201d. Surgiu na IPI do Ipiranga, mas reunia batistas e presbiterianos independentes que queriam fazer m\u00fasica pr\u00f3pria. E fazer m\u00fasica pr\u00f3pria para n\u00f3s, naquele tempo, era reproduzir a sonoridade dos artistas que n\u00f3s ouv\u00edamos, assist\u00edamos os shows e nos junt\u00e1vamos na casa de algu\u00e9m pra ouvir e reouvir o vinil. Nomes como Boca Livre, C\u00e9u da Boca, MPB4, Quarteto em CY e os latinos Taranc\u00f3n e Ra\u00edces de Am\u00e9rica. <\/em><\/p>\n<p><em>O ACTOS foi uma onda musical que durou apenas tr\u00eas ou quatro anos, mas que contaminou e contagiou muita gente. Afinal, quebramos alguns paradigmas, inauguramos o uso da mesa de percuss\u00e3o dentro das igrejas (as que permitiam&#8230; rsrsrs), <\/em><em>execut\u00e1vamos m\u00fasica latina com instrumentos andinos, faz\u00edamos ritmos nordestinos sem a menor cerim\u00f4nia, cant\u00e1vamos can\u00e7\u00f5es sem letra s\u00f3 explorando vocalizes e reproduz\u00edamos pequenas \u00f3peras bufas quando execut\u00e1vamos can\u00e7\u00f5es infantis&#8230; O ACTOS mergulhou de cabe\u00e7a nisso e acho que foi justamente isso que encantou tanto as pessoas naquele tempo. Era algo inovador e ousado para a \u00e9poca.<\/em><\/p>\n<p>&nbsp;<\/p>\n<p><strong>Novos Acordes: O Actos chegou a gravar algum LP na \u00e9poca?<\/strong><\/p>\n<p><strong>Vav\u00e1 Rodrigues: <\/strong><em>N\u00e3o! Planejamos, mas nunca aconteceu. <\/em><\/p>\n<p>&nbsp;<\/p>\n<div id=\"attachment_1519\" style=\"width: 310px\" class=\"wp-caption alignleft\"><img loading=\"lazy\" decoding=\"async\" aria-describedby=\"caption-attachment-1519\" class=\"wp-image-1519 size-medium\" src=\"http:\/\/ultimato.com.br\/sites\/carlinhosveiga\/files\/2015\/11\/brilhar-300x183.jpg\" alt=\"brilhar\" width=\"300\" height=\"183\" srcset=\"https:\/\/ultimato.com.br\/sites\/carlinhosveiga\/files\/2015\/11\/brilhar-300x183.jpg 300w, https:\/\/ultimato.com.br\/sites\/carlinhosveiga\/files\/2015\/11\/brilhar-150x92.jpg 150w, https:\/\/ultimato.com.br\/sites\/carlinhosveiga\/files\/2015\/11\/brilhar.jpg 945w\" sizes=\"auto, (max-width: 300px) 100vw, 300px\" \/><p id=\"caption-attachment-1519\" class=\"wp-caption-text\">Capa do LP &#8220;Brilhar&#8221;, lan\u00e7ado em 1985 pela Bom Pastor<\/p><\/div>\n<p><strong>Novos Acordes: Qual a conex\u00e3o entre o Vav\u00e1 e Amigos, que gravou o Brilhar, e o ACTOS? Os integrantes eram os mesmos?<\/strong><\/p>\n<p><strong>Vav\u00e1 Rodrigues:<\/strong> <em>Depois de alguns anos de estrada, tempo este em que nos apresentamos em igrejas, col\u00e9gios, teatros e acampamentos em v\u00e1rios lugares do Brasil e tamb\u00e9m conhecemos C\u00edntia\u00a0e Silvia, Wesley e Marlene, Jo\u00e3o Alexandre, vimos nascer o MILAD e mais uma penca de grupos que vinham na cola da nossa sonoridade, o ACTOS parou. Acho que cansamos, minha leitura \u00e9 que apenas como grupo musical o projeto iria se esgotar e foi o que aconteceu. Quando voc\u00ea n\u00e3o consegue gerar um fruto do seu trabalho (nesse caso espec\u00edfico, um LP), \u00e9 natural que venha um des\u00e2nimo, um tipo de desgaste.<\/em><em>Nem sei exatamente como o grupo acabou, simplesmente fomos recusando convites para nos apresentar, est\u00e1vamos cansados. Mas n\u00e3o deixamos (alguns amigos que fizeram parte do ACTOS), de nos encontrar para ensaiar e fazer m\u00fasica. Engra\u00e7ado que num primeiro momento, a id\u00e9ia de um disco seria para registrar um pouco do que o ACTOS produziu em seus anos de vida, mas o que aconteceu foi o surgimento de um repert\u00f3rio totalmente novo e com can\u00e7\u00f5es que nunca hav\u00edamos cantado. Nasceram ent\u00e3o: O Dia Da Vit\u00f3ria, Ir\u00e1 Me Guiar, Pare Um Momento, O Que Dizer?, A Porta, Cantares, Exalta\u00e7\u00e3o, enfim, todo o repert\u00f3rio do \u201cBrilhar\u201d e mais duas can\u00e7\u00f5es: Salmo 134 e Amo ao Senhor que foram gravadas, mas que n\u00e3o couberam no vinil. <\/em><\/p>\n<p><em>Portanto, o \u201cBrilhar\u201d foi gravado por integrantes do ACTOS, C\u00edntia e Silvia, com o instrumental do grupo ALO\u00c9S, um pessoal quent\u00edssimo que fazia m\u00fasica instrumental de primeira linha na \u00e9poca. M\u00fasicos como Em\u00edlio Mendon\u00e7a, hoje professor no IMT, o guitarrista Omar Campos e o baixista Jad\u00e3o Junqueira.\u00a0<\/em><em>N\u00e3o era exatamente o ACTOS, por isso o nome \u00f3bvio de AMIGOS. <\/em><\/p>\n<p>&nbsp;<\/p>\n<p><strong>Novos Acordes: Como o disco foi produzido? Foi uma produ\u00e7\u00e3o independente ou havia uma gravadora por detr\u00e1s?<\/strong><\/p>\n<p><strong>Vav\u00e1 Rodrigues: <\/strong><em>Tomei a iniciativa de fazer um disco independente e tentar pr\u00e9 vend\u00ea-lo nas apresenta\u00e7\u00f5es do grupo ainda como ACTOS. Juntei algum dinheiro e come\u00e7amos as grava\u00e7\u00f5es na COMEV, em S\u00e3o Paulo. A pr\u00e9 venda atrav\u00e9s de carn\u00eas n\u00e3o foi propriamente um sucesso e depois de um ano e meio, o disco estava parado e eu, devendo para o est\u00fadio. Neste momento, atrav\u00e9s do Maur\u00e3o Oliveira, conheci o Elias de Carvalho, propriet\u00e1rio da gravadora Bom Pastor, que se interessou pelo projeto e resolveu banc\u00e1-lo introduzindo na etapa final de grava\u00e7\u00e3o m\u00fasicos como Luiz Ant\u00f4nio Karam, Hector Costita e o flautista Sum\u00e9. N\u00e3o era exatamente o melhor dos mundos, pois no meu cora\u00e7\u00e3o o BRILHAR era pra ser um disco \u201ccabe\u00e7a\u201d (besteira), n\u00e3o elitista, mas um \u00e1lbum para um p\u00fablico universit\u00e1rio, mais cr\u00edtico, e a Bom Pastor sempre foi forte no nicho de mercado dos neo e pentecostais. Logo, \u00e9ramos um produto meio fora de contexto no casting da gravadora. De qualquer forma o problema estava resolvido. O legado musical do ACTOS, apesar de n\u00e3o ter nenhuma das can\u00e7\u00f5es que o ACTOS tanto cantou, seria preservado. <\/em><\/p>\n<p>&nbsp;<\/p>\n<div id=\"attachment_1530\" style=\"width: 310px\" class=\"wp-caption alignleft\"><a href=\"http:\/\/ultimato.com.br\/sites\/carlinhosveiga\/files\/2015\/11\/vav\u00e1-2015.jpg\"><img loading=\"lazy\" decoding=\"async\" aria-describedby=\"caption-attachment-1530\" class=\"wp-image-1530 size-medium\" src=\"http:\/\/ultimato.com.br\/sites\/carlinhosveiga\/files\/2015\/11\/vav\u00e1-2015-300x200.jpg\" alt=\"vav\u00e1 2015\" width=\"300\" height=\"200\" srcset=\"https:\/\/ultimato.com.br\/sites\/carlinhosveiga\/files\/2015\/11\/vav\u00e1-2015-300x200.jpg 300w, https:\/\/ultimato.com.br\/sites\/carlinhosveiga\/files\/2015\/11\/vav\u00e1-2015-150x100.jpg 150w, https:\/\/ultimato.com.br\/sites\/carlinhosveiga\/files\/2015\/11\/vav\u00e1-2015.jpg 800w\" sizes=\"auto, (max-width: 300px) 100vw, 300px\" \/><\/a><p id=\"caption-attachment-1530\" class=\"wp-caption-text\">Vav\u00e1 Rodrigues no NMB 2015. Foto de Cris Tozzi.<\/p><\/div>\n<p><strong>Novos Acordes: O disco chegou a ser lan\u00e7ado?<\/strong><\/p>\n<p><strong>Vav\u00e1 Rodrigues:<\/strong> <em>N\u00e3o! O disco saiu em abril de 1985, teve uma distribui\u00e7\u00e3o excelente, chegou aos mais rec\u00f4nditos lugares do pa\u00eds, ganhou espa\u00e7o nas r\u00e1dios evang\u00e9licas e as pessoas aos poucos foram conhecendo e se interessando pelas can\u00e7\u00f5es, acredito eu, justamente pelo gostinho de novidade que elas tinham e ainda tem. Nunca fizemos uma apresenta\u00e7\u00e3o ou um show com o repert\u00f3rio desse \u00e1lbum. Mas mesmo assim ele figurou listas dos melhores discos de m\u00fasica evang\u00e9lica j\u00e1 gravados no Brasil. A matriz n\u00e3o existe mais, foi destru\u00edda em um inc\u00eandio que ocorreu nos anos noventa, no galp\u00e3o da Bom Pastor. Tenho alguns vin\u00eds ainda em casa e tamb\u00e9m fitas cassete com o som impec\u00e1vel. Gra\u00e7as ao Eli\u00e9zer Ven\u00e2ncio, de Santo Andr\u00e9, o Brilhar est\u00e1 dispon\u00edvel no youtube.<\/em><\/p>\n<p><em>Agora no \u00faltimo NMB (Nossa M\u00fasica Brasileira), realizado no Acampamento dos Jovens da Verdade, em Agosto de 2015, tive o doce privil\u00e9gio de executar tr\u00eas de suas can\u00e7\u00f5es em sequ\u00eancia como se fosse um mini lan\u00e7amento 30 anos depois. E n\u00e3o \u00e9 que todo mundo cantou junto?<\/em><\/p>\n<p><strong>Para ouvir o \u00e1lbum \u201cBrilhar\u201d, de Vav\u00e1 e amigos, clique\u00a0<a href=\"https:\/\/www.youtube.com\/watch?v=s2oW8fdPelQ\">aqui<\/a>\u00a0<\/strong><\/p>\n<p>&nbsp;<\/p>\n<p>&nbsp;<\/p>\n<p>&nbsp;<\/p>\n","protected":false},"excerpt":{"rendered":"<p>Em 1981 ouvi pela primeira vez o Grupo ACTOS, num acampamento em Goi\u00e2nia. Foi revolucion\u00e1rio assistir a apresenta\u00e7\u00e3o daquela rapaziada com um som e uma est\u00e9tica nada comum para a igreja dos anos 80.\u00a0Era uma mistura de um cristianismo contextualizado e inteligente, com um visual hippie, marcado por uma m\u00fasica brasileir\u00edssima e de fortes influ\u00eancias [&#8230;]<\/p>\n","protected":false},"author":9,"featured_media":1521,"comment_status":"open","ping_status":"open","sticky":false,"template":"","format":"standard","meta":{"footnotes":""},"categories":[114],"tags":[24328,11407,11438,24329],"class_list":["post-1518","post","type-post","status-publish","format-standard","has-post-thumbnail","hentry","category-artigos","tag-brilhar","tag-memoria-musical","tag-nossa-musica-brasileira","tag-vava-rodrigues"],"_links":{"self":[{"href":"https:\/\/ultimato.com.br\/sites\/carlinhosveiga\/wp-json\/wp\/v2\/posts\/1518","targetHints":{"allow":["GET"]}}],"collection":[{"href":"https:\/\/ultimato.com.br\/sites\/carlinhosveiga\/wp-json\/wp\/v2\/posts"}],"about":[{"href":"https:\/\/ultimato.com.br\/sites\/carlinhosveiga\/wp-json\/wp\/v2\/types\/post"}],"author":[{"embeddable":true,"href":"https:\/\/ultimato.com.br\/sites\/carlinhosveiga\/wp-json\/wp\/v2\/users\/9"}],"replies":[{"embeddable":true,"href":"https:\/\/ultimato.com.br\/sites\/carlinhosveiga\/wp-json\/wp\/v2\/comments?post=1518"}],"version-history":[{"count":14,"href":"https:\/\/ultimato.com.br\/sites\/carlinhosveiga\/wp-json\/wp\/v2\/posts\/1518\/revisions"}],"predecessor-version":[{"id":1809,"href":"https:\/\/ultimato.com.br\/sites\/carlinhosveiga\/wp-json\/wp\/v2\/posts\/1518\/revisions\/1809"}],"wp:featuredmedia":[{"embeddable":true,"href":"https:\/\/ultimato.com.br\/sites\/carlinhosveiga\/wp-json\/wp\/v2\/media\/1521"}],"wp:attachment":[{"href":"https:\/\/ultimato.com.br\/sites\/carlinhosveiga\/wp-json\/wp\/v2\/media?parent=1518"}],"wp:term":[{"taxonomy":"category","embeddable":true,"href":"https:\/\/ultimato.com.br\/sites\/carlinhosveiga\/wp-json\/wp\/v2\/categories?post=1518"},{"taxonomy":"post_tag","embeddable":true,"href":"https:\/\/ultimato.com.br\/sites\/carlinhosveiga\/wp-json\/wp\/v2\/tags?post=1518"}],"curies":[{"name":"wp","href":"https:\/\/api.w.org\/{rel}","templated":true}]}}