{"id":1507,"date":"2015-10-13T17:56:55","date_gmt":"2015-10-13T20:56:55","guid":{"rendered":"http:\/\/ultimato.com.br\/sites\/carlinhosveiga\/?p=1507"},"modified":"2015-10-14T16:24:28","modified_gmt":"2015-10-14T19:24:28","slug":"felipe-viegas-lanca-o-cd-instrumental-encontro","status":"publish","type":"post","link":"https:\/\/ultimato.com.br\/sites\/carlinhosveiga\/2015\/10\/13\/felipe-viegas-lanca-o-cd-instrumental-encontro\/","title":{"rendered":"Felipe Viegas lan\u00e7a o CD instrumental &#8220;Encontro&#8221;"},"content":{"rendered":"<div id=\"attachment_1509\" style=\"width: 310px\" class=\"wp-caption alignleft\"><a href=\"http:\/\/ultimato.com.br\/sites\/carlinhosveiga\/files\/2015\/10\/Felipe-Viegas1.jpeg\"><img loading=\"lazy\" decoding=\"async\" aria-describedby=\"caption-attachment-1509\" class=\"size-medium wp-image-1509\" src=\"http:\/\/ultimato.com.br\/sites\/carlinhosveiga\/files\/2015\/10\/Felipe-Viegas1-300x240.jpeg\" alt=\"Cr\u00e9dito da Foto: Karina Santiago\" width=\"300\" height=\"240\" srcset=\"https:\/\/ultimato.com.br\/sites\/carlinhosveiga\/files\/2015\/10\/Felipe-Viegas1-300x240.jpeg 300w, https:\/\/ultimato.com.br\/sites\/carlinhosveiga\/files\/2015\/10\/Felipe-Viegas1-150x120.jpeg 150w, https:\/\/ultimato.com.br\/sites\/carlinhosveiga\/files\/2015\/10\/Felipe-Viegas1.jpeg 591w\" sizes=\"auto, (max-width: 300px) 100vw, 300px\" \/><\/a><p id=\"caption-attachment-1509\" class=\"wp-caption-text\">Cr\u00e9dito da Foto: Karina Santiago<\/p><\/div>\n<p>H\u00e1 algumas d\u00e9cadas atr\u00e1s os m\u00fasicos crist\u00e3os quase sempre ficavam restritos ao meio eclesi\u00e1stico, tocando apenas nos cultos. No entanto, essa profiss\u00e3o conquistou espa\u00e7o e hoje \u00e9 reconhecida t\u00e3o digna quanto qualquer outra.<\/p>\n<p>S\u00e3o muitos os profissionais crist\u00e3os que se destacam no atual cen\u00e1rio musical erudito e popular. E a\u00a0m\u00fasica instrumental \u00a0tamb\u00e9m recebe contribui\u00e7\u00f5es de artistas geniais que cresceram nas fileiras das igrejas, ou que tiveram um encontro pessoal com Jesus Cristo na caminhada.<\/p>\n<p>Um dos instrumentistas que se destaca no cen\u00e1rio brasiliense \u00e9 Felipe Viegas. Pianista de m\u00e3o cheia, Felipe \u00e9 bacharel em m\u00fasica pela Universidade de Bras\u00edlia. Embora ainda jovem, h\u00e1 anos acompanha artistas conhecidos no cen\u00e1rio local e nacional, como Hamilton de Holanda, Roberto Menescal, Eduardo Neves, Gabriel Grossi, entre outros. Atualmente participa da banda de Ellen Ol\u00e9ria como pianista, arranjador e produtor musical.<\/p>\n<p>H\u00e1 tr\u00eas anos o Viegas \u00a0tamb\u00e9m participa da banda que me acompanha pelo Brasil e exterior. Al\u00e9m de um m\u00fasico bem acima da m\u00e9dia, \u00e9 um grande amigo e parceiro de can\u00e7\u00f5es.<\/p>\n<p>Em 2013\u00a0gravou seu primeiro trabalho autoral. \u201cEncontro\u201d re\u00fane 8 faixas, todas de autoria pr\u00f3pria. Foi acompanhado por uma banda da pesada: Daniel Santiago (viol\u00e3o), Frederico Heliodoro (baixo), Pedro Martins (guitarra), Renato Galv\u00e3o (bateria) e Josu\u00e9 Lopez (sax). A produ\u00e7\u00e3o foi de Daniel Santiago (guitarrista e violonista do Teatro M\u00e1gico, Jo\u00e3o Bosco e Hamilton de Holanda Quinteto).<\/p>\n<p>O\u00a0\u00e1lbum est\u00e1 dispon\u00edvel nas plataformas digitais Spotify, Deezer, Rdio, Itunes, entre outras. Em breve sair\u00e1 a vers\u00e3o CD, com capa muito bem transada, encarte contendo informa\u00e7\u00f5es sobre a produ\u00e7\u00e3o e outros detalhes que os &#8220;velhinhos&#8221; como eu ainda prezam em ter nas m\u00e3os.<\/p>\n<p>Vale a pena ouvir! Posto aqui a faixa &#8220;Dia Novo&#8221; para se ter uma degusta\u00e7\u00e3o da beleza que \u00e9 esse trabalho.<\/p>\n<p>&nbsp;<\/p>\n<p><iframe loading=\"lazy\" width=\"750\" height=\"400\" scrolling=\"no\" frameborder=\"no\" src=\"https:\/\/w.soundcloud.com\/player\/?visual=true&#038;url=https%3A%2F%2Fapi.soundcloud.com%2Ftracks%2F227807524&#038;show_artwork=true&#038;maxwidth=750&#038;maxheight=1000\"><\/iframe><\/p>\n","protected":false},"excerpt":{"rendered":"<p>H\u00e1 algumas d\u00e9cadas atr\u00e1s os m\u00fasicos crist\u00e3os quase sempre ficavam restritos ao meio eclesi\u00e1stico, tocando apenas nos cultos. No entanto, essa profiss\u00e3o conquistou espa\u00e7o e hoje \u00e9 reconhecida t\u00e3o digna quanto qualquer outra.<br \/>\nS\u00e3o muitos os profissionais crist\u00e3os que se destacam no atual cen\u00e1rio musical erudito e popular. E a\u00a0m\u00fasica instrumental \u00a0tamb\u00e9m recebe contribui\u00e7\u00f5es de artistas [&#8230;]<\/p>\n","protected":false},"author":9,"featured_media":1509,"comment_status":"open","ping_status":"open","sticky":false,"template":"","format":"standard","meta":{"footnotes":""},"categories":[116],"tags":[5491,11425,11370,24326],"class_list":["post-1507","post","type-post","status-publish","format-standard","has-post-thumbnail","hentry","category-blog","tag-encontro","tag-felipe-viegas","tag-musica-instrumental","tag-piano"],"_links":{"self":[{"href":"https:\/\/ultimato.com.br\/sites\/carlinhosveiga\/wp-json\/wp\/v2\/posts\/1507","targetHints":{"allow":["GET"]}}],"collection":[{"href":"https:\/\/ultimato.com.br\/sites\/carlinhosveiga\/wp-json\/wp\/v2\/posts"}],"about":[{"href":"https:\/\/ultimato.com.br\/sites\/carlinhosveiga\/wp-json\/wp\/v2\/types\/post"}],"author":[{"embeddable":true,"href":"https:\/\/ultimato.com.br\/sites\/carlinhosveiga\/wp-json\/wp\/v2\/users\/9"}],"replies":[{"embeddable":true,"href":"https:\/\/ultimato.com.br\/sites\/carlinhosveiga\/wp-json\/wp\/v2\/comments?post=1507"}],"version-history":[{"count":7,"href":"https:\/\/ultimato.com.br\/sites\/carlinhosveiga\/wp-json\/wp\/v2\/posts\/1507\/revisions"}],"predecessor-version":[{"id":1516,"href":"https:\/\/ultimato.com.br\/sites\/carlinhosveiga\/wp-json\/wp\/v2\/posts\/1507\/revisions\/1516"}],"wp:featuredmedia":[{"embeddable":true,"href":"https:\/\/ultimato.com.br\/sites\/carlinhosveiga\/wp-json\/wp\/v2\/media\/1509"}],"wp:attachment":[{"href":"https:\/\/ultimato.com.br\/sites\/carlinhosveiga\/wp-json\/wp\/v2\/media?parent=1507"}],"wp:term":[{"taxonomy":"category","embeddable":true,"href":"https:\/\/ultimato.com.br\/sites\/carlinhosveiga\/wp-json\/wp\/v2\/categories?post=1507"},{"taxonomy":"post_tag","embeddable":true,"href":"https:\/\/ultimato.com.br\/sites\/carlinhosveiga\/wp-json\/wp\/v2\/tags?post=1507"}],"curies":[{"name":"wp","href":"https:\/\/api.w.org\/{rel}","templated":true}]}}