{"id":1476,"date":"2015-05-20T10:06:30","date_gmt":"2015-05-20T13:06:30","guid":{"rendered":"http:\/\/ultimato.com.br\/sites\/carlinhosveiga\/?p=1476"},"modified":"2015-05-20T10:08:27","modified_gmt":"2015-05-20T13:08:27","slug":"valendo-no-orbis","status":"publish","type":"post","link":"https:\/\/ultimato.com.br\/sites\/carlinhosveiga\/2015\/05\/20\/valendo-no-orbis\/","title":{"rendered":"Valendo no Orbis"},"content":{"rendered":"<p>Orbis \u00e9 um est\u00fadio de nome em Bras\u00edlia. Dirigido por Marcos Paulo Pagani, recentemente recebeu o Pr\u00eamio Profissionais da M\u00fasica em 2015 como o melhor est\u00fadio de masteriza\u00e7\u00e3o. H\u00e1 mais de um ano, criou o projeto audiovisual &#8220;Valendo no Orbis&#8221;. Nesta s\u00e9rie, procura tirar o som de uma banda \u00e0 moda antiga, ou seja, gravando ao vivo, sem overdubs, edi\u00e7\u00f5es ou dobras de canais. O som chega como ele \u00e9, passando apenas por uma mixagem, colocando timbres e volumes nos seus devidos lugares.<\/p>\n<p>O projeto j\u00e1 est\u00e1 em sua segunda edi\u00e7\u00e3o. E nessa feita fomos convidados a participar. Escolhi duas parcerias minhas com Gladir Cabral: a contagiante &#8220;Rastap\u00e9&#8221; &#8211; \u00a0um rastap\u00e9 caipira inspirado nos sucessos antigos de Tonico e Tinoco (Moreninha Linda), e &#8220;Ouro Preto&#8221; &#8211; nossa\u00a0can\u00e7\u00e3o premiada no Festival Candango Cantador. Ambas integram meu novo CD &#8220;Parceiragens&#8221;.<\/p>\n<p>Fui acompanhado por meus amigos, irm\u00e3os parceiros de longa caminhada: Cl\u00e1udia Barbosa (flauta), Eline M\u00e1rcia (vocal), Leo Barbosa (percuss\u00e3o), Ismael Rattis (percuteria), Felipe Viegas (viol\u00e3o e piano). Marcou a despedida, espero que provis\u00f3ria, do Pedro Feitoza (baixo), que nos deixou por um tempo, por causa de seu doutoramento na Inglaterra. Bons estudos, meu filho!<\/p>\n<p>Curtam a\u00ed: Carlinhos Veiga e Banda no &#8220;Valendo no Orbis&#8221;! E nos ajude a espalhar&#8230;<\/p>\n<p><iframe loading=\"lazy\" width=\"750\" height=\"422\" src=\"https:\/\/www.youtube.com\/embed\/e5rH7ELvQKI?feature=oembed\" frameborder=\"0\" allowfullscreen><\/iframe><\/p>\n","protected":false},"excerpt":{"rendered":"<p>Orbis \u00e9 um est\u00fadio de nome em Bras\u00edlia. Dirigido por Marcos Paulo Pagani, recentemente recebeu o Pr\u00eamio Profissionais da M\u00fasica em 2015 como o melhor est\u00fadio de masteriza\u00e7\u00e3o. H\u00e1 mais de um ano, criou o projeto audiovisual &#8220;Valendo no Orbis&#8221;. Nesta s\u00e9rie, procura tirar o som de uma banda \u00e0 moda antiga, ou seja, gravando [&#8230;]<\/p>\n","protected":false},"author":9,"featured_media":1477,"comment_status":"open","ping_status":"open","sticky":false,"template":"","format":"standard","meta":{"footnotes":""},"categories":[116],"tags":[35,6421,184,150,24320,24319,24318,92],"class_list":["post-1476","post","type-post","status-publish","format-standard","has-post-thumbnail","hentry","category-blog","tag-carlinhos-veiga","tag-carlinhos-veiga-e-banda","tag-gladir-cabral","tag-mpb","tag-ouro-preto","tag-rastape","tag-valendo-no-orbis","tag-video"],"_links":{"self":[{"href":"https:\/\/ultimato.com.br\/sites\/carlinhosveiga\/wp-json\/wp\/v2\/posts\/1476","targetHints":{"allow":["GET"]}}],"collection":[{"href":"https:\/\/ultimato.com.br\/sites\/carlinhosveiga\/wp-json\/wp\/v2\/posts"}],"about":[{"href":"https:\/\/ultimato.com.br\/sites\/carlinhosveiga\/wp-json\/wp\/v2\/types\/post"}],"author":[{"embeddable":true,"href":"https:\/\/ultimato.com.br\/sites\/carlinhosveiga\/wp-json\/wp\/v2\/users\/9"}],"replies":[{"embeddable":true,"href":"https:\/\/ultimato.com.br\/sites\/carlinhosveiga\/wp-json\/wp\/v2\/comments?post=1476"}],"version-history":[{"count":2,"href":"https:\/\/ultimato.com.br\/sites\/carlinhosveiga\/wp-json\/wp\/v2\/posts\/1476\/revisions"}],"predecessor-version":[{"id":1479,"href":"https:\/\/ultimato.com.br\/sites\/carlinhosveiga\/wp-json\/wp\/v2\/posts\/1476\/revisions\/1479"}],"wp:featuredmedia":[{"embeddable":true,"href":"https:\/\/ultimato.com.br\/sites\/carlinhosveiga\/wp-json\/wp\/v2\/media\/1477"}],"wp:attachment":[{"href":"https:\/\/ultimato.com.br\/sites\/carlinhosveiga\/wp-json\/wp\/v2\/media?parent=1476"}],"wp:term":[{"taxonomy":"category","embeddable":true,"href":"https:\/\/ultimato.com.br\/sites\/carlinhosveiga\/wp-json\/wp\/v2\/categories?post=1476"},{"taxonomy":"post_tag","embeddable":true,"href":"https:\/\/ultimato.com.br\/sites\/carlinhosveiga\/wp-json\/wp\/v2\/tags?post=1476"}],"curies":[{"name":"wp","href":"https:\/\/api.w.org\/{rel}","templated":true}]}}