{"id":1471,"date":"2015-04-11T21:47:52","date_gmt":"2015-04-12T00:47:52","guid":{"rendered":"http:\/\/ultimato.com.br\/sites\/carlinhosveiga\/?p=1471"},"modified":"2015-04-11T21:50:08","modified_gmt":"2015-04-12T00:50:08","slug":"marrakita-da-a-cara-a-tapa","status":"publish","type":"post","link":"https:\/\/ultimato.com.br\/sites\/carlinhosveiga\/2015\/04\/11\/marrakita-da-a-cara-a-tapa\/","title":{"rendered":"Marrakit\u00e1 d\u00e1 a cara a tapa!"},"content":{"rendered":"<p>Muitas bandas legais tem surgido ultimamente no cen\u00e1rio da m\u00fasica crist\u00e3 brasileira. Uma das que se despontam \u00e9, sem d\u00favida alguma, a Marrakit\u00e1. Eles s\u00e3o de Bras\u00edlia e fazem um som muito legal. Escrevi sobre eles recentemente\u00a0(<a href=\"http:\/\/ultimato.com.br\/sites\/carlinhosveiga\/2014\/07\/23\/o-som-de-marrrakita\/\" target=\"_blank\" rel=\"nofollow\">http:\/\/ultimato.com.br\/\u2026\/ca\u2026\/2014\/07\/23\/o-som-de-marrrakita\/<\/a>), quando lan\u00e7aram seu primeiro EP &#8220;Ao vivo e em casa&#8221;. Foi um lan\u00e7amento interessante, onde o v\u00eddeo de cada m\u00fasica gravada ao vivo e na casa de um dos integrantes, ia sendo postado no youtube a cada semana.<br \/>\nAgora pretendem lan\u00e7ar o segundo EP, gravado em est\u00fadio, e para isso est\u00e3o correndo para levantar a grana atrav\u00e9s de um financiamento coletivo (crowdfunding).<br \/>\nQue tal dar uma for\u00e7a para esse pessoal? Vamos apoiar a arte que vale a pena:\u00a0<a href=\"https:\/\/www.catarse.me\/pt\/marrakita\" target=\"_blank\" rel=\"nofollow\">https:\/\/www.catarse.me\/pt\/marrakita<\/a>.<br \/>\nMas corre, porque o prazo est\u00e1 acabando&#8230;<\/p>\n<p><img loading=\"lazy\" decoding=\"async\" class=\"alignleft size-medium wp-image-1472\" src=\"http:\/\/ultimato.com.br\/sites\/carlinhosveiga\/files\/2015\/04\/marrakit\u00e1-300x200.jpg\" alt=\"Processed with VSCOcam with c1 preset\" width=\"300\" height=\"200\" srcset=\"https:\/\/ultimato.com.br\/sites\/carlinhosveiga\/files\/2015\/04\/marrakit\u00e1-300x200.jpg 300w, https:\/\/ultimato.com.br\/sites\/carlinhosveiga\/files\/2015\/04\/marrakit\u00e1-150x100.jpg 150w, https:\/\/ultimato.com.br\/sites\/carlinhosveiga\/files\/2015\/04\/marrakit\u00e1.jpg 799w\" sizes=\"auto, (max-width: 300px) 100vw, 300px\" \/><\/p>\n","protected":false},"excerpt":{"rendered":"<p>Muitas bandas legais tem surgido ultimamente no cen\u00e1rio da m\u00fasica crist\u00e3 brasileira. Uma das que se despontam \u00e9, sem d\u00favida alguma, a Marrakit\u00e1. Eles s\u00e3o de Bras\u00edlia e fazem um som muito legal. Escrevi sobre eles recentemente\u00a0(http:\/\/ultimato.com.br\/\u2026\/ca\u2026\/2014\/07\/23\/o-som-de-marrrakita\/), quando lan\u00e7aram seu primeiro EP &#8220;Ao vivo e em casa&#8221;. Foi um lan\u00e7amento interessante, onde o v\u00eddeo de [&#8230;]<\/p>\n","protected":false},"author":9,"featured_media":1472,"comment_status":"open","ping_status":"open","sticky":false,"template":"","format":"standard","meta":{"footnotes":""},"categories":[116],"tags":[11394,11414,24317],"class_list":["post-1471","post","type-post","status-publish","format-standard","has-post-thumbnail","hentry","category-blog","tag-crowdfunding","tag-marrakita","tag-musica-independente"],"_links":{"self":[{"href":"https:\/\/ultimato.com.br\/sites\/carlinhosveiga\/wp-json\/wp\/v2\/posts\/1471","targetHints":{"allow":["GET"]}}],"collection":[{"href":"https:\/\/ultimato.com.br\/sites\/carlinhosveiga\/wp-json\/wp\/v2\/posts"}],"about":[{"href":"https:\/\/ultimato.com.br\/sites\/carlinhosveiga\/wp-json\/wp\/v2\/types\/post"}],"author":[{"embeddable":true,"href":"https:\/\/ultimato.com.br\/sites\/carlinhosveiga\/wp-json\/wp\/v2\/users\/9"}],"replies":[{"embeddable":true,"href":"https:\/\/ultimato.com.br\/sites\/carlinhosveiga\/wp-json\/wp\/v2\/comments?post=1471"}],"version-history":[{"count":2,"href":"https:\/\/ultimato.com.br\/sites\/carlinhosveiga\/wp-json\/wp\/v2\/posts\/1471\/revisions"}],"predecessor-version":[{"id":1474,"href":"https:\/\/ultimato.com.br\/sites\/carlinhosveiga\/wp-json\/wp\/v2\/posts\/1471\/revisions\/1474"}],"wp:featuredmedia":[{"embeddable":true,"href":"https:\/\/ultimato.com.br\/sites\/carlinhosveiga\/wp-json\/wp\/v2\/media\/1472"}],"wp:attachment":[{"href":"https:\/\/ultimato.com.br\/sites\/carlinhosveiga\/wp-json\/wp\/v2\/media?parent=1471"}],"wp:term":[{"taxonomy":"category","embeddable":true,"href":"https:\/\/ultimato.com.br\/sites\/carlinhosveiga\/wp-json\/wp\/v2\/categories?post=1471"},{"taxonomy":"post_tag","embeddable":true,"href":"https:\/\/ultimato.com.br\/sites\/carlinhosveiga\/wp-json\/wp\/v2\/tags?post=1471"}],"curies":[{"name":"wp","href":"https:\/\/api.w.org\/{rel}","templated":true}]}}