{"id":1458,"date":"2015-02-05T14:50:35","date_gmt":"2015-02-05T17:50:35","guid":{"rendered":"http:\/\/ultimato.com.br\/sites\/carlinhosveiga\/?p=1458"},"modified":"2015-02-05T14:50:35","modified_gmt":"2015-02-05T17:50:35","slug":"amarilio-voz-e-violao","status":"publish","type":"post","link":"https:\/\/ultimato.com.br\/sites\/carlinhosveiga\/2015\/02\/05\/amarilio-voz-e-violao\/","title":{"rendered":"Amar\u00edlio voz e viol\u00e3o"},"content":{"rendered":"<p>Na coluna Novos Acordes da edi\u00e7\u00e3o de janeiro\/fevereiro da Ultimato, publiquei o lan\u00e7amento do CD de Amar\u00edlio Fontenele, intitulado \u201cPeregrino\u201d. Aos 70 anos ele idealizou esse trabalho que agora foi conclu\u00eddo de maneira primorosa. Contou com uma produ\u00e7\u00e3o e m\u00fasicos de alto n\u00edvel, fazendo jus \u00e0 qualidade de suas composi\u00e7\u00f5es.<\/p>\n<p>As can\u00e7\u00f5es de Amar\u00edlio j\u00e1 eram conhecidas na voz de Josu\u00e9 Rodrigues, Paulo C\u00e9zar (Grupo Logos), o rapper Amaury Fontenele, que por sinal \u00e9 seu filho, entre outros.<\/p>\n<p>Hoje posto Amar\u00edlio, voz e viol\u00e3o, cantando \u201cAh! Voc\u00ea\u201d, de sua autoria. Esse v\u00eddeo faz parte do projeto Solo. Curte a\u00ed!<\/p>\n<p>&nbsp;<\/p>\n<p>http:\/\/youtu.be\/KhjHkVqHiuc<\/p>\n","protected":false},"excerpt":{"rendered":"<p>Na coluna Novos Acordes da edi\u00e7\u00e3o de janeiro\/fevereiro da Ultimato, publiquei o lan\u00e7amento do CD de Amar\u00edlio Fontenele, intitulado \u201cPeregrino\u201d. Aos 70 anos ele idealizou esse trabalho que agora foi conclu\u00eddo de maneira primorosa. Contou com uma produ\u00e7\u00e3o e m\u00fasicos de alto n\u00edvel, fazendo jus \u00e0 qualidade de suas composi\u00e7\u00f5es.<br \/>\nAs can\u00e7\u00f5es de Amar\u00edlio j\u00e1 eram [&#8230;]<\/p>\n","protected":false},"author":9,"featured_media":1459,"comment_status":"open","ping_status":"open","sticky":false,"template":"","format":"standard","meta":{"footnotes":""},"categories":[116],"tags":[24314,24323,5855,24315],"class_list":["post-1458","post","type-post","status-publish","format-standard","has-post-thumbnail","hentry","category-blog","tag-amarilio-fontenele","tag-novos-acordes","tag-peregrino","tag-voz-e-violao"],"_links":{"self":[{"href":"https:\/\/ultimato.com.br\/sites\/carlinhosveiga\/wp-json\/wp\/v2\/posts\/1458","targetHints":{"allow":["GET"]}}],"collection":[{"href":"https:\/\/ultimato.com.br\/sites\/carlinhosveiga\/wp-json\/wp\/v2\/posts"}],"about":[{"href":"https:\/\/ultimato.com.br\/sites\/carlinhosveiga\/wp-json\/wp\/v2\/types\/post"}],"author":[{"embeddable":true,"href":"https:\/\/ultimato.com.br\/sites\/carlinhosveiga\/wp-json\/wp\/v2\/users\/9"}],"replies":[{"embeddable":true,"href":"https:\/\/ultimato.com.br\/sites\/carlinhosveiga\/wp-json\/wp\/v2\/comments?post=1458"}],"version-history":[{"count":1,"href":"https:\/\/ultimato.com.br\/sites\/carlinhosveiga\/wp-json\/wp\/v2\/posts\/1458\/revisions"}],"predecessor-version":[{"id":1460,"href":"https:\/\/ultimato.com.br\/sites\/carlinhosveiga\/wp-json\/wp\/v2\/posts\/1458\/revisions\/1460"}],"wp:featuredmedia":[{"embeddable":true,"href":"https:\/\/ultimato.com.br\/sites\/carlinhosveiga\/wp-json\/wp\/v2\/media\/1459"}],"wp:attachment":[{"href":"https:\/\/ultimato.com.br\/sites\/carlinhosveiga\/wp-json\/wp\/v2\/media?parent=1458"}],"wp:term":[{"taxonomy":"category","embeddable":true,"href":"https:\/\/ultimato.com.br\/sites\/carlinhosveiga\/wp-json\/wp\/v2\/categories?post=1458"},{"taxonomy":"post_tag","embeddable":true,"href":"https:\/\/ultimato.com.br\/sites\/carlinhosveiga\/wp-json\/wp\/v2\/tags?post=1458"}],"curies":[{"name":"wp","href":"https:\/\/api.w.org\/{rel}","templated":true}]}}