{"id":1439,"date":"2015-01-07T07:51:07","date_gmt":"2015-01-07T10:51:07","guid":{"rendered":"http:\/\/ultimato.com.br\/sites\/carlinhosveiga\/?p=1439"},"modified":"2015-01-07T17:37:02","modified_gmt":"2015-01-07T20:37:02","slug":"eventos-musicais-que-voce-nao-pode-perder-em-2015","status":"publish","type":"post","link":"https:\/\/ultimato.com.br\/sites\/carlinhosveiga\/2015\/01\/07\/eventos-musicais-que-voce-nao-pode-perder-em-2015\/","title":{"rendered":"Eventos musicais que voc\u00ea n\u00e3o pode perder em 2015"},"content":{"rendered":"<p><a href=\"http:\/\/ultimato.com.br\/sites\/carlinhosveiga\/files\/2015\/01\/Opi_07_01_15_Eventos_para_2015_CarlinhosVeiga.jpg\"><img loading=\"lazy\" decoding=\"async\" class=\"alignright wp-image-1444 size-medium\" src=\"http:\/\/ultimato.com.br\/sites\/carlinhosveiga\/files\/2015\/01\/Opi_07_01_15_Eventos_para_2015_CarlinhosVeiga-300x284.jpg\" alt=\"Opi_07_01_15_Eventos_para_2015_CarlinhosVeiga\" width=\"300\" height=\"284\" srcset=\"https:\/\/ultimato.com.br\/sites\/carlinhosveiga\/files\/2015\/01\/Opi_07_01_15_Eventos_para_2015_CarlinhosVeiga-300x284.jpg 300w, https:\/\/ultimato.com.br\/sites\/carlinhosveiga\/files\/2015\/01\/Opi_07_01_15_Eventos_para_2015_CarlinhosVeiga-1024x969.jpg 1024w, https:\/\/ultimato.com.br\/sites\/carlinhosveiga\/files\/2015\/01\/Opi_07_01_15_Eventos_para_2015_CarlinhosVeiga-150x142.jpg 150w, https:\/\/ultimato.com.br\/sites\/carlinhosveiga\/files\/2015\/01\/Opi_07_01_15_Eventos_para_2015_CarlinhosVeiga.jpg 1373w\" sizes=\"auto, (max-width: 300px) 100vw, 300px\" \/><\/a>Em 2014 presenciamos uma interessante e significativa movimenta\u00e7\u00e3o nas artes crist\u00e3s. Se nos anos anteriores, quem comandava especialmente a m\u00fasica eram as grandes gravadoras gospel, vemos que um movimento alternativo, ainda pequeno, mas consistente, vem tomando forma e ocupando os espa\u00e7os. \u00c9 not\u00f3rio que as grandes gravadoras gospel tornam-se cada vez mais conhecidas, entrando de vez na grande m\u00eddia, elevando seus artistas ao patamar de \u201ccelebridades\u201d. Mas vemos, ao mesmo tempo, esse outro movimento alternativo crescendo e indo para al\u00e9m dos espa\u00e7os antes delimitados e destinados aos evang\u00e9licos, levando arte de qualidade para um p\u00fablico diferenciado.<\/p>\n<p>Para 2015, muita coisa est\u00e1 prevista. J\u00e1 conseguimos antever um bom e movimentado ano para as artes. Veja como anda a agenda para o pr\u00f3ximo ano:<\/p>\n<p><a href=\"http:\/\/www.mpc.org.br\"><strong>SOM DO C\u00c9U<\/strong><\/a><\/p>\n<p>Pioneiro entre os eventos crist\u00e3os de arte, o Som do C\u00e9u comemora seus 31 anos de maneira diferente em 2015. Tradicionalmente o SDC acontece no acampamento da Mocidade Para Cristo, em S\u00e3o Sebasti\u00e3o das \u00c1guas Claras, nas proximidades de Belo Horizonte. Mas em 2015 circular\u00e1 por algumas cidades brasileiras, num evento itinerante. Segundo o diretor nacional da MPC e produtor do SDC, Marcelo Gualberto, est\u00e3o nos planos as cidades de Belo Horizonte, S\u00e3o Paulo, Bras\u00edlia, Goi\u00e2nia e Vit\u00f3ria. Os interessados poder\u00e3o acompanhar as not\u00edcias, datas desses shows e artistas participantes, a partir de fevereiro pelo site da Mocidade Para Cristo (link acima) ou na p\u00e1gina do <a href=\"http:\/\/www.facebook.com\/somdoceumpc\">evento no Facebook<\/a>.<\/p>\n<p><a href=\"http:\/\/www.prosaecanto.org\"><strong>PROSA E CANTO<\/strong><\/a><\/p>\n<p>O Prosa &amp; Canto se destacou nos \u00faltimos anos por ser um dos primeiros eventos a apresentar-se como festival, diferentemente da maioria que mant\u00e9m a forma tradicional de acampamento. Os participantes n\u00e3o ficam hospedados no local e os shows acontecem somente no per\u00edodo do fim de tarde e noite. Os artistas se revezam em dois palcos distintos. Para 2015 planejam a grava\u00e7\u00e3o ao vivo do CD de Fil Fortes, no Palco Natureza (em meio a mata) e a apresenta\u00e7\u00e3o da banda holandesa \u201cBalcony Players\u201d. Motivados pelo resultado de p\u00fablico na edi\u00e7\u00e3o de 2014, pretendem limitar a quantidade de ingressos por noite, objetivando assegurar a qualidade da programa\u00e7\u00e3o. A edi\u00e7\u00e3o de 2015 ser\u00e1 nos dias 24 a 27 de junho e seguir\u00e1 acontecendo na Ch\u00e1cara Formiga, pr\u00f3xima a An\u00e1polis (GO).<\/p>\n<p>No entanto, Beto Ribeiro, idealizador e produtor, anuncia para janeiro de 2015 uma edi\u00e7\u00e3o especial &#8211; o \u201cProsa &amp; Canto Sert\u00e3o\u201d. Ser\u00e1 realizada na cidade de Cai\u00e7arinha da Penha, sert\u00e3o de Pernambuco, numa parceria com o grupo musical e miss\u00e3o Sal da Terra. Na ocasi\u00e3o ser\u00e1 gravado um DVD comemorativo aos 20 anos da miss\u00e3o. Foram confirmadas as participa\u00e7\u00f5es de Baixo &amp; Voz, Josimar Bianchi e Roberto Diamanso al\u00e9m, \u00e9 claro, do pr\u00f3prio Sal da Terra.<\/p>\n<p><a href=\"http:\/\/nossamusicabrasileira.blogspot.com.br\"><strong>NOSSA MUSICA BRASILEIRA<\/strong><\/a><\/p>\n<p>Como o pr\u00f3prio nome diz, o NMB surgiu com a proposta de valorizar a musica essencialmente brasileira que tinha certa express\u00e3o nas igrejas, mas que ainda n\u00e3o contava com um espa\u00e7o pr\u00f3prio para a sua difus\u00e3o. Muitos artistas j\u00e1 passaram por l\u00e1: alguns j\u00e1 conhecidos e outros que foram lan\u00e7ados naqueles palcos. A 9\u00aa edi\u00e7\u00e3o do Nossa M\u00fasica Brasileira acontece nos dias 28 a 30 de agosto, no Acampamento Jovens da Verdade, em Aruj\u00e1, S\u00e3o Paulo. At\u00e9 o momento n\u00e3o foi definida a lista de convidados para este ano. Mas, os interessados podem acompanhar as not\u00edcias pelo site (link acima) ou pela <a href=\"http:\/\/www.facebook.com\/MusicBrasileira\">p\u00e1gina no Facebook<\/a>.<\/p>\n<p><strong><a href=\"http:\/\/www.somdaserra.com\">SOM DA SERRA<\/a><br \/>\n<\/strong><\/p>\n<p>Em 2009 o Acampamento Ref\u00fagio, encravado no p\u00e9 da Serra do Carmo, nas proximidades de Palmas (TO), promoveu o primeiro Som da Serra. Ele surgiu numa conversa entre os pastores Paulo Passos e Walvir Soares sobre a necessidade de se ter um acampamento nos moldes do Som do C\u00e9u no centro norte do Brasil. Desde ent\u00e3o j\u00e1 aconteceram seis edi\u00e7\u00f5es. Passaram por l\u00e1 Walvir Soares, Eliseu Eduardo, Rub\u00e3o Lima, Expresso Luz, Jorge Camargo, Vencedores Por Cristo, Carlinhos F\u00e9lix, Wesley e Marlene, entre outros.<\/p>\n<p>A 7\u00aa edi\u00e7\u00e3o do Som da Serra est\u00e1 prevista para o feriado de Corpus Cristi, de 04 a 06 de junho. Ainda n\u00e3o foram divulgados os artistas convidados. Sem fins lucrativos, o evento oferece a oportunidade de participa\u00e7\u00e3o a baixo custo.<\/p>\n<p><a href=\"http:\/\/www.rocknovale.com.br\"><strong>ROCK NO VALE<\/strong><\/a><\/p>\n<p>Recentemente publiquei uma mat\u00e9ria sobre o Rock no Vale, o ca\u00e7ula dos eventos de artes crist\u00e3s no Brasil que tem por proposta o trip\u00e9: M\u00fasica, Reino e Sustentabilidade. O RNV chegou com uma enorme for\u00e7a. Para se ter uma id\u00e9ia, a primeira edi\u00e7\u00e3o, em dezembro de 2013 contou com cerca de 1.000 participantes. Na segunda edi\u00e7\u00e3o, em 2014, subiu para 1.500. A terceira edi\u00e7\u00e3o do Festival est\u00e1 prevista para 4 a 6 de dezembro de 2015 e promete muitas novidades.<\/p>\n<p>O evento mescla no programa palestras sobre sustentabilidade com shows de m\u00fasica pop e rock de bandas \u201cconfessionais e n\u00e3o confessionais\u201d. Compondo a lista de convidados para 2015, foram cogitados\u00a0os nomes de Marina Silva, dependendo de uma confirma\u00e7\u00e3o de sua assessoria, e da ONG A Rocha. A produ\u00e7\u00e3o guarda a sete chaves o nome de uma conhecida banda brasileira, n\u00e3o confessional, como um dos atrativos para a terceira edi\u00e7\u00e3o.<\/p>\n<p>&nbsp;<\/p>\n<p><strong>LAN\u00c7AMENTOS E SHOWS PREVISTOS<\/strong><\/p>\n<p>Dentre os lan\u00e7amentos e shows previstos para este ano, constam:<\/p>\n<p>&nbsp;<\/p>\n<ul>\n<li><strong>Rub\u00e3o Lima<\/strong> lan\u00e7a, na segunda quinzena de mar\u00e7o, o \u00e1lbum <strong>\u201cA Caminho do Mar\u201d<\/strong>, produzido atrav\u00e9s de crowfunding (financiamento coletivo). Um CD que mistura reggae com elementos da musica regional brasileira, como o bumba-meu-boi, entre outros ritmos. Est\u00e3o previstos shows de lan\u00e7amentos em algumas cidades brasileiras.<\/li>\n<\/ul>\n<ul>\n<li>O grupo musical <strong>Expresso Luz<\/strong> lan\u00e7a um novo trabalho ainda no primeiro semestre. Um disco de can\u00e7\u00f5es que \u201cbuscam uma simplicidade boa de cantar\u201d. Composi\u00e7\u00f5es do pr\u00f3prio grupo e de Andr\u00e9 Pimenta, Gladir Cabral e Paulo Nazareth. O t\u00edtulo provis\u00f3rio \u00e9 <strong>\u201cCan\u00e7\u00f5es de Sol e Chuva\u201d<\/strong>.<\/li>\n<\/ul>\n<ul>\n<li><strong>Gladir Cabral<\/strong> tem pelo menos dois projetos bem adiantados: Com <strong>Jorge Camargo<\/strong> lan\u00e7a o \u00e1lbum <strong>\u201cToda Azul\u201d<\/strong> &#8211; can\u00e7\u00f5es que refletem sobre o cosmos, a Terra e a presen\u00e7a de Deus neste Universo. Planeja tamb\u00e9m o lan\u00e7amento do <strong>\u201cS\u00f3\u201d,<\/strong> um CD solo que re\u00fane uma s\u00e9rie de can\u00e7\u00f5es autorais de esperan\u00e7a e alento para os que sofrem.<\/li>\n<\/ul>\n<ul>\n<li><strong>Vencedores Por Cristo<\/strong> (VPC) lan\u00e7ou no final de 2014 o DVD <strong>\u201cA Visita\u201d<\/strong>, reunindo um material gravado pelas equipes musicais que atuaram entre 2009 e 2011. S\u00e3o can\u00e7\u00f5es in\u00e9ditas. Para 2015 v\u00e3o investir na divulga\u00e7\u00e3o desse novo trabalho.<\/li>\n<\/ul>\n<ul>\n<li>O violonista e compositor <strong>Quico Fagundes<\/strong> tamb\u00e9m tem muitos planos para o ano. Pretende lan\u00e7ar um novo CD com composi\u00e7\u00f5es autorais evang\u00e9licas, letradas, onde contar\u00e1 com a participa\u00e7\u00e3o especial de v\u00e1rios amigos m\u00fasicos. Pretende ainda manter os lan\u00e7amentos de v\u00eddeos de m\u00fasica instrumental no Youtube, dessa vez em parceira com a flautista Melina Prista e o violinista e guitarrista Toninho Maya. O seu canal no Youtube atingiu em 2014 a impressionante marca de 100 mil acessos.<\/li>\n<\/ul>\n<ul>\n<li><strong>Air\u00f4 Barros<\/strong> teve um 2014 bem interessante, com uma elogiada participa\u00e7\u00e3o no programa \u201cSenhor Brasil\u201d, do renomado Rolando Boldrim. Agora prev\u00ea o lan\u00e7amento do seu segundo CD, <strong>\u201cPausa\u201d<\/strong>, com produ\u00e7\u00e3o do maestro Fernando Merlino. O levantamento dos recursos ser\u00e1 via crowdfunding.<\/li>\n<\/ul>\n<ul>\n<li><strong>Marcos Almeida<\/strong>, depois de deixar a banda PalavrAntiga, seguiu com novos projetos. Lan\u00e7ou em dezembro do ano passado o single \u201cBiqu\u00edni de Natal\u201d acompanhado de um booklet, com um encarte criado pela artista Angela Bacon. Esse projeto digital est\u00e1 dispon\u00edvel na internet (<a href=\"http:\/\/som.li\/1zF3eZW\">iTunes<\/a>, <a href=\"http:\/\/som.li\/1BsWrGS\">Deezer<\/a>, <a href=\"http:\/\/som.li\/1yH6NAE\">Spotify<\/a> ou <a href=\"http:\/\/rd.io\/x\/QVIMDSIQH30\/\">Rdio<\/a>). Lan\u00e7ou tamb\u00e9m o livreto com o conto \u201cNatal nos tr\u00f3picos \u2013 um conto de ver\u00e3o\u201d acompanhado do CD f\u00edsico com a m\u00fasica \u201cBiquini de Natal\u201d, que pode ser adquirido na loja <a href=\"http:\/\/tanlup.com\">tanlup<\/a>.<\/li>\n<\/ul>\n<ul>\n<li><strong>S\u00e9rgio Pereira<\/strong> do Baixo e Voz planeja lan\u00e7ar o livro <strong>\u201cO m\u00fasico profissional: conselhos e ideias para a carreira\u201d<\/strong>, reunindo coment\u00e1rios de m\u00fasicos influentes como Adriano Giffoni, T\u00f3 Brandileone (5 a Seco), Andr\u00e9 Mehmari, Benjamim Taubkin, Jo\u00e3o Castilho, Maur\u00edcio Domene, Telo Borges entre v\u00e1rios outros.<\/li>\n<\/ul>\n<p>&nbsp;<\/p>\n","protected":false},"excerpt":{"rendered":"<p>Em 2014 presenciamos uma interessante e significativa movimenta\u00e7\u00e3o nas artes crist\u00e3s. Se nos anos anteriores, quem comandava especialmente a m\u00fasica eram as grandes gravadoras gospel, vemos que um movimento alternativo, ainda pequeno, mas consistente, vem tomando forma e ocupando os espa\u00e7os. \u00c9 not\u00f3rio que as grandes gravadoras gospel tornam-se cada vez mais conhecidas, entrando de [&#8230;]<\/p>\n","protected":false},"author":21,"featured_media":1444,"comment_status":"open","ping_status":"open","sticky":false,"template":"","format":"standard","meta":{"footnotes":""},"categories":[114],"tags":[11436,12734,11357,184,11442,11438,11437,11325,10725,24310,11400,6423,11439,6022,11441],"class_list":["post-1439","post","type-post","status-publish","format-standard","has-post-thumbnail","hentry","category-artigos","tag-11436","tag-airo-barros","tag-expresso-luz","tag-gladir-cabral","tag-marcos-almeida","tag-nossa-musica-brasileira","tag-prosa-e-canto","tag-quico-fagundes","tag-rock-no-vale","tag-rubao-lima","tag-sergio-pereira","tag-show","tag-som-da-serra","tag-som-do-ceu","tag-vencedores-por-cristo"],"_links":{"self":[{"href":"https:\/\/ultimato.com.br\/sites\/carlinhosveiga\/wp-json\/wp\/v2\/posts\/1439","targetHints":{"allow":["GET"]}}],"collection":[{"href":"https:\/\/ultimato.com.br\/sites\/carlinhosveiga\/wp-json\/wp\/v2\/posts"}],"about":[{"href":"https:\/\/ultimato.com.br\/sites\/carlinhosveiga\/wp-json\/wp\/v2\/types\/post"}],"author":[{"embeddable":true,"href":"https:\/\/ultimato.com.br\/sites\/carlinhosveiga\/wp-json\/wp\/v2\/users\/21"}],"replies":[{"embeddable":true,"href":"https:\/\/ultimato.com.br\/sites\/carlinhosveiga\/wp-json\/wp\/v2\/comments?post=1439"}],"version-history":[{"count":12,"href":"https:\/\/ultimato.com.br\/sites\/carlinhosveiga\/wp-json\/wp\/v2\/posts\/1439\/revisions"}],"predecessor-version":[{"id":1454,"href":"https:\/\/ultimato.com.br\/sites\/carlinhosveiga\/wp-json\/wp\/v2\/posts\/1439\/revisions\/1454"}],"wp:featuredmedia":[{"embeddable":true,"href":"https:\/\/ultimato.com.br\/sites\/carlinhosveiga\/wp-json\/wp\/v2\/media\/1444"}],"wp:attachment":[{"href":"https:\/\/ultimato.com.br\/sites\/carlinhosveiga\/wp-json\/wp\/v2\/media?parent=1439"}],"wp:term":[{"taxonomy":"category","embeddable":true,"href":"https:\/\/ultimato.com.br\/sites\/carlinhosveiga\/wp-json\/wp\/v2\/categories?post=1439"},{"taxonomy":"post_tag","embeddable":true,"href":"https:\/\/ultimato.com.br\/sites\/carlinhosveiga\/wp-json\/wp\/v2\/tags?post=1439"}],"curies":[{"name":"wp","href":"https:\/\/api.w.org\/{rel}","templated":true}]}}