{"id":1417,"date":"2014-12-30T16:07:23","date_gmt":"2014-12-30T19:07:23","guid":{"rendered":"http:\/\/ultimato.com.br\/sites\/carlinhosveiga\/?p=1417"},"modified":"2015-01-07T14:48:01","modified_gmt":"2015-01-07T17:48:01","slug":"o-rock-no-vale-veio-pra-ficar","status":"publish","type":"post","link":"https:\/\/ultimato.com.br\/sites\/carlinhosveiga\/2014\/12\/30\/o-rock-no-vale-veio-pra-ficar\/","title":{"rendered":"O Rock no Vale veio pra ficar"},"content":{"rendered":"<p><a href=\"http:\/\/ultimato.com.br\/sites\/carlinhosveiga\/files\/2014\/12\/povo2.jpg\"><img loading=\"lazy\" decoding=\"async\" class=\"alignleft wp-image-1422 size-medium\" src=\"http:\/\/ultimato.com.br\/sites\/carlinhosveiga\/files\/2014\/12\/povo2-300x200.jpg\" alt=\"\" width=\"300\" height=\"200\" srcset=\"https:\/\/ultimato.com.br\/sites\/carlinhosveiga\/files\/2014\/12\/povo2-300x200.jpg 300w, https:\/\/ultimato.com.br\/sites\/carlinhosveiga\/files\/2014\/12\/povo2-150x100.jpg 150w, https:\/\/ultimato.com.br\/sites\/carlinhosveiga\/files\/2014\/12\/povo2.jpg 960w\" sizes=\"auto, (max-width: 300px) 100vw, 300px\" \/><\/a><\/p>\n<p style=\"text-align: justify;\">Tudo come\u00e7ou numa sala de aula da FLAM \u2013 Faculdade Latino-americana de Teologia Integral \u2013 enquanto o professor Marcos Botelho discutia sobre hermen\u00eautica b\u00edblica, interpreta\u00e7\u00e3o do texto inspirado e os temas contempor\u00e2neos. Entre os alunos estava Rafael Diedrich, que, apesar de novo, j\u00e1 trabalhava como produtor de grandes eventos no meio secular. Foi ali que pensaram pela primeira vez na possibilidade de realizar um festival crist\u00e3o como os que acontecem nos EUA e em outros pa\u00edses, que reunisse bandas de diversos estilos, confessionais ou n\u00e3o, e palestras com renomados preletores crist\u00e3os.<\/p>\n<p style=\"text-align: justify;\">Em dezembro de 2013, no Acampamento Jovens da Verdade, em Aruj\u00e1, S\u00e3o Paulo, a id\u00e9ia virou realidade. Acontecia a primeira edi\u00e7\u00e3o do Rock no Vale, reunindo mais de 1.000 participantes, tendo como proposta o trip\u00e9: Reino de Deus, M\u00fasica e Sustentabilidade.<\/p>\n<p style=\"text-align: justify;\">Segundo Marcos Botelho, \u201cdesejamos trazer para o festival varias bandas boas e fazer dali um momento de aprendizado, troca de experi\u00eancias, lugar onde a arte possa fluir. Queremos ter bons te\u00f3logos da Miss\u00e3o Integral onde vamos discutir nosso papel na sociedade, a nossa responsabilidade do ponto de vista b\u00edblico quanto a sustentabilidade, a preserva\u00e7\u00e3o do planeta, a forma como podemos viver de forma sustent\u00e1vel essa vida aqui na terra\u201d.<\/p>\n<div id=\"attachment_1418\" style=\"width: 310px\" class=\"wp-caption alignright\"><a href=\"http:\/\/ultimato.com.br\/sites\/carlinhosveiga\/files\/2014\/12\/teatromagico.jpg\"><img loading=\"lazy\" decoding=\"async\" aria-describedby=\"caption-attachment-1418\" class=\"wp-image-1418 size-medium\" src=\"http:\/\/ultimato.com.br\/sites\/carlinhosveiga\/files\/2014\/12\/teatromagico-300x200.jpg\" alt=\"O Teatro M\u00e1gico na segunda edi\u00e7\u00e3o do RNV\" width=\"300\" height=\"200\" srcset=\"https:\/\/ultimato.com.br\/sites\/carlinhosveiga\/files\/2014\/12\/teatromagico-300x200.jpg 300w, https:\/\/ultimato.com.br\/sites\/carlinhosveiga\/files\/2014\/12\/teatromagico-1024x684.jpg 1024w, https:\/\/ultimato.com.br\/sites\/carlinhosveiga\/files\/2014\/12\/teatromagico-150x100.jpg 150w, https:\/\/ultimato.com.br\/sites\/carlinhosveiga\/files\/2014\/12\/teatromagico.jpg 1280w\" sizes=\"auto, (max-width: 300px) 100vw, 300px\" \/><\/a><p id=\"caption-attachment-1418\" class=\"wp-caption-text\">O Teatro M\u00e1gico na segunda edi\u00e7\u00e3o do RNV<\/p><\/div>\n<p style=\"text-align: justify;\">A segunda edi\u00e7\u00e3o do RNV aconteceu nos dias 5 a 7 de dezembro de 2014, no mesmo local do ano anterior, com cerca de 1500 participantes. Teve como preletores Ariovaldo Ramos, presente desde o come\u00e7o no projeto, Ant\u00f4nio Carlos Costa, presidente da ONG Rio de Paz, e Marina Silva, candidata a presidente da Rep\u00fablica nas \u00faltimas elei\u00e7\u00f5es, reconhecida e premiada internacionalmente por sua milit\u00e2ncia ambientalista. Pisaram nos palcos do RNV as bandas Os Arrais e Dominic Balli, vindos dos EUA, e as brasileir\u00edssimas Resgate, Crombie, Lorena Chaves, Simonami, Supercombo, Doutor Jupter e Teatro M\u00e1gico.<\/p>\n<p style=\"text-align: justify;\">Desde a primeira edi\u00e7\u00e3o a estrutura cresceu bastante. Marcos Botelho diz que \u201cagora come\u00e7amos realmente aprender a fazer o festival\u201d. Nesse ano o evento contou com equipamentos de som compat\u00edveis com os melhores festivais de S\u00e3o Paulo. A estrutura impressionou, arrancando elogios das bandas presentes. Uma grande Pra\u00e7a de Alimenta\u00e7\u00e3o foi montada e ofereceu boa variedade de op\u00e7\u00f5es de comidas, bebidas e petiscos, numa parceria com a Coca-Cola. Houve tamb\u00e9m um bom investimento na \u00e1rea de camping, que possibilitou ampliar a estrutura para mais de 220 inscri\u00e7\u00f5es em barracas.<\/p>\n<div id=\"attachment_1424\" style=\"width: 310px\" class=\"wp-caption alignleft\"><a href=\"http:\/\/ultimato.com.br\/sites\/carlinhosveiga\/files\/2014\/12\/Povo-RNV.jpeg\"><img loading=\"lazy\" decoding=\"async\" aria-describedby=\"caption-attachment-1424\" class=\"wp-image-1424 size-medium\" src=\"http:\/\/ultimato.com.br\/sites\/carlinhosveiga\/files\/2014\/12\/Povo-RNV-300x199.jpeg\" alt=\"Povo RNV\" width=\"300\" height=\"199\" srcset=\"https:\/\/ultimato.com.br\/sites\/carlinhosveiga\/files\/2014\/12\/Povo-RNV-300x199.jpeg 300w, https:\/\/ultimato.com.br\/sites\/carlinhosveiga\/files\/2014\/12\/Povo-RNV-1024x680.jpeg 1024w, https:\/\/ultimato.com.br\/sites\/carlinhosveiga\/files\/2014\/12\/Povo-RNV-150x99.jpeg 150w, https:\/\/ultimato.com.br\/sites\/carlinhosveiga\/files\/2014\/12\/Povo-RNV.jpeg 1134w\" sizes=\"auto, (max-width: 300px) 100vw, 300px\" \/><\/a><p id=\"caption-attachment-1424\" class=\"wp-caption-text\">As sess\u00f5es ac\u00fasticas aconteceram nos gramados<\/p><\/div>\n<p style=\"text-align: justify;\">Uma das inova\u00e7\u00f5es no RNV 2014 foi a \u201czero distribui\u00e7\u00e3o de panfleto\u201d. A dire\u00e7\u00e3o do evento optou por trabalhar com o cadastro dos participantes no aplicativo WhatsApp, onde todos os informativos, programa\u00e7\u00e3o, mapa do evento, propagandas, entre outras comunica\u00e7\u00f5es, eram recebidas no celular. Talvez essa tenha sido uma marca distintiva do RNV dos demais festivais.<\/p>\n<p style=\"text-align: justify;\">E a equipe organizadora j\u00e1 est\u00e1 trabalhando na terceira edi\u00e7\u00e3o desde j\u00e1. No momento analisam as mais de 450 avalia\u00e7\u00f5es recebidas pelo WhatsApp. De um modo geral, concluem que a respostas foram muito positivas, a partir dos gr\u00e1ficos gerados dos question\u00e1rios. Essa avalia\u00e7\u00e3o incluiu as melhores bandas segundo os participantes, sugest\u00f5es para o futuro, pontos que precisam de melhorias etc. Quem respondeu a avalia\u00e7\u00e3o recebeu um desconto para a inscri\u00e7\u00e3o no primeiro lote de 2015.<\/p>\n<div id=\"attachment_1423\" style=\"width: 310px\" class=\"wp-caption alignright\"><a href=\"http:\/\/ultimato.com.br\/sites\/carlinhosveiga\/files\/2014\/12\/marina.jpg\"><img loading=\"lazy\" decoding=\"async\" aria-describedby=\"caption-attachment-1423\" class=\"wp-image-1423 size-medium\" src=\"http:\/\/ultimato.com.br\/sites\/carlinhosveiga\/files\/2014\/12\/marina-300x199.jpg\" alt=\"Marina Silva foi um dos pontos altos do RNV 2104\" width=\"300\" height=\"199\" srcset=\"https:\/\/ultimato.com.br\/sites\/carlinhosveiga\/files\/2014\/12\/marina-300x199.jpg 300w, https:\/\/ultimato.com.br\/sites\/carlinhosveiga\/files\/2014\/12\/marina-1024x681.jpg 1024w, https:\/\/ultimato.com.br\/sites\/carlinhosveiga\/files\/2014\/12\/marina-150x99.jpg 150w, https:\/\/ultimato.com.br\/sites\/carlinhosveiga\/files\/2014\/12\/marina.jpg 1280w\" sizes=\"auto, (max-width: 300px) 100vw, 300px\" \/><\/a><p id=\"caption-attachment-1423\" class=\"wp-caption-text\">Marina Silva foi um dos pontos altos do RNV 2104<\/p><\/div>\n<p style=\"text-align: justify;\">A terceira edi\u00e7\u00e3o do RNV est\u00e1 prevista para o primeiro final de semana de dezembro de 2015. Dentre os planos desejam destinar mais tempo para as bandas e preletores, reduzindo para oito a quantidade de grupos musicais participantes. Desejam investir mais nas sess\u00f5es ac\u00fasticas nos gramados e manter os semin\u00e1rios com a ONG crist\u00e3 A Rocha.<\/p>\n<p style=\"text-align: justify;\">Quanto aos convidados, contam com o retorno da Marina Silva \u2013 um dos pontos altos em 2014. O convite foi feito e aguardam uma confirma\u00e7\u00e3o por parte da sua assessoria. Outra possibilidade \u00e9 a participa\u00e7\u00e3o de uma banda n\u00e3o confessional bastante conhecida. Mas a dire\u00e7\u00e3o n\u00e3o pretende divulgar o nome agora \u201cpara n\u00e3o gerar ansiedade ou especula\u00e7\u00e3o\u201d. Marcos Botelho antecipa: \u201co RNV 2015 t\u00e1 prometendo muito, pois \u00e9 um evento que veio pra ficar\u201d. \u00c9 aguardar para ver.<\/p>\n","protected":false},"excerpt":{"rendered":"<p>Tudo come\u00e7ou numa sala de aula da FLAM \u2013 Faculdade Latino-americana de Teologia Integral \u2013 enquanto o professor Marcos Botelho discutia sobre hermen\u00eautica b\u00edblica, interpreta\u00e7\u00e3o do texto inspirado e os temas contempor\u00e2neos. Entre os alunos estava Rafael Diedrich, que, apesar de novo, j\u00e1 trabalhava como produtor de grandes eventos no meio secular. Foi ali que [&#8230;]<\/p>\n","protected":false},"author":9,"featured_media":1420,"comment_status":"open","ping_status":"open","sticky":false,"template":"","format":"standard","meta":{"footnotes":""},"categories":[114],"tags":[6389,18,11435,10725,8381],"class_list":["post-1417","post","type-post","status-publish","format-standard","has-post-thumbnail","hentry","category-artigos","tag-festival","tag-musica","tag-reino","tag-rock-no-vale","tag-sustentabilidade"],"_links":{"self":[{"href":"https:\/\/ultimato.com.br\/sites\/carlinhosveiga\/wp-json\/wp\/v2\/posts\/1417","targetHints":{"allow":["GET"]}}],"collection":[{"href":"https:\/\/ultimato.com.br\/sites\/carlinhosveiga\/wp-json\/wp\/v2\/posts"}],"about":[{"href":"https:\/\/ultimato.com.br\/sites\/carlinhosveiga\/wp-json\/wp\/v2\/types\/post"}],"author":[{"embeddable":true,"href":"https:\/\/ultimato.com.br\/sites\/carlinhosveiga\/wp-json\/wp\/v2\/users\/9"}],"replies":[{"embeddable":true,"href":"https:\/\/ultimato.com.br\/sites\/carlinhosveiga\/wp-json\/wp\/v2\/comments?post=1417"}],"version-history":[{"count":14,"href":"https:\/\/ultimato.com.br\/sites\/carlinhosveiga\/wp-json\/wp\/v2\/posts\/1417\/revisions"}],"predecessor-version":[{"id":1451,"href":"https:\/\/ultimato.com.br\/sites\/carlinhosveiga\/wp-json\/wp\/v2\/posts\/1417\/revisions\/1451"}],"wp:featuredmedia":[{"embeddable":true,"href":"https:\/\/ultimato.com.br\/sites\/carlinhosveiga\/wp-json\/wp\/v2\/media\/1420"}],"wp:attachment":[{"href":"https:\/\/ultimato.com.br\/sites\/carlinhosveiga\/wp-json\/wp\/v2\/media?parent=1417"}],"wp:term":[{"taxonomy":"category","embeddable":true,"href":"https:\/\/ultimato.com.br\/sites\/carlinhosveiga\/wp-json\/wp\/v2\/categories?post=1417"},{"taxonomy":"post_tag","embeddable":true,"href":"https:\/\/ultimato.com.br\/sites\/carlinhosveiga\/wp-json\/wp\/v2\/tags?post=1417"}],"curies":[{"name":"wp","href":"https:\/\/api.w.org\/{rel}","templated":true}]}}