{"id":1410,"date":"2014-12-24T18:56:05","date_gmt":"2014-12-24T21:56:05","guid":{"rendered":"http:\/\/ultimato.com.br\/sites\/carlinhosveiga\/?p=1410"},"modified":"2014-12-24T18:58:34","modified_gmt":"2014-12-24T21:58:34","slug":"presente-de-natal","status":"publish","type":"post","link":"https:\/\/ultimato.com.br\/sites\/carlinhosveiga\/2014\/12\/24\/presente-de-natal\/","title":{"rendered":"Presente de Natal"},"content":{"rendered":"<div class=\"text_exposed_root text_exposed\">Que presente poderia eu oferecer ao meu Senhor nesse dia,<\/div>\n<div id=\"id_549b33a0102f77b81161795\" class=\"text_exposed_root text_exposed\">sen\u00e3o minha imperfeita adora\u00e7\u00e3o?<br \/>\nN\u00e3o trago a Ti, Senhor Jesus,\u00a0nem ouro, nem incenso ou mirra&#8230;\u00a0<span class=\"text_exposed_show\"><br \/>\nN\u00e3o tenho tanto&#8230;<br \/>\nTrago-te apenas esse vaso quebrado e imperfeito.<br \/>\nMas te pe\u00e7o, aceites, meu Senhor! Sou esse vaso&#8230;<\/span><\/div>\n<div id=\"fbPhotoSnowliftPagesTagList\" class=\"fbPhotoPagesTagList\"><\/div>\n<div class=\"fbPhotoPagesTagList\"><\/div>\n<div class=\"fbPhotoPagesTagList\"><a href=\"http:\/\/ultimato.com.br\/sites\/carlinhosveiga\/files\/2014\/12\/natal-2015.jpg\"><img loading=\"lazy\" decoding=\"async\" class=\"alignleft size-medium wp-image-1411\" src=\"http:\/\/ultimato.com.br\/sites\/carlinhosveiga\/files\/2014\/12\/natal-2015-300x225.jpg\" alt=\"natal 2015\" width=\"300\" height=\"225\" srcset=\"https:\/\/ultimato.com.br\/sites\/carlinhosveiga\/files\/2014\/12\/natal-2015-300x225.jpg 300w, https:\/\/ultimato.com.br\/sites\/carlinhosveiga\/files\/2014\/12\/natal-2015-150x112.jpg 150w, https:\/\/ultimato.com.br\/sites\/carlinhosveiga\/files\/2014\/12\/natal-2015.jpg 960w\" sizes=\"auto, (max-width: 300px) 100vw, 300px\" \/><\/a><\/div>\n<div id=\"fbPhotoSnowliftLegacyTagList\" class=\"pts fbPhotoLegacyTagList\"><\/div>\n<div id=\"fbPhotoSnowliftOwnerButtons\" class=\"mvm fbPhotosPhotoOwnerButtons stat_elem\"><\/div>\n","protected":false},"excerpt":{"rendered":"<p>Que presente poderia eu oferecer ao meu Senhor nesse dia,<br \/>\nsen\u00e3o minha imperfeita adora\u00e7\u00e3o?<br \/>\nN\u00e3o trago a Ti, Senhor Jesus,\u00a0nem ouro, nem incenso ou mirra&#8230;\u00a0<br \/>\nN\u00e3o tenho tanto&#8230;<br \/>\nTrago-te apenas esse vaso quebrado e imperfeito.<br \/>\nMas te pe\u00e7o, aceites, meu Senhor! Sou esse vaso&#8230;<\/p>\n","protected":false},"author":9,"featured_media":1411,"comment_status":"open","ping_status":"open","sticky":false,"template":"","format":"standard","meta":{"footnotes":""},"categories":[116],"tags":[82,160],"class_list":["post-1410","post","type-post","status-publish","format-standard","has-post-thumbnail","hentry","category-blog","tag-natal","tag-poesia"],"_links":{"self":[{"href":"https:\/\/ultimato.com.br\/sites\/carlinhosveiga\/wp-json\/wp\/v2\/posts\/1410","targetHints":{"allow":["GET"]}}],"collection":[{"href":"https:\/\/ultimato.com.br\/sites\/carlinhosveiga\/wp-json\/wp\/v2\/posts"}],"about":[{"href":"https:\/\/ultimato.com.br\/sites\/carlinhosveiga\/wp-json\/wp\/v2\/types\/post"}],"author":[{"embeddable":true,"href":"https:\/\/ultimato.com.br\/sites\/carlinhosveiga\/wp-json\/wp\/v2\/users\/9"}],"replies":[{"embeddable":true,"href":"https:\/\/ultimato.com.br\/sites\/carlinhosveiga\/wp-json\/wp\/v2\/comments?post=1410"}],"version-history":[{"count":4,"href":"https:\/\/ultimato.com.br\/sites\/carlinhosveiga\/wp-json\/wp\/v2\/posts\/1410\/revisions"}],"predecessor-version":[{"id":1415,"href":"https:\/\/ultimato.com.br\/sites\/carlinhosveiga\/wp-json\/wp\/v2\/posts\/1410\/revisions\/1415"}],"wp:featuredmedia":[{"embeddable":true,"href":"https:\/\/ultimato.com.br\/sites\/carlinhosveiga\/wp-json\/wp\/v2\/media\/1411"}],"wp:attachment":[{"href":"https:\/\/ultimato.com.br\/sites\/carlinhosveiga\/wp-json\/wp\/v2\/media?parent=1410"}],"wp:term":[{"taxonomy":"category","embeddable":true,"href":"https:\/\/ultimato.com.br\/sites\/carlinhosveiga\/wp-json\/wp\/v2\/categories?post=1410"},{"taxonomy":"post_tag","embeddable":true,"href":"https:\/\/ultimato.com.br\/sites\/carlinhosveiga\/wp-json\/wp\/v2\/tags?post=1410"}],"curies":[{"name":"wp","href":"https:\/\/api.w.org\/{rel}","templated":true}]}}