{"id":1384,"date":"2014-11-06T16:58:41","date_gmt":"2014-11-06T19:58:41","guid":{"rendered":"http:\/\/ultimato.com.br\/sites\/carlinhosveiga\/?p=1384"},"modified":"2014-11-16T15:11:42","modified_gmt":"2014-11-16T18:11:42","slug":"segundas-intensons","status":"publish","type":"post","link":"https:\/\/ultimato.com.br\/sites\/carlinhosveiga\/2014\/11\/06\/segundas-intensons\/","title":{"rendered":"Segundas Intensons"},"content":{"rendered":"<p>Conversando certa feita com Ismael Rattis, companheiro de caminhada e de sons no Reino, ele compartilhou comigo a id\u00e9ia de um projeto que tinha em mente. Desejava produzir v\u00eddeos que apresentassem can\u00e7\u00f5es in\u00e9ditas, parcerias entre m\u00fasicos, e que promovesse um di\u00e1logo sobre o evangelho integral, a m\u00fasica e as artes, a m\u00fasica e o artista, e seu papel na sociedade contempor\u00e2nea.<\/p>\n<div id=\"attachment_1385\" style=\"width: 310px\" class=\"wp-caption alignleft\"><a href=\"http:\/\/ultimato.com.br\/sites\/carlinhosveiga\/files\/2014\/11\/clipe-1.jpg\"><img loading=\"lazy\" decoding=\"async\" aria-describedby=\"caption-attachment-1385\" class=\"size-medium wp-image-1385\" src=\"http:\/\/ultimato.com.br\/sites\/carlinhosveiga\/files\/2014\/11\/clipe-1-300x200.jpg\" alt=\"Jo\u00e3o Pedro Mansur, Ismael Rattis, Carlinhos Veiga e Rapha Sousas\" width=\"300\" height=\"200\" srcset=\"https:\/\/ultimato.com.br\/sites\/carlinhosveiga\/files\/2014\/11\/clipe-1-300x200.jpg 300w, https:\/\/ultimato.com.br\/sites\/carlinhosveiga\/files\/2014\/11\/clipe-1-150x100.jpg 150w, https:\/\/ultimato.com.br\/sites\/carlinhosveiga\/files\/2014\/11\/clipe-1.jpg 960w\" sizes=\"auto, (max-width: 300px) 100vw, 300px\" \/><\/a><p id=\"caption-attachment-1385\" class=\"wp-caption-text\">Jo\u00e3o Pedro Mansur, Ismael Rattis, Carlinhos Veiga e Rapha Sousas<\/p><\/div>\n<p>Como m\u00fasico profissional, Ismael percebia que a arte crist\u00e3 atual se vale de muitas justificativas para se moldar ao formato mercadol\u00f3gico (gospel), perdendo sua relev\u00e2ncia e seu sentido prof\u00e9tico, transformador da sociedade. O simples fato de se tornar m\u00fasica de mercado, cujo principal objetivo \u00e9 ser produto de grande consumo, j\u00e1 parece um sinal de que se \u201cconformou ao presente s\u00e9culo\u201d, tomando as palavras do ap\u00f3stolo Paulo em Romanos 12.<\/p>\n<p>\u201cParece que estamos perdendo a vontade de estar no mundo (Jo17.15). Se assim permanecermos dificilmente conseguiremos extrapolar as barreiras da religiosidade, dificilmente conseguiremos ser sal e luz. Perderemos o significado do \u201cide\u201d. \u2028Ser\u00e1 que n\u00e3o percebemos que por meio da arte, ou seja, da m\u00fasica, artes pl\u00e1sticas, fotografia, pintura, teatro, poesia, etc., podemos informar, encarnar as boas novas, marcar sociedades e culturas?\u201d, prop\u00f5e Ismael.<\/p>\n<p>Pois bem. Depois dessa conversa muita coisa se concretizou. Estamos aqui para apresentar o v\u00eddeo piloto do projeto que levou o nome de \u201cSegundas Intensons\u201d. Para esse primeiro trabalho Ismael convidou a mim, Carlinhos Veiga, e ao Jo\u00e3o Pedro Mansur (das bandas Marrakit\u00e1 e CineMondatta) para gravarmos a nossa parceria \u201cLuz Milenar\u201d. Com um cen\u00e1rio simples, sem grandes equipamentos\u00a0t\u00e9cnicos, mas lan\u00e7ando m\u00e3o de gente criativa, de bom gosto est\u00e9tico e que ama o que faz, foi produzido esse material que pretende ser uma ferramenta a mais para o aprofundamento do di\u00e1logo sobre as artes e a miss\u00e3o da igreja.<\/p>\n<p>&nbsp;<\/p>\n<p>Produ\u00e7\u00e3o: Kza Inova Filmes<\/p>\n<p>Imagens e edi\u00e7\u00e3o: Rapha Sousas e Andy Moura<\/p>\n<p>Roteiro: Ismael Rattis<\/p>\n<p>Capta\u00e7\u00e3o de som, edi\u00e7\u00e3o e masteriza\u00e7\u00e3o: Jo\u00e3o Pedro Mansur<\/p>\n<p>Gravado em setembro, na cidade de Bras\u00edlia.<\/p>\n<p>&nbsp;<\/p>\n<p><iframe loading=\"lazy\" width=\"750\" height=\"422\" src=\"https:\/\/www.youtube.com\/embed\/TJETaZyA6lQ?feature=oembed\" frameborder=\"0\" allowfullscreen><\/iframe><\/p>\n<p>&nbsp;<\/p>\n","protected":false},"excerpt":{"rendered":"<p>Conversando certa feita com Ismael Rattis, companheiro de caminhada e de sons no Reino, ele compartilhou comigo a id\u00e9ia de um projeto que tinha em mente. Desejava produzir v\u00eddeos que apresentassem can\u00e7\u00f5es in\u00e9ditas, parcerias entre m\u00fasicos, e que promovesse um di\u00e1logo sobre o evangelho integral, a m\u00fasica e as artes, a m\u00fasica e o artista, [&#8230;]<\/p>\n","protected":false},"author":9,"featured_media":1386,"comment_status":"open","ping_status":"open","sticky":false,"template":"","format":"standard","meta":{"footnotes":""},"categories":[116],"tags":[35,11396,11430,11431,18,6441,11429,92],"class_list":["post-1384","post","type-post","status-publish","format-standard","has-post-thumbnail","hentry","category-blog","tag-carlinhos-veiga","tag-coletivo","tag-joao-pedro-mansur","tag-kza-inova-filmes","tag-musica","tag-musica-brasileira","tag-segundas-intensons","tag-video"],"_links":{"self":[{"href":"https:\/\/ultimato.com.br\/sites\/carlinhosveiga\/wp-json\/wp\/v2\/posts\/1384","targetHints":{"allow":["GET"]}}],"collection":[{"href":"https:\/\/ultimato.com.br\/sites\/carlinhosveiga\/wp-json\/wp\/v2\/posts"}],"about":[{"href":"https:\/\/ultimato.com.br\/sites\/carlinhosveiga\/wp-json\/wp\/v2\/types\/post"}],"author":[{"embeddable":true,"href":"https:\/\/ultimato.com.br\/sites\/carlinhosveiga\/wp-json\/wp\/v2\/users\/9"}],"replies":[{"embeddable":true,"href":"https:\/\/ultimato.com.br\/sites\/carlinhosveiga\/wp-json\/wp\/v2\/comments?post=1384"}],"version-history":[{"count":20,"href":"https:\/\/ultimato.com.br\/sites\/carlinhosveiga\/wp-json\/wp\/v2\/posts\/1384\/revisions"}],"predecessor-version":[{"id":1407,"href":"https:\/\/ultimato.com.br\/sites\/carlinhosveiga\/wp-json\/wp\/v2\/posts\/1384\/revisions\/1407"}],"wp:featuredmedia":[{"embeddable":true,"href":"https:\/\/ultimato.com.br\/sites\/carlinhosveiga\/wp-json\/wp\/v2\/media\/1386"}],"wp:attachment":[{"href":"https:\/\/ultimato.com.br\/sites\/carlinhosveiga\/wp-json\/wp\/v2\/media?parent=1384"}],"wp:term":[{"taxonomy":"category","embeddable":true,"href":"https:\/\/ultimato.com.br\/sites\/carlinhosveiga\/wp-json\/wp\/v2\/categories?post=1384"},{"taxonomy":"post_tag","embeddable":true,"href":"https:\/\/ultimato.com.br\/sites\/carlinhosveiga\/wp-json\/wp\/v2\/tags?post=1384"}],"curies":[{"name":"wp","href":"https:\/\/api.w.org\/{rel}","templated":true}]}}