{"id":1381,"date":"2014-10-29T17:08:42","date_gmt":"2014-10-29T20:08:42","guid":{"rendered":"http:\/\/ultimato.com.br\/sites\/carlinhosveiga\/?p=1381"},"modified":"2014-10-29T17:08:57","modified_gmt":"2014-10-29T20:08:57","slug":"identidade","status":"publish","type":"post","link":"https:\/\/ultimato.com.br\/sites\/carlinhosveiga\/2014\/10\/29\/identidade\/","title":{"rendered":"Identidade"},"content":{"rendered":"<p>A can\u00e7\u00e3o &#8220;Identidade&#8221; \u00e9 uma parceria minha com a poetiza M\u00e1rcia Maranh\u00e3o De Conti. Certa feita recebi dela um e-mail que trazia no rodap\u00e9 esse poema. Gostei muito! Com a devida autoriza\u00e7\u00e3o, musiquei e ficou assim. Gravei-a no CD &#8220;Parceiragens&#8221;, com um bel\u00edssimo arranjo de Felipe Viegas.<\/p>\n<p>Esse v\u00eddeo foi gravado numa manh\u00e3 de setembro, numa das passagens dos amigos Rapha Sousas e Andy Moura por Bras\u00edlia. Chamei o Felipe e juntos executamos a can\u00e7\u00e3o, captada pelas lentes de Rapha e Andy. A capta\u00e7\u00e3o do som foi do Rapha, que foi depois tratado por Olemir Candido. Inicialmente algo singelo, simples, mas que trouxe um resultado belo agradando aos participantes.<\/p>\n<p>A produ\u00e7\u00e3o \u00e9 da Kza Inova Filmes.<\/p>\n<p>&nbsp;<\/p>\n<p><iframe loading=\"lazy\" width=\"750\" height=\"422\" src=\"https:\/\/www.youtube.com\/embed\/GPohoXyCXEQ?feature=oembed\" frameborder=\"0\" allowfullscreen><\/iframe><\/p>\n","protected":false},"excerpt":{"rendered":"<p>A can\u00e7\u00e3o &#8220;Identidade&#8221; \u00e9 uma parceria minha com a poetiza M\u00e1rcia Maranh\u00e3o De Conti. Certa feita recebi dela um e-mail que trazia no rodap\u00e9 esse poema. Gostei muito! Com a devida autoriza\u00e7\u00e3o, musiquei e ficou assim. Gravei-a no CD &#8220;Parceiragens&#8221;, com um bel\u00edssimo arranjo de Felipe Viegas.<br \/>\nEsse v\u00eddeo foi gravado numa manh\u00e3 de setembro, numa [&#8230;]<\/p>\n","protected":false},"author":9,"featured_media":0,"comment_status":"open","ping_status":"open","sticky":false,"template":"","format":"standard","meta":{"footnotes":""},"categories":[116],"tags":[6421,11425,9877,11426,11428,11413,11427],"class_list":["post-1381","post","type-post","status-publish","format-standard","hentry","category-blog","tag-carlinhos-veiga-e-banda","tag-felipe-viegas","tag-identidade","tag-ksa-inova-filmes","tag-olemir-candido","tag-parceiragens","tag-rapha-sousas"],"_links":{"self":[{"href":"https:\/\/ultimato.com.br\/sites\/carlinhosveiga\/wp-json\/wp\/v2\/posts\/1381","targetHints":{"allow":["GET"]}}],"collection":[{"href":"https:\/\/ultimato.com.br\/sites\/carlinhosveiga\/wp-json\/wp\/v2\/posts"}],"about":[{"href":"https:\/\/ultimato.com.br\/sites\/carlinhosveiga\/wp-json\/wp\/v2\/types\/post"}],"author":[{"embeddable":true,"href":"https:\/\/ultimato.com.br\/sites\/carlinhosveiga\/wp-json\/wp\/v2\/users\/9"}],"replies":[{"embeddable":true,"href":"https:\/\/ultimato.com.br\/sites\/carlinhosveiga\/wp-json\/wp\/v2\/comments?post=1381"}],"version-history":[{"count":1,"href":"https:\/\/ultimato.com.br\/sites\/carlinhosveiga\/wp-json\/wp\/v2\/posts\/1381\/revisions"}],"predecessor-version":[{"id":1382,"href":"https:\/\/ultimato.com.br\/sites\/carlinhosveiga\/wp-json\/wp\/v2\/posts\/1381\/revisions\/1382"}],"wp:attachment":[{"href":"https:\/\/ultimato.com.br\/sites\/carlinhosveiga\/wp-json\/wp\/v2\/media?parent=1381"}],"wp:term":[{"taxonomy":"category","embeddable":true,"href":"https:\/\/ultimato.com.br\/sites\/carlinhosveiga\/wp-json\/wp\/v2\/categories?post=1381"},{"taxonomy":"post_tag","embeddable":true,"href":"https:\/\/ultimato.com.br\/sites\/carlinhosveiga\/wp-json\/wp\/v2\/tags?post=1381"}],"curies":[{"name":"wp","href":"https:\/\/api.w.org\/{rel}","templated":true}]}}