{"id":1377,"date":"2014-10-19T17:10:17","date_gmt":"2014-10-19T20:10:17","guid":{"rendered":"http:\/\/ultimato.com.br\/sites\/carlinhosveiga\/?p=1377"},"modified":"2014-10-19T17:10:17","modified_gmt":"2014-10-19T20:10:17","slug":"levando-a-palavra-em-todo-lugar","status":"publish","type":"post","link":"https:\/\/ultimato.com.br\/sites\/carlinhosveiga\/2014\/10\/19\/levando-a-palavra-em-todo-lugar\/","title":{"rendered":"Levando a Palavra em todo lugar"},"content":{"rendered":"<p><a href=\"http:\/\/ultimato.com.br\/sites\/carlinhosveiga\/files\/2014\/10\/cbm1.jpg\"><img loading=\"lazy\" decoding=\"async\" class=\"alignleft size-medium wp-image-1378\" src=\"http:\/\/ultimato.com.br\/sites\/carlinhosveiga\/files\/2014\/10\/cbm1-300x226.jpg\" alt=\"cbm1\" width=\"300\" height=\"226\" srcset=\"https:\/\/ultimato.com.br\/sites\/carlinhosveiga\/files\/2014\/10\/cbm1-300x226.jpg 300w, https:\/\/ultimato.com.br\/sites\/carlinhosveiga\/files\/2014\/10\/cbm1-150x113.jpg 150w, https:\/\/ultimato.com.br\/sites\/carlinhosveiga\/files\/2014\/10\/cbm1.jpg 719w\" sizes=\"auto, (max-width: 300px) 100vw, 300px\" \/><\/a>Nesse m\u00eas de outubro aconteceu o 7\u00ba Congresso Brasileiro de Miss\u00f5es (7CBM), em \u00c1guas de Lind\u00f3ia, SP. Foi, como sempre, um congresso maravilhoso de atualiza\u00e7\u00e3o sobre o trabalho mission\u00e1rio no mundo. Deus falou bastante ali, por meio dos testemunhos, mensagens, conversas nos corredores, elabora\u00e7\u00e3o de estrat\u00e9gias e parcerias e muito mais.<\/p>\n<p>Tive o privil\u00e9gio de conduzir os momentos de louvor congregacional\u00a0desse evento, o que consiste numa grande honra para mim. Fui acompanhado da banda que trabalha comigo. Antes do congresso pensei em compor uma can\u00e7\u00e3o que pudesse servir de \u00e2nimo para os congressistas. Confesso que n\u00e3o consegui complet\u00e1-la a tempo. Mas, durante o congresso Deus foi me dando inspira\u00e7\u00e3o para termin\u00e1-la. Seria uma m\u00fasica bem brasileira, feita na viola caipira, que contasse a hist\u00f3ria das miss\u00f5es no correr dos anos, desde os primeiros ap\u00f3stolos, at\u00e9 os dias de hoje. Como se pode perceber, uma m\u00fasica que seria bastante extensa. Para isso, lancei m\u00e3o dos livros de hist\u00f3ria das miss\u00f5es (Ruth Tucker, Stephen Neill entre outros) e de muitas anota\u00e7\u00f5es que tenho arquivadas.<\/p>\n<p>Como eu queria trabalhar a id\u00e9ia de levar a Palavra de Deus aos quatro cantos do planeta, utilizei uma id\u00e9ia encontrada no galope \u00e0 beira-mar, um estilo musical nordestino, onde a \u00faltima frase de cada estrofe se repete, refor\u00e7ando a id\u00e9ia da can\u00e7\u00e3o. Assim &#8220;Levando a Palavra em todo lugar&#8221; \u00e9 um pagode de viola inspirado no galope \u00e0 beira-mar.<\/p>\n<p>Como havia dito aos congressistas, essa m\u00fasica seria disponibilidade para que servisse \u00e0s igrejas, semin\u00e1rios e todos aqueles interessados em contar a hist\u00f3ria dos avan\u00e7os mission\u00e1rios no correr dos anos. \u00c9 claro que na can\u00e7\u00e3o foi imposs\u00edvel relatar tudo o que contam os livros. Mas, quem sabe sirva de inspira\u00e7\u00e3o aos estudiosos de miss\u00f5es a se aprofundarem nessa maravilhosa e gloriosa narrativa. Que Deus seja sempre louvado.<\/p>\n<p>&nbsp;<\/p>\n<p><iframe loading=\"lazy\" width=\"750\" height=\"422\" src=\"https:\/\/www.youtube.com\/embed\/zs4DLTAxSiw?feature=oembed\" frameborder=\"0\" allowfullscreen><\/iframe><\/p>\n","protected":false},"excerpt":{"rendered":"<p>Nesse m\u00eas de outubro aconteceu o 7\u00ba Congresso Brasileiro de Miss\u00f5es (7CBM), em \u00c1guas de Lind\u00f3ia, SP. Foi, como sempre, um congresso maravilhoso de atualiza\u00e7\u00e3o sobre o trabalho mission\u00e1rio no mundo. Deus falou bastante ali, por meio dos testemunhos, mensagens, conversas nos corredores, elabora\u00e7\u00e3o de estrat\u00e9gias e parcerias e muito mais.<br \/>\nTive o privil\u00e9gio de conduzir [&#8230;]<\/p>\n","protected":false},"author":9,"featured_media":1378,"comment_status":"open","ping_status":"open","sticky":false,"template":"","format":"standard","meta":{"footnotes":""},"categories":[116],"tags":[11421,11422,11423],"class_list":["post-1377","post","type-post","status-publish","format-standard","has-post-thumbnail","hentry","category-blog","tag-7o-cbm","tag-levando-a-palavra","tag-pagode-de-viola"],"_links":{"self":[{"href":"https:\/\/ultimato.com.br\/sites\/carlinhosveiga\/wp-json\/wp\/v2\/posts\/1377","targetHints":{"allow":["GET"]}}],"collection":[{"href":"https:\/\/ultimato.com.br\/sites\/carlinhosveiga\/wp-json\/wp\/v2\/posts"}],"about":[{"href":"https:\/\/ultimato.com.br\/sites\/carlinhosveiga\/wp-json\/wp\/v2\/types\/post"}],"author":[{"embeddable":true,"href":"https:\/\/ultimato.com.br\/sites\/carlinhosveiga\/wp-json\/wp\/v2\/users\/9"}],"replies":[{"embeddable":true,"href":"https:\/\/ultimato.com.br\/sites\/carlinhosveiga\/wp-json\/wp\/v2\/comments?post=1377"}],"version-history":[{"count":1,"href":"https:\/\/ultimato.com.br\/sites\/carlinhosveiga\/wp-json\/wp\/v2\/posts\/1377\/revisions"}],"predecessor-version":[{"id":1379,"href":"https:\/\/ultimato.com.br\/sites\/carlinhosveiga\/wp-json\/wp\/v2\/posts\/1377\/revisions\/1379"}],"wp:featuredmedia":[{"embeddable":true,"href":"https:\/\/ultimato.com.br\/sites\/carlinhosveiga\/wp-json\/wp\/v2\/media\/1378"}],"wp:attachment":[{"href":"https:\/\/ultimato.com.br\/sites\/carlinhosveiga\/wp-json\/wp\/v2\/media?parent=1377"}],"wp:term":[{"taxonomy":"category","embeddable":true,"href":"https:\/\/ultimato.com.br\/sites\/carlinhosveiga\/wp-json\/wp\/v2\/categories?post=1377"},{"taxonomy":"post_tag","embeddable":true,"href":"https:\/\/ultimato.com.br\/sites\/carlinhosveiga\/wp-json\/wp\/v2\/tags?post=1377"}],"curies":[{"name":"wp","href":"https:\/\/api.w.org\/{rel}","templated":true}]}}