{"id":1367,"date":"2014-09-27T10:46:34","date_gmt":"2014-09-27T13:46:34","guid":{"rendered":"http:\/\/ultimato.com.br\/sites\/carlinhosveiga\/?p=1367"},"modified":"2014-09-27T13:41:05","modified_gmt":"2014-09-27T16:41:05","slug":"arte-que-ganha-asas","status":"publish","type":"post","link":"https:\/\/ultimato.com.br\/sites\/carlinhosveiga\/2014\/09\/27\/arte-que-ganha-asas\/","title":{"rendered":"Arte que ganha asas"},"content":{"rendered":"<p><a href=\"http:\/\/ultimato.com.br\/sites\/carlinhosveiga\/files\/2014\/09\/Anderson-Lisa.jpg\"><img loading=\"lazy\" decoding=\"async\" class=\"alignleft size-medium wp-image-1368\" src=\"http:\/\/ultimato.com.br\/sites\/carlinhosveiga\/files\/2014\/09\/Anderson-Lisa-300x225.jpg\" alt=\"Anderson Lisa\" width=\"300\" height=\"225\" srcset=\"https:\/\/ultimato.com.br\/sites\/carlinhosveiga\/files\/2014\/09\/Anderson-Lisa-300x225.jpg 300w, https:\/\/ultimato.com.br\/sites\/carlinhosveiga\/files\/2014\/09\/Anderson-Lisa-1024x768.jpg 1024w, https:\/\/ultimato.com.br\/sites\/carlinhosveiga\/files\/2014\/09\/Anderson-Lisa-150x112.jpg 150w, https:\/\/ultimato.com.br\/sites\/carlinhosveiga\/files\/2014\/09\/Anderson-Lisa.jpg 1200w\" sizes=\"auto, (max-width: 300px) 100vw, 300px\" \/><\/a>Quem esteve no Nossa M\u00fasica Brasileira 2014 certamente ficou maravilhado com a arte conceitual que decorou o espa\u00e7o dos shows e outros ambientes do acampamento Jovens da Verdade. Tinha m\u00e3o de artista muito bom naquilo ali, sem d\u00favida!<\/p>\n<p>Um bel\u00edssimo painel amarelo com ilustra\u00e7\u00f5es em preto remetiam \u00e0s tem\u00e1ticas que marcam o evento: m\u00fasica e natureza. Por sobre os desenhos, os dizeres NMB em alto relevo, pacientemente tran\u00e7ado com barbantes. Uma revoada de livros-p\u00e1ssaros sa\u00eda do palco em dire\u00e7\u00e3o \u00e0 porta principal do sal\u00e3o, como se arte ali compartilhada pelos m\u00fasicos ganhasse o mundo. Tudo isso intercalado com arranjos coloridos em fitas e linhas espalhadas pelas paredes e tetos.<\/p>\n<p>Que criou tudo isso? Foram Anderson Monteiro e Lisa Cl\u00e1udia. Uma parceria que deu certo n\u00e3o apenas nas cria\u00e7\u00f5es art\u00edsticas mas, sobretudo, na vida. Eles s\u00e3o casados e pais de duas meninas. Anderson \u00e9 artista pl\u00e1stico, ilustrador e designer do produto e gr\u00e1fico; Lisa \u00e9 arquiteta e urbanista, ligada a fotografia e as artes de um modo em geral. Para saber mais sobre o trabalho deles, visite os sites a <a href=\"http:\/\/www.avozdatela.blogspot.com.br\">www.avozdatela.blogspot.com.br<\/a> e <a href=\"http:\/\/www.lisaclaudia.blogspot.com.br\">www.lisaclaudia.blogspot.com.br<\/a>.<\/p>\n<p><a href=\"http:\/\/ultimato.com.br\/sites\/carlinhosveiga\/files\/2014\/09\/foto-5.jpg\"><img loading=\"lazy\" decoding=\"async\" class=\"alignleft size-medium wp-image-1370\" src=\"http:\/\/ultimato.com.br\/sites\/carlinhosveiga\/files\/2014\/09\/foto-5-300x225.jpg\" alt=\"foto 5\" width=\"300\" height=\"225\" srcset=\"https:\/\/ultimato.com.br\/sites\/carlinhosveiga\/files\/2014\/09\/foto-5-300x225.jpg 300w, https:\/\/ultimato.com.br\/sites\/carlinhosveiga\/files\/2014\/09\/foto-5-1024x768.jpg 1024w, https:\/\/ultimato.com.br\/sites\/carlinhosveiga\/files\/2014\/09\/foto-5-150x112.jpg 150w, https:\/\/ultimato.com.br\/sites\/carlinhosveiga\/files\/2014\/09\/foto-5.jpg 1400w\" sizes=\"auto, (max-width: 300px) 100vw, 300px\" \/><\/a><\/p>\n<p>&nbsp;<\/p>\n","protected":false},"excerpt":{"rendered":"<p>Quem esteve no Nossa M\u00fasica Brasileira 2014 certamente ficou maravilhado com a arte conceitual que decorou o espa\u00e7o dos shows e outros ambientes do acampamento Jovens da Verdade. Tinha m\u00e3o de artista muito bom naquilo ali, sem d\u00favida!<br \/>\nUm bel\u00edssimo painel amarelo com ilustra\u00e7\u00f5es em preto remetiam \u00e0s tem\u00e1ticas que marcam o evento: m\u00fasica e natureza. [&#8230;]<\/p>\n","protected":false},"author":9,"featured_media":1369,"comment_status":"open","ping_status":"open","sticky":false,"template":"","format":"standard","meta":{"footnotes":""},"categories":[116],"tags":[11416,11419,11418,11417,11420],"class_list":["post-1367","post","type-post","status-publish","format-standard","has-post-thumbnail","hentry","category-blog","tag-anderson-monteiro","tag-artista-plastico","tag-designer","tag-lisa-claudia","tag-nmb"],"_links":{"self":[{"href":"https:\/\/ultimato.com.br\/sites\/carlinhosveiga\/wp-json\/wp\/v2\/posts\/1367","targetHints":{"allow":["GET"]}}],"collection":[{"href":"https:\/\/ultimato.com.br\/sites\/carlinhosveiga\/wp-json\/wp\/v2\/posts"}],"about":[{"href":"https:\/\/ultimato.com.br\/sites\/carlinhosveiga\/wp-json\/wp\/v2\/types\/post"}],"author":[{"embeddable":true,"href":"https:\/\/ultimato.com.br\/sites\/carlinhosveiga\/wp-json\/wp\/v2\/users\/9"}],"replies":[{"embeddable":true,"href":"https:\/\/ultimato.com.br\/sites\/carlinhosveiga\/wp-json\/wp\/v2\/comments?post=1367"}],"version-history":[{"count":4,"href":"https:\/\/ultimato.com.br\/sites\/carlinhosveiga\/wp-json\/wp\/v2\/posts\/1367\/revisions"}],"predecessor-version":[{"id":1374,"href":"https:\/\/ultimato.com.br\/sites\/carlinhosveiga\/wp-json\/wp\/v2\/posts\/1367\/revisions\/1374"}],"wp:featuredmedia":[{"embeddable":true,"href":"https:\/\/ultimato.com.br\/sites\/carlinhosveiga\/wp-json\/wp\/v2\/media\/1369"}],"wp:attachment":[{"href":"https:\/\/ultimato.com.br\/sites\/carlinhosveiga\/wp-json\/wp\/v2\/media?parent=1367"}],"wp:term":[{"taxonomy":"category","embeddable":true,"href":"https:\/\/ultimato.com.br\/sites\/carlinhosveiga\/wp-json\/wp\/v2\/categories?post=1367"},{"taxonomy":"post_tag","embeddable":true,"href":"https:\/\/ultimato.com.br\/sites\/carlinhosveiga\/wp-json\/wp\/v2\/tags?post=1367"}],"curies":[{"name":"wp","href":"https:\/\/api.w.org\/{rel}","templated":true}]}}