{"id":1356,"date":"2014-07-23T19:24:25","date_gmt":"2014-07-23T22:24:25","guid":{"rendered":"http:\/\/ultimato.com.br\/sites\/carlinhosveiga\/?p=1356"},"modified":"2014-07-24T12:29:05","modified_gmt":"2014-07-24T15:29:05","slug":"o-som-de-marrrakita","status":"publish","type":"post","link":"https:\/\/ultimato.com.br\/sites\/carlinhosveiga\/2014\/07\/23\/o-som-de-marrrakita\/","title":{"rendered":"O som de Marrakit\u00e1"},"content":{"rendered":"<p><a href=\"http:\/\/ultimato.com.br\/sites\/carlinhosveiga\/files\/2014\/07\/Foto-Mrrkt-3.jpg\"><img loading=\"lazy\" decoding=\"async\" class=\"alignleft size-medium wp-image-1357\" alt=\"Marrakita\" src=\"http:\/\/ultimato.com.br\/sites\/carlinhosveiga\/files\/2014\/07\/Foto-Mrrkt-3-300x192.jpg\" width=\"300\" height=\"192\" srcset=\"https:\/\/ultimato.com.br\/sites\/carlinhosveiga\/files\/2014\/07\/Foto-Mrrkt-3-300x192.jpg 300w, https:\/\/ultimato.com.br\/sites\/carlinhosveiga\/files\/2014\/07\/Foto-Mrrkt-3-150x96.jpg 150w, https:\/\/ultimato.com.br\/sites\/carlinhosveiga\/files\/2014\/07\/Foto-Mrrkt-3.jpg 700w\" sizes=\"auto, (max-width: 300px) 100vw, 300px\" \/><\/a>Eis que ecoam no Planalto Central novas ondas sonoras. \u00c9 a banda Marrakit\u00e1, formada por Marcos dos Santos (bateria), Carlinhos Alayon (guitarra), Jota Cohen (baixo) e Jo\u00e3o Pedro Mansur (guitarra e voz). Eles s\u00e3o de Bras\u00edlia.<\/p>\n<p>O quarteto come\u00e7ou a se reunir para compartilhar suas experi\u00eancias musicais em meados de 2013. O resultado sonoro agradou tanto que desejaram levar aqueles encontros despretensiosos mais longe. Rapidamente passaram a desenvolver sua identidade musical, compor, arranjar e, pasmem, a gravar seu primeiro EP. A grande inova\u00e7\u00e3o nesse trabalho, al\u00e9m do som, \u00e9 que propuseram lan\u00e7ar as m\u00fasicas do EP \u201cAo vivo em Casa\u201d em webclipes pelo Youtube. Isso vem acontecendo semanalmente em julho e agosto de 2014.<\/p>\n<p>As influ\u00eancias do Marrakit\u00e1 s\u00e3o amplas: v\u00e3o do jazz \u00e0 m\u00fasica eletr\u00f4nica, da poesia concreta aos roteiros de cinema.<\/p>\n<p>Publico hoje a can\u00e7\u00e3o \u201cEngarrafamente\u201d, de Jo\u00e3o Pedro Mansur.<\/p>\n<p>O v\u00eddeo teve a capta\u00e7\u00e3o do \u00e1udio feita por Ricardo Ponte e Marcelo Elias, mixagem e masteriza\u00e7\u00e3o de Ricardo Ponte.\u2028 A \u2028dire\u00e7\u00e3o e montagem do v\u00eddeo por Andr\u00e9 Marinho, \u2028ilumina\u00e7\u00e3o de Andr\u00e9 Marinho e L\u00e9o Dino e as \u2028c\u00e2meras de Andr\u00e9 Marinho, L\u00e9o Dino, Marco Oliveira e Leonardo Oliveira.<\/p>\n<p>&nbsp;<\/p>\n<p><iframe loading=\"lazy\" width=\"750\" height=\"422\" src=\"https:\/\/www.youtube.com\/embed\/JRJvccVKyQU?feature=oembed\" frameborder=\"0\" allowfullscreen><\/iframe><\/p>\n<p>&nbsp;<\/p>\n","protected":false},"excerpt":{"rendered":"<p>Eis que ecoam no Planalto Central novas ondas sonoras. \u00c9 a banda Marrakit\u00e1, formada por Marcos dos Santos (bateria), Carlinhos Alayon (guitarra), Jota Cohen (baixo) e Jo\u00e3o Pedro Mansur (guitarra e voz). Eles s\u00e3o de Bras\u00edlia.<br \/>\nO quarteto come\u00e7ou a se reunir para compartilhar suas experi\u00eancias musicais em meados de 2013. O resultado sonoro agradou tanto [&#8230;]<\/p>\n","protected":false},"author":9,"featured_media":1357,"comment_status":"open","ping_status":"open","sticky":false,"template":"","format":"standard","meta":{"footnotes":""},"categories":[114],"tags":[6418,11415,22,11414],"class_list":["post-1356","post","type-post","status-publish","format-standard","has-post-thumbnail","hentry","category-artigos","tag-brasilia","tag-ep","tag-lancamento","tag-marrakita"],"_links":{"self":[{"href":"https:\/\/ultimato.com.br\/sites\/carlinhosveiga\/wp-json\/wp\/v2\/posts\/1356","targetHints":{"allow":["GET"]}}],"collection":[{"href":"https:\/\/ultimato.com.br\/sites\/carlinhosveiga\/wp-json\/wp\/v2\/posts"}],"about":[{"href":"https:\/\/ultimato.com.br\/sites\/carlinhosveiga\/wp-json\/wp\/v2\/types\/post"}],"author":[{"embeddable":true,"href":"https:\/\/ultimato.com.br\/sites\/carlinhosveiga\/wp-json\/wp\/v2\/users\/9"}],"replies":[{"embeddable":true,"href":"https:\/\/ultimato.com.br\/sites\/carlinhosveiga\/wp-json\/wp\/v2\/comments?post=1356"}],"version-history":[{"count":7,"href":"https:\/\/ultimato.com.br\/sites\/carlinhosveiga\/wp-json\/wp\/v2\/posts\/1356\/revisions"}],"predecessor-version":[{"id":1364,"href":"https:\/\/ultimato.com.br\/sites\/carlinhosveiga\/wp-json\/wp\/v2\/posts\/1356\/revisions\/1364"}],"wp:featuredmedia":[{"embeddable":true,"href":"https:\/\/ultimato.com.br\/sites\/carlinhosveiga\/wp-json\/wp\/v2\/media\/1357"}],"wp:attachment":[{"href":"https:\/\/ultimato.com.br\/sites\/carlinhosveiga\/wp-json\/wp\/v2\/media?parent=1356"}],"wp:term":[{"taxonomy":"category","embeddable":true,"href":"https:\/\/ultimato.com.br\/sites\/carlinhosveiga\/wp-json\/wp\/v2\/categories?post=1356"},{"taxonomy":"post_tag","embeddable":true,"href":"https:\/\/ultimato.com.br\/sites\/carlinhosveiga\/wp-json\/wp\/v2\/tags?post=1356"}],"curies":[{"name":"wp","href":"https:\/\/api.w.org\/{rel}","templated":true}]}}