{"id":1350,"date":"2014-06-21T20:44:41","date_gmt":"2014-06-21T23:44:41","guid":{"rendered":"http:\/\/ultimato.com.br\/sites\/carlinhosveiga\/?p=1350"},"modified":"2014-06-21T20:44:41","modified_gmt":"2014-06-21T23:44:41","slug":"show-de-lancamento-do-cd-parceiragens-em-brasilia","status":"publish","type":"post","link":"https:\/\/ultimato.com.br\/sites\/carlinhosveiga\/2014\/06\/21\/show-de-lancamento-do-cd-parceiragens-em-brasilia\/","title":{"rendered":"Show de lan\u00e7amento do CD Parceiragens em Bras\u00edlia"},"content":{"rendered":"<p>No pr\u00f3ximo dia 25 de junho Carlinhos Veiga e banda lan\u00e7am no Teatro dos Banc\u00e1rios o seu mais novo trabalho: <b>Parceiragens<\/b>. Esse \u00e9 o oitavo CD da carreira de Carlinhos, que tamb\u00e9m tem um DVD lan\u00e7ado: \u201cCh\u00e3o\u201d. O show de lan\u00e7amento contar\u00e1 com a participa\u00e7\u00e3o especial de Leonel Laterza, Dudu Sete Cordas, Pedro Martins, entre outros.<\/p>\n<p><a href=\"http:\/\/ultimato.com.br\/sites\/carlinhosveiga\/files\/2014\/06\/Show_net.jpg\"><img loading=\"lazy\" decoding=\"async\" class=\"alignleft size-medium wp-image-1351\" alt=\"Show_net\" src=\"http:\/\/ultimato.com.br\/sites\/carlinhosveiga\/files\/2014\/06\/Show_net-212x300.jpg\" width=\"212\" height=\"300\" srcset=\"https:\/\/ultimato.com.br\/sites\/carlinhosveiga\/files\/2014\/06\/Show_net-212x300.jpg 212w, https:\/\/ultimato.com.br\/sites\/carlinhosveiga\/files\/2014\/06\/Show_net-723x1024.jpg 723w, https:\/\/ultimato.com.br\/sites\/carlinhosveiga\/files\/2014\/06\/Show_net-106x150.jpg 106w, https:\/\/ultimato.com.br\/sites\/carlinhosveiga\/files\/2014\/06\/Show_net.jpg 842w\" sizes=\"auto, (max-width: 212px) 100vw, 212px\" \/><\/a>O repert\u00f3rio do show \u00e9 composto basicamente pelas can\u00e7\u00f5es do novo trabalho <b>Parceiragens<\/b>, mesclado com m\u00fasicas dos antigos CDs que se tornaram conhecidas por premia\u00e7\u00f5es em festivais e por veicula\u00e7\u00f5es nas r\u00e1dios da Capital Federal.<\/p>\n<p>Carlinhos Veiga (voz, viol\u00e3o e viola caipira) ser\u00e1 acompanhado por sua banda formada por Cl\u00e1udia Barbosa (flauta transversal e vocal), Felipe Viegas (piano, viol\u00e3o e vocal), Enos Marcelino (acordeom e vocal), Eline M\u00e1rcia (vocal), Pedro Feitoza (baixo), Leo Barbosa (percuss\u00e3o) e Ismael Rattis (bateria e percuss\u00e3o).<\/p>\n<p>O show acontece \u00e0s 20h30, no Teatro dos Banc\u00e1rios, na EQS 315\/316, Asa Sul, em Bras\u00edlia. Ingressos na bilheteria do teatro. Outras informa\u00e7\u00f5es pelo fone (61) 9218-1302.<\/p>\n<p>&nbsp;<\/p>\n<p><b><i>PARCEIRAGENS<\/i><\/b><\/p>\n<p>Parceiragens \u00e9 o oitavo CD gravado por Carlinhos Veiga, que tamb\u00e9m possui um DVD \u2013 \u201cCh\u00e3o\u201d. Diferente dos demais, foi elaborado a partir de uma cria\u00e7\u00e3o coletiva, raz\u00e3o pela qual leva esse t\u00edtulo. \u00c9 o primeiro trabalho que Carlinhos grava por meio de um crowdfunding \u2013 um financiamento coletivo. Muito embora tivesse o repert\u00f3rio praticamente definido, os arranjos elaborados e ensaiados, faltavam os recursos financeiros para a produ\u00e7\u00e3o do CD. Assim, lan\u00e7ou m\u00e3o do financiamento coletivo, por meio do site \u201cCatarse\u201d e saiu \u00e0 luta. Em 45 dias conseguiu a ades\u00e3o de aproximadamente 270 pessoas que participaram do projeto adquirindo os CDs, os downloads antecipados, al\u00e9m de outras recompensas de acordo com o apoio financeiro escolhido. Com esse projeto foi poss\u00edvel levantar quase 120% do valor inicialmente estipulado.<\/p>\n<p>Outra caracter\u00edstica do <b>Parceiragens<\/b>, \u00e9 que das 12 m\u00fasicas que comp\u00f5e o repert\u00f3rio, nove delas foram feitas pelo Carlinhos em parceira com m\u00fasicos e poetas de v\u00e1rias partes do pa\u00eds; a can\u00e7\u00e3o \u201cA casa dos meus sonhos\u201d \u00e9 de autoria do colombiano Santiago Benavides, com vers\u00e3o feita por Carlinhos (eles fizeram em 2013 uma s\u00e9rie de 12 apresenta\u00e7\u00f5es por v\u00e1rias cidades brasileiras). Essa diversidade de parcerias confere ao trabalho uma riqueza de estilos, harmonias e tem\u00e1ticas, tornando-o bastante ecl\u00e9tico.<\/p>\n<p>A grava\u00e7\u00e3o do CD contou com v\u00e1rios m\u00fasicos brasilienses que deram uma contribui\u00e7\u00e3o singular, conferindo grande beleza aos arranjos. Participaram das grava\u00e7\u00f5es os m\u00fasicos que fazem parte da banda de Carlinhos: Leo Barbosa, Felipe Viegas, Ismael Rattis, Enos Marcelino, Pedro Feitoza, Claudia Barbosa e Eline M\u00e1rcia. Al\u00e9m destes, outros instrumentistas e cantores que comp\u00f5em parte da \u201cprateleira de cima\u201d da m\u00fasica brasiliense e nacional fizeram participa\u00e7\u00f5es especiais: Pedro Martins, Juninho Ferreira, Pedro Vasconcellos, Kalley Seraine, Sandra Vargas, Dudu Sete Cordas, Dido Mariano, Renato Galv\u00e3o, Felix Junior, Leonel Laterza e Marcio Lucena. <b>Parceiragens<\/b> teve a produ\u00e7\u00e3o do m\u00fasico Thiago Pinheiro.<\/p>\n<p>O CD foi gravado em janeiro de 2014 no est\u00fadio Sinal Music, em Bras\u00edlia (DF), por Thiago Pinheiro, com a assist\u00eancia de Marcus Lira. A mixagem foi realizada nos est\u00fadios Acorde Produ\u00e7\u00f5es em S\u00e3o Paulo (SP), e DaJazz Records Studios, no Colorado, EUA. Quem cuidou da masteriza\u00e7\u00e3o foi o premiado engenheiro de som David Glasser, do Airshow Mastering, Colorado, EUA. O projeto gr\u00e1fico e as ilustra\u00e7\u00f5es s\u00e3o do artista gr\u00e1fico Marcelo Bittencourt, de Curitiba. Produ\u00e7\u00e3o Executiva e Dire\u00e7\u00e3o Geral de Carlinhos Veiga.<\/p>\n<p>&nbsp;<\/p>\n<p>&nbsp;<\/p>\n","protected":false},"excerpt":{"rendered":"<p>No pr\u00f3ximo dia 25 de junho Carlinhos Veiga e banda lan\u00e7am no Teatro dos Banc\u00e1rios o seu mais novo trabalho: Parceiragens. Esse \u00e9 o oitavo CD da carreira de Carlinhos, que tamb\u00e9m tem um DVD lan\u00e7ado: \u201cCh\u00e3o\u201d. O show de lan\u00e7amento contar\u00e1 com a participa\u00e7\u00e3o especial de Leonel Laterza, Dudu Sete Cordas, Pedro Martins, entre [&#8230;]<\/p>\n","protected":false},"author":9,"featured_media":1351,"comment_status":"open","ping_status":"open","sticky":false,"template":"","format":"standard","meta":{"footnotes":""},"categories":[114],"tags":[6418,6421,22,6441,11413,6423],"class_list":["post-1350","post","type-post","status-publish","format-standard","has-post-thumbnail","hentry","category-artigos","tag-brasilia","tag-carlinhos-veiga-e-banda","tag-lancamento","tag-musica-brasileira","tag-parceiragens","tag-show"],"_links":{"self":[{"href":"https:\/\/ultimato.com.br\/sites\/carlinhosveiga\/wp-json\/wp\/v2\/posts\/1350","targetHints":{"allow":["GET"]}}],"collection":[{"href":"https:\/\/ultimato.com.br\/sites\/carlinhosveiga\/wp-json\/wp\/v2\/posts"}],"about":[{"href":"https:\/\/ultimato.com.br\/sites\/carlinhosveiga\/wp-json\/wp\/v2\/types\/post"}],"author":[{"embeddable":true,"href":"https:\/\/ultimato.com.br\/sites\/carlinhosveiga\/wp-json\/wp\/v2\/users\/9"}],"replies":[{"embeddable":true,"href":"https:\/\/ultimato.com.br\/sites\/carlinhosveiga\/wp-json\/wp\/v2\/comments?post=1350"}],"version-history":[{"count":1,"href":"https:\/\/ultimato.com.br\/sites\/carlinhosveiga\/wp-json\/wp\/v2\/posts\/1350\/revisions"}],"predecessor-version":[{"id":1353,"href":"https:\/\/ultimato.com.br\/sites\/carlinhosveiga\/wp-json\/wp\/v2\/posts\/1350\/revisions\/1353"}],"wp:featuredmedia":[{"embeddable":true,"href":"https:\/\/ultimato.com.br\/sites\/carlinhosveiga\/wp-json\/wp\/v2\/media\/1351"}],"wp:attachment":[{"href":"https:\/\/ultimato.com.br\/sites\/carlinhosveiga\/wp-json\/wp\/v2\/media?parent=1350"}],"wp:term":[{"taxonomy":"category","embeddable":true,"href":"https:\/\/ultimato.com.br\/sites\/carlinhosveiga\/wp-json\/wp\/v2\/categories?post=1350"},{"taxonomy":"post_tag","embeddable":true,"href":"https:\/\/ultimato.com.br\/sites\/carlinhosveiga\/wp-json\/wp\/v2\/tags?post=1350"}],"curies":[{"name":"wp","href":"https:\/\/api.w.org\/{rel}","templated":true}]}}