{"id":1345,"date":"2014-06-10T15:34:30","date_gmt":"2014-06-10T18:34:30","guid":{"rendered":"http:\/\/ultimato.com.br\/sites\/carlinhosveiga\/?p=1345"},"modified":"2014-06-10T15:36:37","modified_gmt":"2014-06-10T18:36:37","slug":"deus-chamou-o-seu-melao-para-o-som-no-ceu","status":"publish","type":"post","link":"https:\/\/ultimato.com.br\/sites\/carlinhosveiga\/2014\/06\/10\/deus-chamou-o-seu-melao-para-o-som-no-ceu\/","title":{"rendered":"Deus chamou o seu Mel\u00e3o para o som no c\u00e9u"},"content":{"rendered":"<p>Hoje recebi uma triste not\u00edcia: seu Mel\u00e3o, o homem do circo\u00a0do Som do C\u00e9u, o simp\u00e1tico senhor das ma\u00e7\u00e3s do amor, j\u00e1 n\u00e3o est\u00e1 entre n\u00f3s. Deus o chamou ontem para participar do verdadeiro som, no c\u00e9u. Hoje sepultaram seu corpo em Belo Horizonte, numa cerim\u00f4nia simples acompanhada pelo amigo Marcelo Gualberto, diretor executivo da MPC.<\/p>\n<p><a href=\"http:\/\/ultimato.com.br\/sites\/carlinhosveiga\/files\/2014\/06\/Seu-Mel\u00e3o.jpeg\"><img loading=\"lazy\" decoding=\"async\" class=\"alignleft size-medium wp-image-1346\" alt=\"Seu Mel\u00e3o\" src=\"http:\/\/ultimato.com.br\/sites\/carlinhosveiga\/files\/2014\/06\/Seu-Mel\u00e3o-254x300.jpeg\" width=\"254\" height=\"300\" srcset=\"https:\/\/ultimato.com.br\/sites\/carlinhosveiga\/files\/2014\/06\/Seu-Mel\u00e3o-254x300.jpeg 254w, https:\/\/ultimato.com.br\/sites\/carlinhosveiga\/files\/2014\/06\/Seu-Mel\u00e3o-127x150.jpeg 127w, https:\/\/ultimato.com.br\/sites\/carlinhosveiga\/files\/2014\/06\/Seu-Mel\u00e3o.jpeg 400w\" sizes=\"auto, (max-width: 254px) 100vw, 254px\" \/><\/a>Seu Perone, esse \u00e9 o nome dele, virou figura emblem\u00e1tica desse acampamento. Por anos, desde o segundo Som do C\u00e9u (h\u00e1 29 anos atr\u00e1s), era ele quem arranjava o circo e participava ativamente do evento acompanhando a montagem da tenda e servindo as deliciosas ma\u00e7\u00e3s do amor.<\/p>\n<p>Na edi\u00e7\u00e3o desse ano almo\u00e7amos juntos num dos dias e ele pode me contar a sua hist\u00f3ria pessoal e familiar, sua trajet\u00f3ria como artista circense, sua viv\u00eancia com m\u00fasicos consagrados que iniciaram no circo suas carreiras (Cascatinha e Inhana, Chit\u00e3ozinho e Xoror\u00f3, Agnaldo Tim\u00f3teo entre v\u00e1rios outros). Disse que conheceu o Carequinha (&#8220;o bom menino n\u00e3o faz pipi na cama&#8230;&#8221;) e me contou que esse admirado palha\u00e7o era primo da atriz Elizabeth Savalla. Foi um papo longo, bom, entrecortado por boas gargalhadas e momentos de emo\u00e7\u00e3o.<\/p>\n<p>Agora, recebo a not\u00edcia: Deus chamou o seu Mel\u00e3o. O seu Mel\u00e3o que sempre me abra\u00e7ava quando eu descia do palco dizendo: gosto demais de sua viola!<\/p>\n<p>Estou triste, mas \u00e9 uma tristeza que tem seus dias contados, pois tamb\u00e9m iremos para l\u00e1, aqueles que tem Jesus por seu Salvador pessoal. Um dia tamb\u00e9m seremos convocados para o verdadeiro Som do C\u00e9u, e ent\u00e3o encontraremos seu Mel\u00e3o, Janires, Jorge Redher e muitos outros, reunidos na presen\u00e7a do nosso Deus. Essa \u00e9 a certeza que me move!<\/p>\n<p>(Fotografia de Lisias Abreu)<\/p>\n","protected":false},"excerpt":{"rendered":"<p>Hoje recebi uma triste not\u00edcia: seu Mel\u00e3o, o homem do circo\u00a0do Som do C\u00e9u, o simp\u00e1tico senhor das ma\u00e7\u00e3s do amor, j\u00e1 n\u00e3o est\u00e1 entre n\u00f3s. Deus o chamou ontem para participar do verdadeiro som, no c\u00e9u. Hoje sepultaram seu corpo em Belo Horizonte, numa cerim\u00f4nia simples acompanhada pelo amigo Marcelo Gualberto, diretor executivo da [&#8230;]<\/p>\n","protected":false},"author":9,"featured_media":1346,"comment_status":"open","ping_status":"open","sticky":false,"template":"","format":"standard","meta":{"footnotes":""},"categories":[114],"tags":[11411,11412,6022],"class_list":["post-1345","post","type-post","status-publish","format-standard","has-post-thumbnail","hentry","category-artigos","tag-acampamento","tag-seu-melao","tag-som-do-ceu"],"_links":{"self":[{"href":"https:\/\/ultimato.com.br\/sites\/carlinhosveiga\/wp-json\/wp\/v2\/posts\/1345","targetHints":{"allow":["GET"]}}],"collection":[{"href":"https:\/\/ultimato.com.br\/sites\/carlinhosveiga\/wp-json\/wp\/v2\/posts"}],"about":[{"href":"https:\/\/ultimato.com.br\/sites\/carlinhosveiga\/wp-json\/wp\/v2\/types\/post"}],"author":[{"embeddable":true,"href":"https:\/\/ultimato.com.br\/sites\/carlinhosveiga\/wp-json\/wp\/v2\/users\/9"}],"replies":[{"embeddable":true,"href":"https:\/\/ultimato.com.br\/sites\/carlinhosveiga\/wp-json\/wp\/v2\/comments?post=1345"}],"version-history":[{"count":2,"href":"https:\/\/ultimato.com.br\/sites\/carlinhosveiga\/wp-json\/wp\/v2\/posts\/1345\/revisions"}],"predecessor-version":[{"id":1348,"href":"https:\/\/ultimato.com.br\/sites\/carlinhosveiga\/wp-json\/wp\/v2\/posts\/1345\/revisions\/1348"}],"wp:featuredmedia":[{"embeddable":true,"href":"https:\/\/ultimato.com.br\/sites\/carlinhosveiga\/wp-json\/wp\/v2\/media\/1346"}],"wp:attachment":[{"href":"https:\/\/ultimato.com.br\/sites\/carlinhosveiga\/wp-json\/wp\/v2\/media?parent=1345"}],"wp:term":[{"taxonomy":"category","embeddable":true,"href":"https:\/\/ultimato.com.br\/sites\/carlinhosveiga\/wp-json\/wp\/v2\/categories?post=1345"},{"taxonomy":"post_tag","embeddable":true,"href":"https:\/\/ultimato.com.br\/sites\/carlinhosveiga\/wp-json\/wp\/v2\/tags?post=1345"}],"curies":[{"name":"wp","href":"https:\/\/api.w.org\/{rel}","templated":true}]}}