{"id":1336,"date":"2014-03-22T16:22:01","date_gmt":"2014-03-22T19:22:01","guid":{"rendered":"http:\/\/ultimato.com.br\/sites\/carlinhosveiga\/?p=1336"},"modified":"2014-03-22T16:24:26","modified_gmt":"2014-03-22T19:24:26","slug":"dia-mundial-da-agua","status":"publish","type":"post","link":"https:\/\/ultimato.com.br\/sites\/carlinhosveiga\/2014\/03\/22\/dia-mundial-da-agua\/","title":{"rendered":"Dia Mundial da \u00c1gua"},"content":{"rendered":"<p><a href=\"http:\/\/ultimato.com.br\/sites\/carlinhosveiga\/files\/2014\/03\/\u00c1gua-mao.jpg\"><img loading=\"lazy\" decoding=\"async\" class=\"alignleft size-medium wp-image-1338\" alt=\"\u00c1gua mao\" src=\"http:\/\/ultimato.com.br\/sites\/carlinhosveiga\/files\/2014\/03\/\u00c1gua-mao-300x199.jpg\" width=\"300\" height=\"199\" srcset=\"https:\/\/ultimato.com.br\/sites\/carlinhosveiga\/files\/2014\/03\/\u00c1gua-mao-300x199.jpg 300w, https:\/\/ultimato.com.br\/sites\/carlinhosveiga\/files\/2014\/03\/\u00c1gua-mao-1024x680.jpg 1024w, https:\/\/ultimato.com.br\/sites\/carlinhosveiga\/files\/2014\/03\/\u00c1gua-mao-150x99.jpg 150w, https:\/\/ultimato.com.br\/sites\/carlinhosveiga\/files\/2014\/03\/\u00c1gua-mao.jpg 2030w\" sizes=\"auto, (max-width: 300px) 100vw, 300px\" \/><\/a>No dia 22 de mar\u00e7o comemoramos o Dia Mundial da \u00c1gua. Vivemos um tempo onde precisamos estar atentos para a realidade de que os recursos naturais s\u00e3o maravilhosos, um grande presente de Deus, mas eles s\u00e3o finitos. A destrui\u00e7\u00e3o do ecossistema pelo ser humano tem trazido consequ\u00eancias grav\u00edssimas e compromete a vida futura.<\/p>\n<p>Segundo o suplemento do Correio Braziliense desse s\u00e1bado, 22 de mar\u00e7o, &#8220;centenas de milhares de fam\u00edlias, principalmente nos pa\u00edses subdesenvolvidos, ainda n\u00e3o tem saneamento b\u00e1sico. Pelo menos 1,5 milh\u00e3o de crian\u00e7as morrem a cada ano por causa de doen\u00e7as relacionadas a recursos h\u00eddricos contaminados&#8221;. Al\u00e9m do mais, temos visto que o consumo excessivo e o descaso ambiental j\u00e1 come\u00e7am a dar seus sinais, levando cidades brasileiras a pensar seriamente em racionamentos de \u00e1gua. Precisamos nos conscientizar e valorizar esse precioso presente de Deus para a humanidade: a \u00e1gua. Um bem que precisa ser cuidado.<\/p>\n<p>Para marcar esse dia, trago o v\u00eddeo do grupo Expresso Luz, cantando a can\u00e7\u00e3o &#8220;\u00c1gua&#8221;, uma bela composi\u00e7\u00e3o de Rub\u00e3o Lima. Curta a\u00ed&#8230;<\/p>\n<p>&nbsp;<\/p>\n<p><iframe loading=\"lazy\" width=\"750\" height=\"563\" src=\"https:\/\/www.youtube.com\/embed\/SJXYsxJ5Wt4?feature=oembed\" frameborder=\"0\" allowfullscreen><\/iframe><\/p>\n","protected":false},"excerpt":{"rendered":"<p>No dia 22 de mar\u00e7o comemoramos o Dia Mundial da \u00c1gua. Vivemos um tempo onde precisamos estar atentos para a realidade de que os recursos naturais s\u00e3o maravilhosos, um grande presente de Deus, mas eles s\u00e3o finitos. A destrui\u00e7\u00e3o do ecossistema pelo ser humano tem trazido consequ\u00eancias grav\u00edssimas e compromete a vida futura.<br \/>\nSegundo o suplemento [&#8230;]<\/p>\n","protected":false},"author":9,"featured_media":1338,"comment_status":"open","ping_status":"open","sticky":false,"template":"","format":"standard","meta":{"footnotes":""},"categories":[116],"tags":[11,11410,11357,60],"class_list":["post-1336","post","type-post","status-publish","format-standard","has-post-thumbnail","hentry","category-blog","tag-agua","tag-ecologia","tag-expresso-luz","tag-rubao"],"_links":{"self":[{"href":"https:\/\/ultimato.com.br\/sites\/carlinhosveiga\/wp-json\/wp\/v2\/posts\/1336","targetHints":{"allow":["GET"]}}],"collection":[{"href":"https:\/\/ultimato.com.br\/sites\/carlinhosveiga\/wp-json\/wp\/v2\/posts"}],"about":[{"href":"https:\/\/ultimato.com.br\/sites\/carlinhosveiga\/wp-json\/wp\/v2\/types\/post"}],"author":[{"embeddable":true,"href":"https:\/\/ultimato.com.br\/sites\/carlinhosveiga\/wp-json\/wp\/v2\/users\/9"}],"replies":[{"embeddable":true,"href":"https:\/\/ultimato.com.br\/sites\/carlinhosveiga\/wp-json\/wp\/v2\/comments?post=1336"}],"version-history":[{"count":2,"href":"https:\/\/ultimato.com.br\/sites\/carlinhosveiga\/wp-json\/wp\/v2\/posts\/1336\/revisions"}],"predecessor-version":[{"id":1339,"href":"https:\/\/ultimato.com.br\/sites\/carlinhosveiga\/wp-json\/wp\/v2\/posts\/1336\/revisions\/1339"}],"wp:featuredmedia":[{"embeddable":true,"href":"https:\/\/ultimato.com.br\/sites\/carlinhosveiga\/wp-json\/wp\/v2\/media\/1338"}],"wp:attachment":[{"href":"https:\/\/ultimato.com.br\/sites\/carlinhosveiga\/wp-json\/wp\/v2\/media?parent=1336"}],"wp:term":[{"taxonomy":"category","embeddable":true,"href":"https:\/\/ultimato.com.br\/sites\/carlinhosveiga\/wp-json\/wp\/v2\/categories?post=1336"},{"taxonomy":"post_tag","embeddable":true,"href":"https:\/\/ultimato.com.br\/sites\/carlinhosveiga\/wp-json\/wp\/v2\/tags?post=1336"}],"curies":[{"name":"wp","href":"https:\/\/api.w.org\/{rel}","templated":true}]}}