{"id":1304,"date":"2013-12-18T15:05:29","date_gmt":"2013-12-18T18:05:29","guid":{"rendered":"http:\/\/ultimato.com.br\/sites\/carlinhosveiga\/?p=1304"},"modified":"2013-12-18T15:20:18","modified_gmt":"2013-12-18T18:20:18","slug":"harmonia-e-baixo","status":"publish","type":"post","link":"https:\/\/ultimato.com.br\/sites\/carlinhosveiga\/2013\/12\/18\/harmonia-e-baixo\/","title":{"rendered":"Harmonia e Baixo"},"content":{"rendered":"<p><a href=\"http:\/\/ultimato.com.br\/sites\/carlinhosveiga\/files\/2013\/12\/Harmonia-e-baixo.jpg\"><img loading=\"lazy\" decoding=\"async\" class=\"alignleft size-medium wp-image-1305\" alt=\"Harmonia e baixo\" src=\"http:\/\/ultimato.com.br\/sites\/carlinhosveiga\/files\/2013\/12\/Harmonia-e-baixo-222x300.jpg\" width=\"222\" height=\"300\" srcset=\"https:\/\/ultimato.com.br\/sites\/carlinhosveiga\/files\/2013\/12\/Harmonia-e-baixo-222x300.jpg 222w, https:\/\/ultimato.com.br\/sites\/carlinhosveiga\/files\/2013\/12\/Harmonia-e-baixo-111x150.jpg 111w, https:\/\/ultimato.com.br\/sites\/carlinhosveiga\/files\/2013\/12\/Harmonia-e-baixo.jpg 567w\" sizes=\"auto, (max-width: 222px) 100vw, 222px\" \/><\/a>Sergio Pereira acaba de lan\u00e7ar a nova edi\u00e7\u00e3o do seu livro \u201cHarmonia e Baixo\u201d, revisada e ampliada. Acompanha um CD contendo 39 faixas com os exerc\u00edcios. Quem conhece o Sergio sabe que \u00e9 coisa de primeira qualidade. Ele integra o duo Baixo e Voz com sua esposa Marivone Lobo e h\u00e1 anos viaja pelo Brasil e o mundo levando um trabalho \u201csui generis\u201d. Acaba de voltar de um giro pelo M\u00e9xico.<\/p>\n<p>O livro foi prefaciado por Michael Manring (baixista e compositor) e apresentado por Marinho Andreotti (Contrabaixista, professor e coordenador da \u00e1rea de contrabaixo e guitarra da EMESP). Foi escrito para iniciantes e estudantes de n\u00edvel intermedi\u00e1rio. Cont\u00e9m partituras,\u00a0 cifras, tablaturas e cerca de 150 exerc\u00edcios com as resolu\u00e7\u00f5es te\u00f3ricas ao final.<\/p>\n<p>Para saber mais e adquirir, visite <a href=\"http:\/\/baixoevoz.blogspot.com.br\/2013\/11\/harmonia-e-baixo-nova-edicao.html\">aqui<\/a>.<\/p>\n","protected":false},"excerpt":{"rendered":"<p>Sergio Pereira acaba de lan\u00e7ar a nova edi\u00e7\u00e3o do seu livro \u201cHarmonia e Baixo\u201d, revisada e ampliada. Acompanha um CD contendo 39 faixas com os exerc\u00edcios. Quem conhece o Sergio sabe que \u00e9 coisa de primeira qualidade. Ele integra o duo Baixo e Voz com sua esposa Marivone Lobo e h\u00e1 anos viaja pelo Brasil [&#8230;]<\/p>\n","protected":false},"author":9,"featured_media":1305,"comment_status":"open","ping_status":"open","sticky":false,"template":"","format":"standard","meta":{"footnotes":""},"categories":[116],"tags":[11401,11403,10638,11400],"class_list":["post-1304","post","type-post","status-publish","format-standard","has-post-thumbnail","hentry","category-blog","tag-baixo","tag-baixo-e-voz","tag-harmonia","tag-sergio-pereira"],"_links":{"self":[{"href":"https:\/\/ultimato.com.br\/sites\/carlinhosveiga\/wp-json\/wp\/v2\/posts\/1304","targetHints":{"allow":["GET"]}}],"collection":[{"href":"https:\/\/ultimato.com.br\/sites\/carlinhosveiga\/wp-json\/wp\/v2\/posts"}],"about":[{"href":"https:\/\/ultimato.com.br\/sites\/carlinhosveiga\/wp-json\/wp\/v2\/types\/post"}],"author":[{"embeddable":true,"href":"https:\/\/ultimato.com.br\/sites\/carlinhosveiga\/wp-json\/wp\/v2\/users\/9"}],"replies":[{"embeddable":true,"href":"https:\/\/ultimato.com.br\/sites\/carlinhosveiga\/wp-json\/wp\/v2\/comments?post=1304"}],"version-history":[{"count":2,"href":"https:\/\/ultimato.com.br\/sites\/carlinhosveiga\/wp-json\/wp\/v2\/posts\/1304\/revisions"}],"predecessor-version":[{"id":1307,"href":"https:\/\/ultimato.com.br\/sites\/carlinhosveiga\/wp-json\/wp\/v2\/posts\/1304\/revisions\/1307"}],"wp:featuredmedia":[{"embeddable":true,"href":"https:\/\/ultimato.com.br\/sites\/carlinhosveiga\/wp-json\/wp\/v2\/media\/1305"}],"wp:attachment":[{"href":"https:\/\/ultimato.com.br\/sites\/carlinhosveiga\/wp-json\/wp\/v2\/media?parent=1304"}],"wp:term":[{"taxonomy":"category","embeddable":true,"href":"https:\/\/ultimato.com.br\/sites\/carlinhosveiga\/wp-json\/wp\/v2\/categories?post=1304"},{"taxonomy":"post_tag","embeddable":true,"href":"https:\/\/ultimato.com.br\/sites\/carlinhosveiga\/wp-json\/wp\/v2\/tags?post=1304"}],"curies":[{"name":"wp","href":"https:\/\/api.w.org\/{rel}","templated":true}]}}