{"id":1294,"date":"2013-12-11T15:09:29","date_gmt":"2013-12-11T18:09:29","guid":{"rendered":"http:\/\/ultimato.com.br\/sites\/carlinhosveiga\/?p=1294"},"modified":"2013-12-12T17:48:03","modified_gmt":"2013-12-12T20:48:03","slug":"voce-quer-fazer-o-som-do-carlinhos-veiga-funcionar","status":"publish","type":"post","link":"https:\/\/ultimato.com.br\/sites\/carlinhosveiga\/2013\/12\/11\/voce-quer-fazer-o-som-do-carlinhos-veiga-funcionar\/","title":{"rendered":"Voc\u00ea quer fazer o som do Carlinhos Veiga funcionar?"},"content":{"rendered":"<p>&nbsp;<\/p>\n<p><iframe loading=\"lazy\" width=\"750\" height=\"422\" src=\"https:\/\/www.youtube.com\/embed\/VcsLWNKWy4o?feature=oembed\" frameborder=\"0\" allowfullscreen><\/iframe><\/p>\n<p>Depois de quase 30 anos de trabalho musical, com 7 CDs gravados e um\u00a0DVD, chegou a hora de\u00a0lan\u00e7ar um novo \u00e1lbum.<\/p>\n<p>O \u00faltimo trabalho que gravei, o CD e\u00a0DVD\u00a0\u201cCh\u00e3o\u201d, foi basicamente uma colet\u00e2nea de can\u00e7\u00f5es j\u00e1 conhecidas de meus trabalhos anteriores, com uma ou outra novidade. Foi um esfor\u00e7o coletivo que exigiu muito da gente, em busca de parcerias art\u00edsticas e financeiras. Sem d\u00favida, a realiza\u00e7\u00e3o desse sonho foi uma grande b\u00ean\u00e7\u00e3o de Deus. Decidi gravar o &#8220;Ch\u00e3o&#8221; em Piren\u00f3polis, cidade hist\u00f3rica de Goi\u00e1s, por causa de minhas ra\u00edzes, meu compromisso com a cultura, mas sobretudo por meu empenho no Reino. Produzimos imagens e sons num show ao vivo no Theatro dos Pireneus, nas fazendas da regi\u00e3o e das famosas Cavalhadas de Piren\u00f3polis. Contei com a parceira da Toca de Barro Filmes, Olemix Est\u00fadio, Esta\u00e7\u00e3o UM, entre outros parceiros.<\/p>\n<p>O tempo passou muito r\u00e1pido desde ent\u00e3o. Compus novas m\u00fasicas, me aventurei em novas parcerias com amigos de alma, da m\u00fasica e da poesia. Come\u00e7amos a mostrar essas m\u00fasicas aqui e ali, em shows por esses brasis. A banda ficou afiada nesse novo repert\u00f3rio. Quando me dei conta, percebi que o ano estava findando e que alguns amigos parceiros da banda estavam pensando em mudar do pa\u00eds, buscando aprimoramento em seus estudos. Confesso que fiquei alegre com o vislumbre de crescimento de cada um deles, mas triste em n\u00e3o ter o registro desse momento dessas can\u00e7\u00f5es que j\u00e1 est\u00e3o amadurecidas.<\/p>\n<p>Foi a\u00ed que surgiu o desafio: por que n\u00e3o gravar um novo CD agora? O repert\u00f3rio j\u00e1 est\u00e1 bem adiantado! No entanto, estamos sem recursos financeiros para alavancar esse projeto. O Thiago Pinheiro esteve recentemente por aqui, gravando o CD da igreja que participamos. Ele botou pilha no projeto. Disse: &#8220;Vamos fazer esse trabalho, Carlinhos! Conte com minha ajuda, quero estar nessa com voc\u00ea&#8221;. Thiago fez coro com os amigos irm\u00e3os da banda: Claudia Barbosa, Pedro Feitoza, Leo Barbosa, Ismael Rattis, Felipe Viegas, Enos Mendon\u00e7a e Eline Rattacaso.<\/p>\n<p>A sa\u00edda que encontramos foi entrar num projeto de financiamento coletivo, tamb\u00e9m conhecido como &#8220;crowdfunding&#8221;. Existem alguns sites que gerenciam esses projetos. Escolhemos o Catarse, por ser um dos mais conhecidos e respeitados. Escrevemos o projeto: &#8220;Voc\u00ea quer fazer o som do Carlinhos funcionar?&#8221;. T\u00e1 l\u00e1: <a href=\"http:\/\/www.catarse.me\/carlinhosveiga\">www.catarse.me\/carlinhosveiga<\/a>.<\/p>\n<p>Tenho contado com a parceira de muita gente boa, desde o in\u00edcio, como o Rapha Sousas (\u00e9 o cara do v\u00eddeo, criativo, um grande artista), o Jo\u00e3o Pedro Mansur (que deu uma luz nos roteiros dos v\u00eddeos), Marcelo Bittencourt (que est\u00e1 elaborando o projeto visual), al\u00e9m dos amigos-irm\u00e3os-insepar\u00e1veis da banda.<\/p>\n<p>Quem entra conosco nesse projeto, recebe em troca suas recompensas, que v\u00e3o desde o download antecipado do novo trabalho, at\u00e9 apoio de empresas que receber\u00e3o em troca um show exclusivo com a banda. Ou seja, qualquer pessoa, a partir de 10 reais, pode fazer o nosso som funcionar.<\/p>\n<p>Fica o convite para voc\u00ea passar por <a href=\"http:\/\/www.catarse.me\/carlinhosveiga\">l\u00e1<\/a> e dar uma for\u00e7a. Temos apenas 45 dias para levantar um total de 23 mil reais. No site voc\u00ea fica sabendo como vamos distribuir esses recursos. Vamos nessa&#8230; contamos com sua ajuda e sua divulga\u00e7\u00e3o!<\/p>\n<p><iframe loading=\"lazy\" width=\"750\" height=\"422\" src=\"https:\/\/www.youtube.com\/embed\/gW5uMmDcWXk?feature=oembed\" frameborder=\"0\" allowfullscreen><\/iframe><\/p>\n","protected":false},"excerpt":{"rendered":"<p>&nbsp;<\/p>\n<p>Depois de quase 30 anos de trabalho musical, com 7 CDs gravados e um\u00a0DVD, chegou a hora de\u00a0lan\u00e7ar um novo \u00e1lbum.<br \/>\nO \u00faltimo trabalho que gravei, o CD e\u00a0DVD\u00a0\u201cCh\u00e3o\u201d, foi basicamente uma colet\u00e2nea de can\u00e7\u00f5es j\u00e1 conhecidas de meus trabalhos anteriores, com uma ou outra novidade. Foi um esfor\u00e7o coletivo que exigiu muito da gente, em [&#8230;]<\/p>\n","protected":false},"author":9,"featured_media":1295,"comment_status":"open","ping_status":"open","sticky":false,"template":"","format":"standard","meta":{"footnotes":""},"categories":[116],"tags":[11392,11397,11396,11394,11395,11393],"class_list":["post-1294","post","type-post","status-publish","format-standard","has-post-thumbnail","hentry","category-blog","tag-carlinhos","tag-catarse","tag-coletivo","tag-crowdfunding","tag-financiamento","tag-veiga"],"_links":{"self":[{"href":"https:\/\/ultimato.com.br\/sites\/carlinhosveiga\/wp-json\/wp\/v2\/posts\/1294","targetHints":{"allow":["GET"]}}],"collection":[{"href":"https:\/\/ultimato.com.br\/sites\/carlinhosveiga\/wp-json\/wp\/v2\/posts"}],"about":[{"href":"https:\/\/ultimato.com.br\/sites\/carlinhosveiga\/wp-json\/wp\/v2\/types\/post"}],"author":[{"embeddable":true,"href":"https:\/\/ultimato.com.br\/sites\/carlinhosveiga\/wp-json\/wp\/v2\/users\/9"}],"replies":[{"embeddable":true,"href":"https:\/\/ultimato.com.br\/sites\/carlinhosveiga\/wp-json\/wp\/v2\/comments?post=1294"}],"version-history":[{"count":5,"href":"https:\/\/ultimato.com.br\/sites\/carlinhosveiga\/wp-json\/wp\/v2\/posts\/1294\/revisions"}],"predecessor-version":[{"id":1300,"href":"https:\/\/ultimato.com.br\/sites\/carlinhosveiga\/wp-json\/wp\/v2\/posts\/1294\/revisions\/1300"}],"wp:featuredmedia":[{"embeddable":true,"href":"https:\/\/ultimato.com.br\/sites\/carlinhosveiga\/wp-json\/wp\/v2\/media\/1295"}],"wp:attachment":[{"href":"https:\/\/ultimato.com.br\/sites\/carlinhosveiga\/wp-json\/wp\/v2\/media?parent=1294"}],"wp:term":[{"taxonomy":"category","embeddable":true,"href":"https:\/\/ultimato.com.br\/sites\/carlinhosveiga\/wp-json\/wp\/v2\/categories?post=1294"},{"taxonomy":"post_tag","embeddable":true,"href":"https:\/\/ultimato.com.br\/sites\/carlinhosveiga\/wp-json\/wp\/v2\/tags?post=1294"}],"curies":[{"name":"wp","href":"https:\/\/api.w.org\/{rel}","templated":true}]}}