{"id":1291,"date":"2013-12-08T16:18:43","date_gmt":"2013-12-08T19:18:43","guid":{"rendered":"http:\/\/ultimato.com.br\/sites\/carlinhosveiga\/?p=1291"},"modified":"2013-12-08T16:18:43","modified_gmt":"2013-12-08T19:18:43","slug":"voa-flor-e-o-primeiro-natal","status":"publish","type":"post","link":"https:\/\/ultimato.com.br\/sites\/carlinhosveiga\/2013\/12\/08\/voa-flor-e-o-primeiro-natal\/","title":{"rendered":"Voa Flor e o primeiro Natal"},"content":{"rendered":"<p><iframe loading=\"lazy\" src=\"https:\/\/player.vimeo.com\/video\/80160865\" width=\"750\" height=\"422\" frameborder=\"0\" title=\"O Primeiro Natal\" webkitallowfullscreen mozallowfullscreen allowfullscreen><\/iframe><\/p>\n<p>&nbsp;<\/p>\n<p>Na P\u00e1scoa passada o Voa Flor lan\u00e7ou um v\u00eddeo encantador. Crian\u00e7as anunciavam a mensagem b\u00edblica da ressurrei\u00e7\u00e3o de Jesus emocionando o p\u00fablico que assistia aquelas imagens. O trabalho foi t\u00e3o bem sucedido que levou o grupo a novas produ\u00e7\u00f5es. Para esse final de ano lan\u00e7am um novo v\u00eddeo contando a hist\u00f3ria do primeiro Natal.<\/p>\n<p>Voa Flor \u00e9 formado por pessoas que desejam transmitir os valores de Deus atrav\u00e9s de produ\u00e7\u00f5es audiovisuais. Todos os envolvidos s\u00e3o volunt\u00e1rios que doam seu tempo e talentos para este prop\u00f3sito. O nome do grupo foi inspirado na flor Dente de Le\u00e3o, \u201caquela que quando a gente assopra espalha suas sementinhas, fazendo outras flores brotarem por todos os lugares\u201d. O desejo do grupo \u00e9 que a mensagem dos v\u00eddeos seja assim tamb\u00e9m: que voe por a\u00ed como incont\u00e1veis sementes, crescendo e brotando onde os olhos nem podem ver.<\/p>\n<p>A produ\u00e7\u00e3o do v\u00eddeo com a hist\u00f3ria do primeiro Natal levou cerca de 4 meses, contando com a participa\u00e7\u00e3o de cerca de cem crian\u00e7as e dezenas de fam\u00edlias que, no anonimato, se empenharam bastante para tornar poss\u00edvel este trabalho.<\/p>\n<p>Todos os integrantes do Grupo Voa Flor participam da Igreja Luterana (Comunidade do Redentor), em Curitiba. Para a grava\u00e7\u00e3o do v\u00eddeo convidaram crian\u00e7as da comunidade, de outras igrejas e filhos de amigos. Apesar do trabalho duro, o v\u00eddeo est\u00e1 a\u00ed para novamente encantar a todos.<\/p>\n<p>O Voa Flor ainda n\u00e3o sabe qual ser\u00e1 o pr\u00f3ximo projeto, mas tem planos de seguir com hist\u00f3rias b\u00edblicas narradas e encenadas pelas crian\u00e7as. Ainda pensam em outros projetos com adultos.<\/p>\n<p>Para conhecer mais sobre o Voa Flor e baixar os arquivos com v\u00eddeos e trilhas, basta acessar <a href=\"http:\/\/www.voaflor.com.br\/\">www.voaflor.com.br<\/a>.<\/p>\n","protected":false},"excerpt":{"rendered":"<p>&nbsp;<br \/>\nNa P\u00e1scoa passada o Voa Flor lan\u00e7ou um v\u00eddeo encantador. Crian\u00e7as anunciavam a mensagem b\u00edblica da ressurrei\u00e7\u00e3o de Jesus emocionando o p\u00fablico que assistia aquelas imagens. O trabalho foi t\u00e3o bem sucedido que levou o grupo a novas produ\u00e7\u00f5es. Para esse final de ano lan\u00e7am um novo v\u00eddeo contando a hist\u00f3ria do primeiro Natal.<br \/>\nVoa Flor [&#8230;]<\/p>\n","protected":false},"author":9,"featured_media":1292,"comment_status":"open","ping_status":"open","sticky":false,"template":"","format":"standard","meta":{"footnotes":""},"categories":[116],"tags":[82,92,11391],"class_list":["post-1291","post","type-post","status-publish","format-standard","has-post-thumbnail","hentry","category-blog","tag-natal","tag-video","tag-voa-flor"],"_links":{"self":[{"href":"https:\/\/ultimato.com.br\/sites\/carlinhosveiga\/wp-json\/wp\/v2\/posts\/1291","targetHints":{"allow":["GET"]}}],"collection":[{"href":"https:\/\/ultimato.com.br\/sites\/carlinhosveiga\/wp-json\/wp\/v2\/posts"}],"about":[{"href":"https:\/\/ultimato.com.br\/sites\/carlinhosveiga\/wp-json\/wp\/v2\/types\/post"}],"author":[{"embeddable":true,"href":"https:\/\/ultimato.com.br\/sites\/carlinhosveiga\/wp-json\/wp\/v2\/users\/9"}],"replies":[{"embeddable":true,"href":"https:\/\/ultimato.com.br\/sites\/carlinhosveiga\/wp-json\/wp\/v2\/comments?post=1291"}],"version-history":[{"count":1,"href":"https:\/\/ultimato.com.br\/sites\/carlinhosveiga\/wp-json\/wp\/v2\/posts\/1291\/revisions"}],"predecessor-version":[{"id":1293,"href":"https:\/\/ultimato.com.br\/sites\/carlinhosveiga\/wp-json\/wp\/v2\/posts\/1291\/revisions\/1293"}],"wp:featuredmedia":[{"embeddable":true,"href":"https:\/\/ultimato.com.br\/sites\/carlinhosveiga\/wp-json\/wp\/v2\/media\/1292"}],"wp:attachment":[{"href":"https:\/\/ultimato.com.br\/sites\/carlinhosveiga\/wp-json\/wp\/v2\/media?parent=1291"}],"wp:term":[{"taxonomy":"category","embeddable":true,"href":"https:\/\/ultimato.com.br\/sites\/carlinhosveiga\/wp-json\/wp\/v2\/categories?post=1291"},{"taxonomy":"post_tag","embeddable":true,"href":"https:\/\/ultimato.com.br\/sites\/carlinhosveiga\/wp-json\/wp\/v2\/tags?post=1291"}],"curies":[{"name":"wp","href":"https:\/\/api.w.org\/{rel}","templated":true}]}}