{"id":1274,"date":"2013-10-17T11:54:11","date_gmt":"2013-10-17T14:54:11","guid":{"rendered":"http:\/\/ultimato.com.br\/sites\/carlinhosveiga\/?p=1274"},"modified":"2013-10-17T11:57:51","modified_gmt":"2013-10-17T14:57:51","slug":"grupo-logos-lanca-album-acustico","status":"publish","type":"post","link":"https:\/\/ultimato.com.br\/sites\/carlinhosveiga\/2013\/10\/17\/grupo-logos-lanca-album-acustico\/","title":{"rendered":"Grupo Logos lan\u00e7a \u00e1lbum ac\u00fastico"},"content":{"rendered":"<p><a href=\"http:\/\/ultimato.com.br\/sites\/carlinhosveiga\/files\/2013\/10\/Logos.jpeg\"><img loading=\"lazy\" decoding=\"async\" class=\"alignleft size-medium wp-image-1275\" alt=\"Logos\" src=\"http:\/\/ultimato.com.br\/sites\/carlinhosveiga\/files\/2013\/10\/Logos-300x300.jpeg\" width=\"300\" height=\"300\" srcset=\"https:\/\/ultimato.com.br\/sites\/carlinhosveiga\/files\/2013\/10\/Logos-300x300.jpeg 300w, https:\/\/ultimato.com.br\/sites\/carlinhosveiga\/files\/2013\/10\/Logos-150x150.jpeg 150w, https:\/\/ultimato.com.br\/sites\/carlinhosveiga\/files\/2013\/10\/Logos-1021x1024.jpeg 1021w, https:\/\/ultimato.com.br\/sites\/carlinhosveiga\/files\/2013\/10\/Logos-64x64.jpeg 64w, https:\/\/ultimato.com.br\/sites\/carlinhosveiga\/files\/2013\/10\/Logos.jpeg 1458w\" sizes=\"auto, (max-width: 300px) 100vw, 300px\" \/><\/a>&#8220;Linha do Tempo&#8221; \u00e9 o nome do mais novo \u00e1lbum do Grupo Logos. Fiz o coment\u00e1rio recentemente na revista Ultimato impressa. Agora, disponibilizo aqui no blog o Podcast Toque Musical, produzido pela r\u00e1dio IPB, a partir dos meus textos na Ultimato.<\/p>\n<p>Ou\u00e7a trechos de algumas can\u00e7\u00f5es que est\u00e3o nesse que \u00e9 o primeiro \u00e1lbum ac\u00fastico do Logos. Uma viagem no tempo!<\/p>\n<p>&nbsp;<\/p>\n<p><iframe loading=\"lazy\" width=\"750\" height=\"400\" scrolling=\"no\" frameborder=\"no\" src=\"https:\/\/w.soundcloud.com\/player\/?visual=true&#038;url=https%3A%2F%2Fapi.soundcloud.com%2Ftracks%2F115765691&#038;show_artwork=true&#038;maxwidth=750&#038;maxheight=1000\"><\/iframe><\/p>\n<p>&nbsp;<\/p>\n","protected":false},"excerpt":{"rendered":"<p>&#8220;Linha do Tempo&#8221; \u00e9 o nome do mais novo \u00e1lbum do Grupo Logos. Fiz o coment\u00e1rio recentemente na revista Ultimato impressa. Agora, disponibilizo aqui no blog o Podcast Toque Musical, produzido pela r\u00e1dio IPB, a partir dos meus textos na Ultimato.<br \/>\nOu\u00e7a trechos de algumas can\u00e7\u00f5es que est\u00e3o nesse que \u00e9 o primeiro \u00e1lbum ac\u00fastico do [&#8230;]<\/p>\n","protected":false},"author":9,"featured_media":1275,"comment_status":"open","ping_status":"open","sticky":false,"template":"","format":"standard","meta":{"footnotes":""},"categories":[116],"tags":[11388,11389,11386],"class_list":["post-1274","post","type-post","status-publish","format-standard","has-post-thumbnail","hentry","category-blog","tag-grupo-logos","tag-radio-ipb","tag-toque-musical"],"_links":{"self":[{"href":"https:\/\/ultimato.com.br\/sites\/carlinhosveiga\/wp-json\/wp\/v2\/posts\/1274","targetHints":{"allow":["GET"]}}],"collection":[{"href":"https:\/\/ultimato.com.br\/sites\/carlinhosveiga\/wp-json\/wp\/v2\/posts"}],"about":[{"href":"https:\/\/ultimato.com.br\/sites\/carlinhosveiga\/wp-json\/wp\/v2\/types\/post"}],"author":[{"embeddable":true,"href":"https:\/\/ultimato.com.br\/sites\/carlinhosveiga\/wp-json\/wp\/v2\/users\/9"}],"replies":[{"embeddable":true,"href":"https:\/\/ultimato.com.br\/sites\/carlinhosveiga\/wp-json\/wp\/v2\/comments?post=1274"}],"version-history":[{"count":4,"href":"https:\/\/ultimato.com.br\/sites\/carlinhosveiga\/wp-json\/wp\/v2\/posts\/1274\/revisions"}],"predecessor-version":[{"id":1279,"href":"https:\/\/ultimato.com.br\/sites\/carlinhosveiga\/wp-json\/wp\/v2\/posts\/1274\/revisions\/1279"}],"wp:featuredmedia":[{"embeddable":true,"href":"https:\/\/ultimato.com.br\/sites\/carlinhosveiga\/wp-json\/wp\/v2\/media\/1275"}],"wp:attachment":[{"href":"https:\/\/ultimato.com.br\/sites\/carlinhosveiga\/wp-json\/wp\/v2\/media?parent=1274"}],"wp:term":[{"taxonomy":"category","embeddable":true,"href":"https:\/\/ultimato.com.br\/sites\/carlinhosveiga\/wp-json\/wp\/v2\/categories?post=1274"},{"taxonomy":"post_tag","embeddable":true,"href":"https:\/\/ultimato.com.br\/sites\/carlinhosveiga\/wp-json\/wp\/v2\/tags?post=1274"}],"curies":[{"name":"wp","href":"https:\/\/api.w.org\/{rel}","templated":true}]}}