{"id":1266,"date":"2013-10-08T12:25:31","date_gmt":"2013-10-08T15:25:31","guid":{"rendered":"http:\/\/ultimato.com.br\/sites\/carlinhosveiga\/?p=1266"},"modified":"2013-10-17T11:58:52","modified_gmt":"2013-10-17T14:58:52","slug":"liz-valente-e-o-pipa-amarela","status":"publish","type":"post","link":"https:\/\/ultimato.com.br\/sites\/carlinhosveiga\/2013\/10\/08\/liz-valente-e-o-pipa-amarela\/","title":{"rendered":"Liz Valente e o &#8220;Pipa Amarela&#8221;"},"content":{"rendered":"<p><a href=\"http:\/\/ultimato.com.br\/sites\/carlinhosveiga\/files\/2013\/10\/Pipas-amarelas.jpg\"><img loading=\"lazy\" decoding=\"async\" class=\"alignleft size-medium wp-image-1267\" alt=\"Pipas amarelas\" src=\"http:\/\/ultimato.com.br\/sites\/carlinhosveiga\/files\/2013\/10\/Pipas-amarelas-300x243.jpg\" width=\"300\" height=\"243\" srcset=\"https:\/\/ultimato.com.br\/sites\/carlinhosveiga\/files\/2013\/10\/Pipas-amarelas-300x243.jpg 300w, https:\/\/ultimato.com.br\/sites\/carlinhosveiga\/files\/2013\/10\/Pipas-amarelas-1024x829.jpg 1024w, https:\/\/ultimato.com.br\/sites\/carlinhosveiga\/files\/2013\/10\/Pipas-amarelas-150x121.jpg 150w, https:\/\/ultimato.com.br\/sites\/carlinhosveiga\/files\/2013\/10\/Pipas-amarelas.jpg 1192w\" sizes=\"auto, (max-width: 300px) 100vw, 300px\" \/><\/a>Recentemente a mineira Liz Valente lan\u00e7ou seu primeiro CD, o &#8220;Pipa Amarela&#8221;, um trabalho que tem recebido elogios de muita gente boa.<\/p>\n<p>Como grande admirador dos artistas mineiros, especialmente daqueles ligados ao Clube da Esquina, me deliciei com este trabalho. Liz n\u00e3o somente tem essa linguagem, como sabiamente convidou com uma equipe que conhece e divulga esse som.<\/p>\n<p>Tive o privil\u00e9gio de apresentar o &#8220;Pipa Amarela&#8221; no programa Toque Musical da R\u00e1dio IPB, atrav\u00e9s do gentil convite do amigo Artur Mendes.<\/p>\n<p>Ou\u00e7a e divulgue!<\/p>\n<p>&nbsp;<\/p>\n<p><iframe loading=\"lazy\" width=\"750\" height=\"400\" scrolling=\"no\" frameborder=\"no\" src=\"https:\/\/w.soundcloud.com\/player\/?visual=true&#038;url=https%3A%2F%2Fapi.soundcloud.com%2Ftracks%2F114393252&#038;show_artwork=true&#038;maxwidth=750&#038;maxheight=1000\"><\/iframe><\/p>\n","protected":false},"excerpt":{"rendered":"<p>Recentemente a mineira Liz Valente lan\u00e7ou seu primeiro CD, o &#8220;Pipa Amarela&#8221;, um trabalho que tem recebido elogios de muita gente boa.<br \/>\nComo grande admirador dos artistas mineiros, especialmente daqueles ligados ao Clube da Esquina, me deliciei com este trabalho. Liz n\u00e3o somente tem essa linguagem, como sabiamente convidou com uma equipe que conhece e divulga [&#8230;]<\/p>\n","protected":false},"author":9,"featured_media":1267,"comment_status":"open","ping_status":"open","sticky":false,"template":"","format":"standard","meta":{"footnotes":""},"categories":[116],"tags":[22,5707,11385],"class_list":["post-1266","post","type-post","status-publish","format-standard","has-post-thumbnail","hentry","category-blog","tag-lancamento","tag-liz-valente","tag-pipa-amarela"],"_links":{"self":[{"href":"https:\/\/ultimato.com.br\/sites\/carlinhosveiga\/wp-json\/wp\/v2\/posts\/1266","targetHints":{"allow":["GET"]}}],"collection":[{"href":"https:\/\/ultimato.com.br\/sites\/carlinhosveiga\/wp-json\/wp\/v2\/posts"}],"about":[{"href":"https:\/\/ultimato.com.br\/sites\/carlinhosveiga\/wp-json\/wp\/v2\/types\/post"}],"author":[{"embeddable":true,"href":"https:\/\/ultimato.com.br\/sites\/carlinhosveiga\/wp-json\/wp\/v2\/users\/9"}],"replies":[{"embeddable":true,"href":"https:\/\/ultimato.com.br\/sites\/carlinhosveiga\/wp-json\/wp\/v2\/comments?post=1266"}],"version-history":[{"count":3,"href":"https:\/\/ultimato.com.br\/sites\/carlinhosveiga\/wp-json\/wp\/v2\/posts\/1266\/revisions"}],"predecessor-version":[{"id":1280,"href":"https:\/\/ultimato.com.br\/sites\/carlinhosveiga\/wp-json\/wp\/v2\/posts\/1266\/revisions\/1280"}],"wp:featuredmedia":[{"embeddable":true,"href":"https:\/\/ultimato.com.br\/sites\/carlinhosveiga\/wp-json\/wp\/v2\/media\/1267"}],"wp:attachment":[{"href":"https:\/\/ultimato.com.br\/sites\/carlinhosveiga\/wp-json\/wp\/v2\/media?parent=1266"}],"wp:term":[{"taxonomy":"category","embeddable":true,"href":"https:\/\/ultimato.com.br\/sites\/carlinhosveiga\/wp-json\/wp\/v2\/categories?post=1266"},{"taxonomy":"post_tag","embeddable":true,"href":"https:\/\/ultimato.com.br\/sites\/carlinhosveiga\/wp-json\/wp\/v2\/tags?post=1266"}],"curies":[{"name":"wp","href":"https:\/\/api.w.org\/{rel}","templated":true}]}}