{"id":1232,"date":"2013-08-21T12:26:19","date_gmt":"2013-08-21T15:26:19","guid":{"rendered":"http:\/\/ultimato.com.br\/sites\/carlinhosveiga\/?p=1232"},"modified":"2013-08-21T13:44:43","modified_gmt":"2013-08-21T16:44:43","slug":"podcast-24-a-musica-de-palavrantiga","status":"publish","type":"post","link":"https:\/\/ultimato.com.br\/sites\/carlinhosveiga\/2013\/08\/21\/podcast-24-a-musica-de-palavrantiga\/","title":{"rendered":"Podcast #24: A m\u00fasica de Palavrantiga"},"content":{"rendered":"<p><a href=\"http:\/\/ultimato.com.br\/sites\/carlinhosveiga\/files\/2013\/05\/palavrantiga.jpg\"><img loading=\"lazy\" decoding=\"async\" class=\"size-medium wp-image-1196 aligncenter\" alt=\"palavrantiga\" src=\"http:\/\/ultimato.com.br\/sites\/carlinhosveiga\/files\/2013\/05\/palavrantiga-300x179.jpg\" width=\"300\" height=\"179\" srcset=\"https:\/\/ultimato.com.br\/sites\/carlinhosveiga\/files\/2013\/05\/palavrantiga-300x179.jpg 300w, https:\/\/ultimato.com.br\/sites\/carlinhosveiga\/files\/2013\/05\/palavrantiga-1024x611.jpg 1024w, https:\/\/ultimato.com.br\/sites\/carlinhosveiga\/files\/2013\/05\/palavrantiga-150x89.jpg 150w, https:\/\/ultimato.com.br\/sites\/carlinhosveiga\/files\/2013\/05\/palavrantiga.jpg 1436w\" sizes=\"auto, (max-width: 300px) 100vw, 300px\" \/><\/a><\/p>\n<p>O podcast Novos Acordes #24 traz uma entrevista com Marcos Almeida, vocalista da banda Palavrantiga. O grupo completou 5 anos de estrada e tem feito um trabalho muito legal pelo Brasil. Vamos conversar sobre a banda, a forma\u00e7\u00e3o, a hist\u00f3ria e em especial \u201cSobre o Mesmo Ch\u00e3o\u201d, gravado pela Som Livre.<\/p>\n<p>&nbsp;<\/p>\n","protected":false},"excerpt":{"rendered":"<p>O podcast Novos Acordes #24 traz uma entrevista com Marcos Almeida, vocalista da banda Palavrantiga. O grupo completou 5 anos de estrada e tem feito um trabalho muito legal pelo Brasil. Vamos conversar sobre a banda, a forma\u00e7\u00e3o, a hist\u00f3ria e em especial \u201cSobre o Mesmo Ch\u00e3o\u201d, gravado pela Som Livre.<br \/>\n&nbsp;<\/p>\n","protected":false},"author":24,"featured_media":0,"comment_status":"open","ping_status":"open","sticky":false,"template":"","format":"standard","meta":{"footnotes":""},"categories":[117],"tags":[],"class_list":["post-1232","post","type-post","status-publish","format-standard","hentry","category-novos-acordes"],"_links":{"self":[{"href":"https:\/\/ultimato.com.br\/sites\/carlinhosveiga\/wp-json\/wp\/v2\/posts\/1232","targetHints":{"allow":["GET"]}}],"collection":[{"href":"https:\/\/ultimato.com.br\/sites\/carlinhosveiga\/wp-json\/wp\/v2\/posts"}],"about":[{"href":"https:\/\/ultimato.com.br\/sites\/carlinhosveiga\/wp-json\/wp\/v2\/types\/post"}],"author":[{"embeddable":true,"href":"https:\/\/ultimato.com.br\/sites\/carlinhosveiga\/wp-json\/wp\/v2\/users\/24"}],"replies":[{"embeddable":true,"href":"https:\/\/ultimato.com.br\/sites\/carlinhosveiga\/wp-json\/wp\/v2\/comments?post=1232"}],"version-history":[{"count":3,"href":"https:\/\/ultimato.com.br\/sites\/carlinhosveiga\/wp-json\/wp\/v2\/posts\/1232\/revisions"}],"predecessor-version":[{"id":1237,"href":"https:\/\/ultimato.com.br\/sites\/carlinhosveiga\/wp-json\/wp\/v2\/posts\/1232\/revisions\/1237"}],"wp:attachment":[{"href":"https:\/\/ultimato.com.br\/sites\/carlinhosveiga\/wp-json\/wp\/v2\/media?parent=1232"}],"wp:term":[{"taxonomy":"category","embeddable":true,"href":"https:\/\/ultimato.com.br\/sites\/carlinhosveiga\/wp-json\/wp\/v2\/categories?post=1232"},{"taxonomy":"post_tag","embeddable":true,"href":"https:\/\/ultimato.com.br\/sites\/carlinhosveiga\/wp-json\/wp\/v2\/tags?post=1232"}],"curies":[{"name":"wp","href":"https:\/\/api.w.org\/{rel}","templated":true}]}}