{"id":1215,"date":"2013-07-12T16:33:01","date_gmt":"2013-07-12T19:33:01","guid":{"rendered":"http:\/\/ultimato.com.br\/sites\/carlinhosveiga\/?p=1215"},"modified":"2013-07-12T16:40:15","modified_gmt":"2013-07-12T19:40:15","slug":"uma-experiencia-fascinante-rodar-nosso-brasil-levando-a-musica-latino-americana","status":"publish","type":"post","link":"https:\/\/ultimato.com.br\/sites\/carlinhosveiga\/2013\/07\/12\/uma-experiencia-fascinante-rodar-nosso-brasil-levando-a-musica-latino-americana\/","title":{"rendered":"Uma experi\u00eancia fascinante: rodar nosso Brasil levando a m\u00fasica latino-americana"},"content":{"rendered":"<p>Chegamos recentemente de nossa viagem por algumas cidades brasileiras acompanhados do Santiago Benavides e Mario Colmenares, ambos da Col\u00f4mbia. Foi um tempo excelente!<\/p>\n<div id=\"attachment_1216\" style=\"width: 310px\" class=\"wp-caption alignleft\"><a href=\"http:\/\/ultimato.com.br\/sites\/carlinhosveiga\/files\/2013\/07\/carlinhos-santiago-e-banda.jpg\"><img loading=\"lazy\" decoding=\"async\" aria-describedby=\"caption-attachment-1216\" class=\"size-medium wp-image-1216\" alt=\"Ismael, Santiago, Carlinhos, Mario e Pedro - foto de Rick Szuecs\" src=\"http:\/\/ultimato.com.br\/sites\/carlinhosveiga\/files\/2013\/07\/carlinhos-santiago-e-banda-300x199.jpg\" width=\"300\" height=\"199\" srcset=\"https:\/\/ultimato.com.br\/sites\/carlinhosveiga\/files\/2013\/07\/carlinhos-santiago-e-banda-300x199.jpg 300w, https:\/\/ultimato.com.br\/sites\/carlinhosveiga\/files\/2013\/07\/carlinhos-santiago-e-banda-1024x682.jpg 1024w, https:\/\/ultimato.com.br\/sites\/carlinhosveiga\/files\/2013\/07\/carlinhos-santiago-e-banda-150x99.jpg 150w, https:\/\/ultimato.com.br\/sites\/carlinhosveiga\/files\/2013\/07\/carlinhos-santiago-e-banda.jpg 1106w\" sizes=\"auto, (max-width: 300px) 100vw, 300px\" \/><\/a><p id=\"caption-attachment-1216\" class=\"wp-caption-text\">Ismael, Santiago, Carlinhos, Mario e Pedro &#8211; foto de Rick Szuecs<\/p><\/div>\n<p>Conheci Santiago em CLADE 4 (Congresso Latino-americano de Evangeliza\u00e7\u00e3o), realizado em Quito, Equador, pela FTL (Fraternidade Teologica Latino-americana). Ele dirigia os momentos de louvor e adora\u00e7\u00e3o nesse importante congresso. No repert\u00f3rio m\u00fasicas de qualidade teol\u00f3gica numa variedade de ritmos que era uma viagem pela Am\u00e9rica Latina. Foram momentos especiais de c\u00e2nticos comunit\u00e1rios de adora\u00e7\u00e3o.<\/p>\n<p>Depois disso voltamos a nos ver em Lausanne 3 (na Cidade do Cabo, \u00c1frica do Sul). Por essas surpresas de Deus, acabamos nos hospedando no mesmo hotel, o que nos possibilitou conversar bastante.<\/p>\n<p>Em 2011 fui convidado pela FTL a participar de uma consulta sobre Arte e Liturgia, em Costa Rica. Chegando por l\u00e1, me encontrei novamente com Santiago. Esse evento foi o respons\u00e1vel pela cria\u00e7\u00e3o de uma Rede de Artistas Crist\u00e3os Latino-americanos, do qual fazemos parte. Ap\u00f3s esse encontro passamos a trabalhar juntos na prepara\u00e7\u00e3o do CLADE 5, acontecido em junho de 2012, em San Jos\u00e9, Costa Rica. Eu fazia parte a equipe de liturgia e o Santiago foi o convidado a dirigir os momentos de c\u00e2nticos comunit\u00e1rios, repetindo CLADE 4. Durante um ano trabalhamos juntos, nos falando v\u00e1rias vezes por e-mail e Skype. Come\u00e7ou ent\u00e3o a surgir a id\u00e9ia de realizarmos um trabalho musical conjunto, visitando cidades brasileiras.<\/p>\n<p>Quase um ano depois, o sonho se tornou realidade. Santiago trouxe consigo Mario Colmenares, guitarrista que participa com ele de seu minist\u00e9rio desde os tempos do Grupo Aldaba. Al\u00e9m dos dois e de mim, convidamos tamb\u00e9m para esse giro Pedro Feitoza e Ismael Rattis, que participam do grupo musical que me acompanha. Tanto Pedro, quanto Ismael tocaram na banda de CLADE 5.<\/p>\n<p>A nossa empreitada come\u00e7ou por An\u00e1polis, no Prosa &amp; Canto Festival. Esse evento foi o primeiro grande incentivador para que Santiago e Mario viessem ao Brasil. O amigo Beto Ribeiro apoiou a iniciativa e abriu as portas para a nossa participa\u00e7\u00e3o. De l\u00e1 seguimos para Bras\u00edlia, Belo Horizonte, Vi\u00e7osa, Campinas, S\u00e3o Jos\u00e9 dos Campos, S\u00e3o Bernardo do Campo e S\u00e3o Paulo. Foram 10 apresenta\u00e7\u00f5es em 11 dias de viagens por 8 cidades diferentes.<\/p>\n<p>Por onde passamos o povo ficava surpreso com a qualidade da m\u00fasica de Santiago. H\u00e1, de certa forma um preconceito estabelecido com a m\u00fasica latino-americana. O imagin\u00e1rio do povo relaciona-as \u00e0s flautas pans e zamponhas dos grupos folcl\u00f3ricos andinos que se apresentam nas feiras e pra\u00e7as do nosso pa\u00eds, tocando melancolicamente hits como \u201cEl Condor pasa\u201d ou \u201cImagine\u201d, de John Lennon. O som de Santiago Benavides vai por outra praia. Com letras inteligentes e carregadas de humor, revisita ritmos t\u00edpicos de alguns pa\u00edses e mescla-os com uma pegada pop, apresentando can\u00e7\u00f5es desafiadoras para o nosso tempo. Algumas pessoas chegaram a comentar: \u201ca m\u00fasica dele me lembra Janires\u201d.<\/p>\n<p>As tem\u00e1ticas das suas can\u00e7\u00f5es encontram sintonia com os dramas que vivemos em nosso pa\u00eds, por conta das similaridades culturais e os desafios dos pa\u00edses do nosso continente. Por exemplo, numa das can\u00e7\u00f5es Santiago fala de seu visto negado na Embaixada dos EUA; noutra fala da dificuldade de se adquirir uma casa pr\u00f3pria, o que leva muitos a devotarem sua vida \u00e0 esta causa aparentemente imposs\u00edvel; em \u201cEl Sancocho\u201d (traduzida como \u201co Sop\u00e3o\u201d) fala da escassez de alimento nas mesas de fam\u00edlias mais carentes. S\u00e3o temas realmente dif\u00edceis de serem encontrados nas m\u00fasicas dos pa\u00edses do Atl\u00e2ntico Norte que s\u00e3o sobejamente consumidas por aqui.<\/p>\n<p>No domingo, dia 7, encerramos nossas apresenta\u00e7\u00f5es cantando no Concerto das Seis na Igreja Batista de \u00c1gua Branca (IBAB), em S\u00e3o Paulo. Santiago e Mario embarcaram para a Bogot\u00e1 na segunda. Eu ainda fiquei na capital paulista para mais uma apresenta\u00e7\u00e3o. Nos despedimos, mas j\u00e1 tra\u00e7amos outros planos para o ano vindouro. Eles voltam ao Brasil em 2014 para o Som do C\u00e9u 30 anos. Depois \u00e9 a nossa vez de ir \u00e0 Col\u00f4mbia para \u201cuna gira\u201d por cidades daquele \u201chermoso\u201d pa\u00eds.<\/p>\n<p>Espero que essa seja a primeira de muitas outras iniciativas que venham aproximar os artistas brasileiros dos demais do nosso continente. Temos muito a crescer juntos, numa troca de experi\u00eancias enriquecedoras.<\/p>\n<p>&nbsp;<\/p>\n<p><iframe loading=\"lazy\" width=\"750\" height=\"422\" src=\"https:\/\/www.youtube.com\/embed\/zuFs_gXr_Wk?feature=oembed\" frameborder=\"0\" allowfullscreen><\/iframe><\/p>\n","protected":false},"excerpt":{"rendered":"<p>Chegamos recentemente de nossa viagem por algumas cidades brasileiras acompanhados do Santiago Benavides e Mario Colmenares, ambos da Col\u00f4mbia. Foi um tempo excelente!<br \/>\nConheci Santiago em CLADE 4 (Congresso Latino-americano de Evangeliza\u00e7\u00e3o), realizado em Quito, Equador, pela FTL (Fraternidade Teologica Latino-americana). Ele dirigia os momentos de louvor e adora\u00e7\u00e3o nesse importante congresso. No repert\u00f3rio m\u00fasicas de [&#8230;]<\/p>\n","protected":false},"author":9,"featured_media":1216,"comment_status":"open","ping_status":"open","sticky":false,"template":"","format":"standard","meta":{"footnotes":""},"categories":[114],"tags":[11377,6396,11378,11375],"class_list":["post-1215","post","type-post","status-publish","format-standard","has-post-thumbnail","hentry","category-artigos","tag-arte-y-mision-integral","tag-ftl","tag-musica-latino-americana","tag-santiago-benavides"],"_links":{"self":[{"href":"https:\/\/ultimato.com.br\/sites\/carlinhosveiga\/wp-json\/wp\/v2\/posts\/1215","targetHints":{"allow":["GET"]}}],"collection":[{"href":"https:\/\/ultimato.com.br\/sites\/carlinhosveiga\/wp-json\/wp\/v2\/posts"}],"about":[{"href":"https:\/\/ultimato.com.br\/sites\/carlinhosveiga\/wp-json\/wp\/v2\/types\/post"}],"author":[{"embeddable":true,"href":"https:\/\/ultimato.com.br\/sites\/carlinhosveiga\/wp-json\/wp\/v2\/users\/9"}],"replies":[{"embeddable":true,"href":"https:\/\/ultimato.com.br\/sites\/carlinhosveiga\/wp-json\/wp\/v2\/comments?post=1215"}],"version-history":[{"count":5,"href":"https:\/\/ultimato.com.br\/sites\/carlinhosveiga\/wp-json\/wp\/v2\/posts\/1215\/revisions"}],"predecessor-version":[{"id":1218,"href":"https:\/\/ultimato.com.br\/sites\/carlinhosveiga\/wp-json\/wp\/v2\/posts\/1215\/revisions\/1218"}],"wp:featuredmedia":[{"embeddable":true,"href":"https:\/\/ultimato.com.br\/sites\/carlinhosveiga\/wp-json\/wp\/v2\/media\/1216"}],"wp:attachment":[{"href":"https:\/\/ultimato.com.br\/sites\/carlinhosveiga\/wp-json\/wp\/v2\/media?parent=1215"}],"wp:term":[{"taxonomy":"category","embeddable":true,"href":"https:\/\/ultimato.com.br\/sites\/carlinhosveiga\/wp-json\/wp\/v2\/categories?post=1215"},{"taxonomy":"post_tag","embeddable":true,"href":"https:\/\/ultimato.com.br\/sites\/carlinhosveiga\/wp-json\/wp\/v2\/tags?post=1215"}],"curies":[{"name":"wp","href":"https:\/\/api.w.org\/{rel}","templated":true}]}}