{"id":1206,"date":"2013-06-28T16:31:11","date_gmt":"2013-06-28T19:31:11","guid":{"rendered":"http:\/\/ultimato.com.br\/sites\/carlinhosveiga\/?p=1206"},"modified":"2013-06-28T16:31:11","modified_gmt":"2013-06-28T19:31:11","slug":"viajando-pelo-brasil-com-um-amigo-colombiano","status":"publish","type":"post","link":"https:\/\/ultimato.com.br\/sites\/carlinhosveiga\/2013\/06\/28\/viajando-pelo-brasil-com-um-amigo-colombiano\/","title":{"rendered":"Viajando pelo Brasil com um amigo colombiano"},"content":{"rendered":"<p>Nesses dias estou em viagem pelo Brasil com o amigo colombiano Santiago Benavides realizando uma s\u00e9rie de apresenta\u00e7\u00f5es musicais e palestras.<\/p>\n<div id=\"attachment_1207\" style=\"width: 310px\" class=\"wp-caption alignleft\"><a href=\"http:\/\/ultimato.com.br\/sites\/carlinhosveiga\/files\/2013\/06\/Carlinhos-e-Santiago.jpg\"><img loading=\"lazy\" decoding=\"async\" aria-describedby=\"caption-attachment-1207\" class=\"size-medium wp-image-1207\" alt=\"Foto de divulga\u00e7\u00e3o do Prosa e Canto Festival\" src=\"http:\/\/ultimato.com.br\/sites\/carlinhosveiga\/files\/2013\/06\/Carlinhos-e-Santiago-300x200.jpg\" width=\"300\" height=\"200\" srcset=\"https:\/\/ultimato.com.br\/sites\/carlinhosveiga\/files\/2013\/06\/Carlinhos-e-Santiago-300x200.jpg 300w, https:\/\/ultimato.com.br\/sites\/carlinhosveiga\/files\/2013\/06\/Carlinhos-e-Santiago-150x100.jpg 150w, https:\/\/ultimato.com.br\/sites\/carlinhosveiga\/files\/2013\/06\/Carlinhos-e-Santiago.jpg 960w\" sizes=\"auto, (max-width: 300px) 100vw, 300px\" \/><\/a><p id=\"caption-attachment-1207\" class=\"wp-caption-text\">Foto de divulga\u00e7\u00e3o do Prosa e Canto Festival<\/p><\/div>\n<p>Uma das principais finalidades desse projeto \u00e9 apresentar \u00e0s igrejas a Rede Artistas Crist\u00e3os Latino-americanos (<a href=\"http:\/\/www.arteymisionintegral.com\">www.arteymisionintegral.com<\/a>). Criada em 2011 essa rede surgiu a partir de uma consulta teol\u00f3gica sobre \u201cArte, Liturgia e Miss\u00e3o\u201d, organizada pela Fraternidade Teol\u00f3gica Latino-americana (FTL), reunindo artistas e te\u00f3logos. Este encontro foi preparat\u00f3rio para o CLADE 5 (5\u00ba Congresso Latino-americano de Evangeliza\u00e7\u00e3o) realizado em Junho de 2012 na cidade de San Jos\u00e9, Costa Rica.<\/p>\n<p>Beto Ribeiro, produtor do \u201cProsa e Canto Festival\u201d (<a href=\"http:\/\/www.prosaecanto.org\">www.prosaecanto.org<\/a>), viu a possibilidade de ampliar as fronteiras do evento que dirige inserindo artistas internacionais. Come\u00e7amos essa conversa e da\u00ed em diante as portas foram se abrindo.<\/p>\n<p>No repert\u00f3rio apresentaremos m\u00fasicas que tratem de quest\u00f5es pertinentes, utilizando ritmos caracter\u00edsticos dos dois pa\u00edses. Ser\u00e3o apresentados m\u00fasicas autorais que tratem de temas como cidade, ecologia, relacionamentos etc.<\/p>\n<p>Carlinhos Veiga (voz, viola caipira e viol\u00e3o) e Santiago Benavides (voz, viol\u00e3o e flauta) ser\u00e3o acompanhados por uma banda formada pelos m\u00fasicos Pedro Feitoza (baixo), Ismael Rattis (bateria e percuss\u00e3o) e \u00a0Mario Colmenares (guitarra), este \u00faltimo tamb\u00e9m da Col\u00f4mbia.<\/p>\n<p>Confira a nossa agenda:<\/p>\n<p><b>27 de junho<\/b> \u2013 Prosa &amp; Canto Festival (An\u00e1polis)<\/p>\n<p><b>30 de junho<\/b> \u2013 Igrejas em Bras\u00edlia<\/p>\n<p><b>01 de julho<\/b> \u2013 Segunda Cultural em Belo Horizonte (CPC)<\/p>\n<p><b>02 de julho <\/b>\u2013 Igreja Batista da Reden\u00e7\u00e3o em Belo Horizonte \u2013 Palestra M\u00fasica e Liturgia<b><\/b><\/p>\n<p><b>03 de julho<\/b> \u2013 Igreja Presbiteriana de Vi\u00e7osa (Vi\u00e7osa-MG)<\/p>\n<p><b>04 de julho<\/b> \u2013 Concierto na Igreja Batista da Reden\u00e7\u00e3o (BH)<\/p>\n<p><b>05 de julho<\/b> \u2013 Primeira Igreja Presbiteriana de Campinas (SP)<\/p>\n<p><b>06 de julho<\/b> \u2013 Club\u00e3o MPC em S\u00e3o Jos\u00e9 dos Campos<\/p>\n<p><b>07 de julho<\/b> \u2013 Igrejas em S\u00e3o Paulo (Comunidade de Jesus e IBAB)<\/p>\n<p>&nbsp;<\/p>\n<p><a style=\"color: #ed1e24; text-decoration: none;\" href=\"http:\/\/www.santiagobenavides.com\">www.santiagobenavides.com<\/a><\/p>\n<p><a href=\"http:\/\/www.carlinhosveiga.com.br\">www.carlinhosveiga.com.br<\/a><\/p>\n<p>&nbsp;<\/p>\n","protected":false},"excerpt":{"rendered":"<p>Nesses dias estou em viagem pelo Brasil com o amigo colombiano Santiago Benavides realizando uma s\u00e9rie de apresenta\u00e7\u00f5es musicais e palestras.<br \/>\nUma das principais finalidades desse projeto \u00e9 apresentar \u00e0s igrejas a Rede Artistas Crist\u00e3os Latino-americanos (www.arteymisionintegral.com). Criada em 2011 essa rede surgiu a partir de uma consulta teol\u00f3gica sobre \u201cArte, Liturgia e Miss\u00e3o\u201d, organizada pela [&#8230;]<\/p>\n","protected":false},"author":9,"featured_media":1207,"comment_status":"open","ping_status":"open","sticky":false,"template":"","format":"standard","meta":{"footnotes":""},"categories":[116],"tags":[188,11375,6423],"class_list":["post-1206","post","type-post","status-publish","format-standard","has-post-thumbnail","hentry","category-blog","tag-prosa-canto-festival","tag-santiago-benavides","tag-show"],"_links":{"self":[{"href":"https:\/\/ultimato.com.br\/sites\/carlinhosveiga\/wp-json\/wp\/v2\/posts\/1206","targetHints":{"allow":["GET"]}}],"collection":[{"href":"https:\/\/ultimato.com.br\/sites\/carlinhosveiga\/wp-json\/wp\/v2\/posts"}],"about":[{"href":"https:\/\/ultimato.com.br\/sites\/carlinhosveiga\/wp-json\/wp\/v2\/types\/post"}],"author":[{"embeddable":true,"href":"https:\/\/ultimato.com.br\/sites\/carlinhosveiga\/wp-json\/wp\/v2\/users\/9"}],"replies":[{"embeddable":true,"href":"https:\/\/ultimato.com.br\/sites\/carlinhosveiga\/wp-json\/wp\/v2\/comments?post=1206"}],"version-history":[{"count":2,"href":"https:\/\/ultimato.com.br\/sites\/carlinhosveiga\/wp-json\/wp\/v2\/posts\/1206\/revisions"}],"predecessor-version":[{"id":1209,"href":"https:\/\/ultimato.com.br\/sites\/carlinhosveiga\/wp-json\/wp\/v2\/posts\/1206\/revisions\/1209"}],"wp:featuredmedia":[{"embeddable":true,"href":"https:\/\/ultimato.com.br\/sites\/carlinhosveiga\/wp-json\/wp\/v2\/media\/1207"}],"wp:attachment":[{"href":"https:\/\/ultimato.com.br\/sites\/carlinhosveiga\/wp-json\/wp\/v2\/media?parent=1206"}],"wp:term":[{"taxonomy":"category","embeddable":true,"href":"https:\/\/ultimato.com.br\/sites\/carlinhosveiga\/wp-json\/wp\/v2\/categories?post=1206"},{"taxonomy":"post_tag","embeddable":true,"href":"https:\/\/ultimato.com.br\/sites\/carlinhosveiga\/wp-json\/wp\/v2\/tags?post=1206"}],"curies":[{"name":"wp","href":"https:\/\/api.w.org\/{rel}","templated":true}]}}