{"id":1202,"date":"2013-06-25T19:45:36","date_gmt":"2013-06-25T22:45:36","guid":{"rendered":"http:\/\/ultimato.com.br\/sites\/carlinhosveiga\/?p=1202"},"modified":"2013-06-25T22:30:09","modified_gmt":"2013-06-26T01:30:09","slug":"em-junho-tem-rio-e-prosa","status":"publish","type":"post","link":"https:\/\/ultimato.com.br\/sites\/carlinhosveiga\/2013\/06\/25\/em-junho-tem-rio-e-prosa\/","title":{"rendered":"Em junho tem Rio e Prosa"},"content":{"rendered":"<p>As f\u00e9rias do meio do ano s\u00e3o aguardadas com ansiedade no Centro-Oeste, especialmente em Goi\u00e1s. \u00c9 nessa \u00e9poca do ano que boa parte da popula\u00e7\u00e3o prepara seus apetrechos de pesca, suas canoas e tomam o rumo do Araguaia, fant\u00e1stico rio com bel\u00edssimas praias, que faz divisa entre os estados de Goi\u00e1s e Mato Grosso.<\/p>\n<p>Nos \u00faltimos anos, outro evento se tornou aguardado nessa \u00e9poca pelos goianos e, por que n\u00e3o dizer, por muita gente espalhada nesse Brasil. \u00c9 o Prosa &amp; Canto Festival, que realiza em 2013 sua 6\u00aa edi\u00e7\u00e3o. Acontece nos dias 27 a 29 de junho, na Ch\u00e1cara Formiga, nas proximidades de An\u00e1polis.<\/p>\n<p><a href=\"http:\/\/ultimato.com.br\/sites\/carlinhosveiga\/files\/2013\/06\/prosa.jpg\"><img loading=\"lazy\" decoding=\"async\" class=\"alignleft size-medium wp-image-1203\" alt=\"prosa\" src=\"http:\/\/ultimato.com.br\/sites\/carlinhosveiga\/files\/2013\/06\/prosa-300x168.jpg\" width=\"300\" height=\"168\" srcset=\"https:\/\/ultimato.com.br\/sites\/carlinhosveiga\/files\/2013\/06\/prosa-300x168.jpg 300w, https:\/\/ultimato.com.br\/sites\/carlinhosveiga\/files\/2013\/06\/prosa-150x84.jpg 150w, https:\/\/ultimato.com.br\/sites\/carlinhosveiga\/files\/2013\/06\/prosa.jpg 640w\" sizes=\"auto, (max-width: 300px) 100vw, 300px\" \/><\/a>Nesse ano o evento traz a novidade de revezar suas 18 atra\u00e7\u00f5es em dois palcos. Estar\u00e3o presentes Aline Pignaton (ES), Crombie (RJ), Erlon Lemos (MG), Expresso Luz (GO), Fil Fortes (GO), H\u00e9lvio Sodr\u00e9 (DF), Jorge Camargo (SP), Josimar Bianchi (GO), Sankorban (GO), Legato (GO), Matizes (PR), Ra\u00edzes (DF), Rub\u00e3o (DF), Sal da Terra (PE), Wesley e Marlene (GO) e Zazo, o Nego (DF). Nesse ano terei o prazer de dividir o palco com o m\u00fasico colombiano Santiago Benvides, num show que divulgar\u00e1 a Rede de Artistas Latino-americanos, da qual fazemos parte.<\/p>\n<p>Beto Ribeiro, o idealizador e promotor do Prosa &amp; Canto, sonhou com a realiza\u00e7\u00e3o de um evento que divulgasse os artistas e a arte de qualidade que n\u00e3o s\u00e3o facilmente encontrados na grande m\u00eddia. A primeira edi\u00e7\u00e3o aconteceu num teatro na cidade de Goi\u00e2nia, mas logo foi transferido para a Ch\u00e1cara Formiga, onde permanece at\u00e9 hoje. Os shows acontecem em meio \u00e0 buc\u00f3licas barracas de quitutes goianos, artesanados e espa\u00e7os de divulga\u00e7\u00e3o do trabalho dos artistas presentes. Nesse ano o Prosa oferece duas oficinas aos interessados: Harmonia, com Dalton Bianchi, e Composi\u00e7\u00e3o, com Jorge Camargo.<\/p>\n<p>Precisamos apoiar eventos como esse, que estimulam as artes, a cultura e sua integra\u00e7\u00e3o com o Evangelho. Para conhecer mais, visite o www.prosaecanto.org.<\/p>\n","protected":false},"excerpt":{"rendered":"<p>As f\u00e9rias do meio do ano s\u00e3o aguardadas com ansiedade no Centro-Oeste, especialmente em Goi\u00e1s. \u00c9 nessa \u00e9poca do ano que boa parte da popula\u00e7\u00e3o prepara seus apetrechos de pesca, suas canoas e tomam o rumo do Araguaia, fant\u00e1stico rio com bel\u00edssimas praias, que faz divisa entre os estados de Goi\u00e1s e Mato Grosso.<br \/>\nNos \u00faltimos [&#8230;]<\/p>\n","protected":false},"author":9,"featured_media":1203,"comment_status":"open","ping_status":"open","sticky":false,"template":"","format":"standard","meta":{"footnotes":""},"categories":[116],"tags":[18,188,6423],"class_list":["post-1202","post","type-post","status-publish","format-standard","has-post-thumbnail","hentry","category-blog","tag-musica","tag-prosa-canto-festival","tag-show"],"_links":{"self":[{"href":"https:\/\/ultimato.com.br\/sites\/carlinhosveiga\/wp-json\/wp\/v2\/posts\/1202","targetHints":{"allow":["GET"]}}],"collection":[{"href":"https:\/\/ultimato.com.br\/sites\/carlinhosveiga\/wp-json\/wp\/v2\/posts"}],"about":[{"href":"https:\/\/ultimato.com.br\/sites\/carlinhosveiga\/wp-json\/wp\/v2\/types\/post"}],"author":[{"embeddable":true,"href":"https:\/\/ultimato.com.br\/sites\/carlinhosveiga\/wp-json\/wp\/v2\/users\/9"}],"replies":[{"embeddable":true,"href":"https:\/\/ultimato.com.br\/sites\/carlinhosveiga\/wp-json\/wp\/v2\/comments?post=1202"}],"version-history":[{"count":2,"href":"https:\/\/ultimato.com.br\/sites\/carlinhosveiga\/wp-json\/wp\/v2\/posts\/1202\/revisions"}],"predecessor-version":[{"id":1205,"href":"https:\/\/ultimato.com.br\/sites\/carlinhosveiga\/wp-json\/wp\/v2\/posts\/1202\/revisions\/1205"}],"wp:featuredmedia":[{"embeddable":true,"href":"https:\/\/ultimato.com.br\/sites\/carlinhosveiga\/wp-json\/wp\/v2\/media\/1203"}],"wp:attachment":[{"href":"https:\/\/ultimato.com.br\/sites\/carlinhosveiga\/wp-json\/wp\/v2\/media?parent=1202"}],"wp:term":[{"taxonomy":"category","embeddable":true,"href":"https:\/\/ultimato.com.br\/sites\/carlinhosveiga\/wp-json\/wp\/v2\/categories?post=1202"},{"taxonomy":"post_tag","embeddable":true,"href":"https:\/\/ultimato.com.br\/sites\/carlinhosveiga\/wp-json\/wp\/v2\/tags?post=1202"}],"curies":[{"name":"wp","href":"https:\/\/api.w.org\/{rel}","templated":true}]}}