{"id":1191,"date":"2013-05-17T18:08:23","date_gmt":"2013-05-17T21:08:23","guid":{"rendered":"http:\/\/ultimato.com.br\/sites\/carlinhosveiga\/?p=1191"},"modified":"2013-05-17T18:09:37","modified_gmt":"2013-05-17T21:09:37","slug":"tem-viola-caipira-no-jazz","status":"publish","type":"post","link":"https:\/\/ultimato.com.br\/sites\/carlinhosveiga\/2013\/05\/17\/tem-viola-caipira-no-jazz\/","title":{"rendered":"Tem viola caipira no jazz"},"content":{"rendered":"<p>Recentemente tive o privil\u00e9gio de participar de um evento interessante em Campo Grande, Mato Grosso do Sul. Foi o 2\u00ba Congresso de M\u00fasica Crist\u00e3 e Brasilidade, promovido pela Terceira Igreja Batista daquela cidade.<\/p>\n<p>Dentre os artistas que se apresentaram estava o Marcos Assun\u00e7\u00e3o, um instrumentista de gabarito que tem um trabalho bastante consistente. Al\u00e9m de se apresentar em v\u00e1rios eventos nacionais de m\u00fasica instrumental, representou o Brasil em festivais de jazz em pa\u00edses da Europa e da Am\u00e9rica Latina, levando o som da viola caipira e da guitarra semiac\u00fastica. Chegou recentemente da Espanha, onde participou do 9\u00ba Festival Ten Samba, em Madri e Barcelona, e da Semana Internacional de Jazz, na Cidade de La Laguna (Tenerife).<\/p>\n<p>Marcos frequenta uma Igreja Batista em Campo Grande e trabalha na difus\u00e3o da viola caipira por meio de projetos comunit\u00e1rios.<\/p>\n<p>Posto hoje um v\u00eddeo produzido recentemente com o trio que leva o seu nome: Marcos\u00a0Assun\u00e7\u00e3o (viola caipira e guitarra), Guto Costa (bateria) e Gabriel Basso (contrabaixo). A m\u00fasica \u201cVideira\u201d, \u00e9 de sua autoria. Curta o som!<\/p>\n<p>&nbsp;<\/p>\n<p><iframe loading=\"lazy\" width=\"750\" height=\"422\" src=\"https:\/\/www.youtube.com\/embed\/rJmloqvQW5Y?feature=oembed\" frameborder=\"0\" allowfullscreen><\/iframe><\/p>\n","protected":false},"excerpt":{"rendered":"<p>Recentemente tive o privil\u00e9gio de participar de um evento interessante em Campo Grande, Mato Grosso do Sul. Foi o 2\u00ba Congresso de M\u00fasica Crist\u00e3 e Brasilidade, promovido pela Terceira Igreja Batista daquela cidade.<br \/>\nDentre os artistas que se apresentaram estava o Marcos Assun\u00e7\u00e3o, um instrumentista de gabarito que tem um trabalho bastante consistente. Al\u00e9m de se [&#8230;]<\/p>\n","protected":false},"author":9,"featured_media":0,"comment_status":"open","ping_status":"open","sticky":false,"template":"","format":"standard","meta":{"footnotes":""},"categories":[116],"tags":[11369,11371,11370,11368],"class_list":["post-1191","post","type-post","status-publish","format-standard","hentry","category-blog","tag-jazz","tag-marcos-assuncao","tag-musica-instrumental","tag-viola-caipira"],"_links":{"self":[{"href":"https:\/\/ultimato.com.br\/sites\/carlinhosveiga\/wp-json\/wp\/v2\/posts\/1191","targetHints":{"allow":["GET"]}}],"collection":[{"href":"https:\/\/ultimato.com.br\/sites\/carlinhosveiga\/wp-json\/wp\/v2\/posts"}],"about":[{"href":"https:\/\/ultimato.com.br\/sites\/carlinhosveiga\/wp-json\/wp\/v2\/types\/post"}],"author":[{"embeddable":true,"href":"https:\/\/ultimato.com.br\/sites\/carlinhosveiga\/wp-json\/wp\/v2\/users\/9"}],"replies":[{"embeddable":true,"href":"https:\/\/ultimato.com.br\/sites\/carlinhosveiga\/wp-json\/wp\/v2\/comments?post=1191"}],"version-history":[{"count":4,"href":"https:\/\/ultimato.com.br\/sites\/carlinhosveiga\/wp-json\/wp\/v2\/posts\/1191\/revisions"}],"predecessor-version":[{"id":1263,"href":"https:\/\/ultimato.com.br\/sites\/carlinhosveiga\/wp-json\/wp\/v2\/posts\/1191\/revisions\/1263"}],"wp:attachment":[{"href":"https:\/\/ultimato.com.br\/sites\/carlinhosveiga\/wp-json\/wp\/v2\/media?parent=1191"}],"wp:term":[{"taxonomy":"category","embeddable":true,"href":"https:\/\/ultimato.com.br\/sites\/carlinhosveiga\/wp-json\/wp\/v2\/categories?post=1191"},{"taxonomy":"post_tag","embeddable":true,"href":"https:\/\/ultimato.com.br\/sites\/carlinhosveiga\/wp-json\/wp\/v2\/tags?post=1191"}],"curies":[{"name":"wp","href":"https:\/\/api.w.org\/{rel}","templated":true}]}}