{"id":1180,"date":"2013-03-13T18:58:31","date_gmt":"2013-03-13T21:58:31","guid":{"rendered":"http:\/\/ultimato.com.br\/sites\/carlinhosveiga\/?p=1180"},"modified":"2013-03-13T19:00:33","modified_gmt":"2013-03-13T22:00:33","slug":"uma-historia-da-pascoa-para-todas-as-idades","status":"publish","type":"post","link":"https:\/\/ultimato.com.br\/sites\/carlinhosveiga\/2013\/03\/13\/uma-historia-da-pascoa-para-todas-as-idades\/","title":{"rendered":"Uma hist\u00f3ria da P\u00e1scoa para todas as idades"},"content":{"rendered":"<p>O Voa Flor \u00e9 um grupo da Comunidade do Redentor, em Curitiba, que produz videos com o objetivo de tornar os valores do Reino de Deus conhecidos pelo maior n\u00famero de pessoas.<\/p>\n<p>O primeiro projeto \u00e9 muito legal: s\u00e3o as hist\u00f3rias b\u00edblicas narradas e encenadas pelas crian\u00e7as! E esse v\u00eddeo \u00e9 o primeiro que fizeram&#8230;contando a Hist\u00f3ria da P\u00e1scoa!<\/p>\n<p>O nome do grupo, Voa Flor, foi inspirado na flor chamada dente de le\u00e3o. Aquela que quando a gente assopra espalha suas pequenas sementes, fazendo outras flores brotarem por todos os lugares. Segundo Juliana Montoya, uma das l\u00edderes do Voa Flor, &#8220;queremos que a mensagem dos v\u00eddeos seja como o dente de le\u00e3o: que voe por a\u00ed como incont\u00e1veis sementes do amor de Deus&#8230; crescendo e brotando onde os olhos nem podem mais ver&#8221;. Que assim seja!<\/p>\n<p>Veja o primeiro v\u00eddeo, sobre a P\u00e1scoa. Eu me emocionei muito quando vi&#8230;<\/p>\n<p>&nbsp;<\/p>\n<p><iframe loading=\"lazy\" src=\"https:\/\/player.vimeo.com\/video\/61370694\" width=\"750\" height=\"422\" frameborder=\"0\" title=\"A Historia da Pascoa\" webkitallowfullscreen mozallowfullscreen allowfullscreen><\/iframe><\/p>\n","protected":false},"excerpt":{"rendered":"<p>O Voa Flor \u00e9 um grupo da Comunidade do Redentor, em Curitiba, que produz videos com o objetivo de tornar os valores do Reino de Deus conhecidos pelo maior n\u00famero de pessoas.<br \/>\nO primeiro projeto \u00e9 muito legal: s\u00e3o as hist\u00f3rias b\u00edblicas narradas e encenadas pelas crian\u00e7as! E esse v\u00eddeo \u00e9 o primeiro que fizeram&#8230;contando a [&#8230;]<\/p>\n","protected":false},"author":9,"featured_media":0,"comment_status":"open","ping_status":"open","sticky":false,"template":"","format":"standard","meta":{"footnotes":""},"categories":[116],"tags":[11367,15,5851,92],"class_list":["post-1180","post","type-post","status-publish","format-standard","hentry","category-blog","tag-comunidade-do-redentor","tag-criancas","tag-pascoa","tag-video"],"_links":{"self":[{"href":"https:\/\/ultimato.com.br\/sites\/carlinhosveiga\/wp-json\/wp\/v2\/posts\/1180","targetHints":{"allow":["GET"]}}],"collection":[{"href":"https:\/\/ultimato.com.br\/sites\/carlinhosveiga\/wp-json\/wp\/v2\/posts"}],"about":[{"href":"https:\/\/ultimato.com.br\/sites\/carlinhosveiga\/wp-json\/wp\/v2\/types\/post"}],"author":[{"embeddable":true,"href":"https:\/\/ultimato.com.br\/sites\/carlinhosveiga\/wp-json\/wp\/v2\/users\/9"}],"replies":[{"embeddable":true,"href":"https:\/\/ultimato.com.br\/sites\/carlinhosveiga\/wp-json\/wp\/v2\/comments?post=1180"}],"version-history":[{"count":3,"href":"https:\/\/ultimato.com.br\/sites\/carlinhosveiga\/wp-json\/wp\/v2\/posts\/1180\/revisions"}],"predecessor-version":[{"id":1182,"href":"https:\/\/ultimato.com.br\/sites\/carlinhosveiga\/wp-json\/wp\/v2\/posts\/1180\/revisions\/1182"}],"wp:attachment":[{"href":"https:\/\/ultimato.com.br\/sites\/carlinhosveiga\/wp-json\/wp\/v2\/media?parent=1180"}],"wp:term":[{"taxonomy":"category","embeddable":true,"href":"https:\/\/ultimato.com.br\/sites\/carlinhosveiga\/wp-json\/wp\/v2\/categories?post=1180"},{"taxonomy":"post_tag","embeddable":true,"href":"https:\/\/ultimato.com.br\/sites\/carlinhosveiga\/wp-json\/wp\/v2\/tags?post=1180"}],"curies":[{"name":"wp","href":"https:\/\/api.w.org\/{rel}","templated":true}]}}