{"id":1171,"date":"2013-03-08T18:12:58","date_gmt":"2013-03-08T21:12:58","guid":{"rendered":"http:\/\/ultimato.com.br\/sites\/carlinhosveiga\/?p=1171"},"modified":"2013-03-08T18:25:01","modified_gmt":"2013-03-08T21:25:01","slug":"um-viva-para-as-mulheres","status":"publish","type":"post","link":"https:\/\/ultimato.com.br\/sites\/carlinhosveiga\/2013\/03\/08\/um-viva-para-as-mulheres\/","title":{"rendered":"Um viva para as mulheres!"},"content":{"rendered":"<p>Comemoramos nessa semana o Dia Internacional da Mulher. O simples fato desse dia existir j\u00e1 \u00e9 uma prova de que as coisas n\u00e3o s\u00e3o como deveriam. Mas, esse \u00e9 assunto para um outro artigo.<\/p>\n<p>Quero aqui parabenizar todas as mulheres. Celebro esse dia com voc\u00eas trazendo uma musicista, compositora, instrumentista e int\u00e9rprete que tem feito um trabalho musical maravilhoso. Seu nome \u00e9 Priscila Barreto. Na revista Ultimato, edi\u00e7\u00e3o de setembro e outubro de 2012, escrevi uma r\u00e1pida resenha sobre o CD e DVD Madalenas, de Priscila Barreto. Transcrevo, logo abaixo, para relembrar:<\/p>\n<p style=\"padding-left: 30px;\">&#8220;<em>Madalenas \u00e9 um CD que mostra os novos tempos da m\u00fasica crist\u00e3 em nosso pa\u00eds. As barreiras sect\u00e1rias que as separam da chamada m\u00fasica popular brasileira v\u00e3o caindo e \u00a0trabalhos de grande conte\u00fado e qualidade surgem. Priscila Barreto incluiu no repert\u00f3rio desse fant\u00e1stico \u00e1lbum m\u00fasicas como &#8220;Senhorinha&#8221; (Guinga\/Paulo C\u00e9sar Pinheiro) e \u201cDe Frente\u201d (Chico Pinheiro\/Guile Wisnick). Elas integram perfeitamente o conte\u00fado ao lado de composi\u00e7\u00f5es dos nossos conhecidos Jorge Camargo, Roberto Diamanso, Stenio Marcius, entre outros. A voz de Priscila est\u00e1 na medida, com interpreta\u00e7\u00f5es cheias de vida e emo\u00e7\u00e3o. Um repert\u00f3rio excelente, sem altos e baixos, completo e envolvente. A produ\u00e7\u00e3o musical \u00e9 de Jo\u00e3o Alexandre. Saiba mais no <a href=\"http:\/\/www.pribarreto.com.br\">www.pribarreto.com.br<\/a>.<\/em>&#8220;<\/p>\n<p>Pois bem. Para comemorar essa data especial, publico aqui a m\u00fasica \u201cCora\u00e7\u00e3o de Mulher\u201d, da autoria de Gerson Borges, na interpreta\u00e7\u00e3o de Priscila Barreto. Os arranjos s\u00e3o de Jo\u00e3o Alexandre. Essa can\u00e7\u00e3o comp\u00f5e o repert\u00f3rio de \u201cMadalenas\u201d.<\/p>\n<p>Felicidades a todas as mulheres!<\/p>\n<p>&nbsp;<\/p>\n<p><iframe loading=\"lazy\" width=\"750\" height=\"422\" src=\"https:\/\/www.youtube.com\/embed\/x042u2gXS1o?feature=oembed\" frameborder=\"0\" allowfullscreen><\/iframe><\/p>\n","protected":false},"excerpt":{"rendered":"<p>Comemoramos nessa semana o Dia Internacional da Mulher. O simples fato desse dia existir j\u00e1 \u00e9 uma prova de que as coisas n\u00e3o s\u00e3o como deveriam. Mas, esse \u00e9 assunto para um outro artigo.<br \/>\nQuero aqui parabenizar todas as mulheres. Celebro esse dia com voc\u00eas trazendo uma musicista, compositora, instrumentista e int\u00e9rprete que tem feito um [&#8230;]<\/p>\n","protected":false},"author":9,"featured_media":1174,"comment_status":"open","ping_status":"open","sticky":false,"template":"","format":"standard","meta":{"footnotes":""},"categories":[114],"tags":[166,11364,11365,5779,11363],"class_list":["post-1171","post","type-post","status-publish","format-standard","has-post-thumbnail","hentry","category-artigos","tag-gerson-borges","tag-joao-alexandre","tag-madalenas","tag-mulher","tag-priscila-barreto"],"_links":{"self":[{"href":"https:\/\/ultimato.com.br\/sites\/carlinhosveiga\/wp-json\/wp\/v2\/posts\/1171","targetHints":{"allow":["GET"]}}],"collection":[{"href":"https:\/\/ultimato.com.br\/sites\/carlinhosveiga\/wp-json\/wp\/v2\/posts"}],"about":[{"href":"https:\/\/ultimato.com.br\/sites\/carlinhosveiga\/wp-json\/wp\/v2\/types\/post"}],"author":[{"embeddable":true,"href":"https:\/\/ultimato.com.br\/sites\/carlinhosveiga\/wp-json\/wp\/v2\/users\/9"}],"replies":[{"embeddable":true,"href":"https:\/\/ultimato.com.br\/sites\/carlinhosveiga\/wp-json\/wp\/v2\/comments?post=1171"}],"version-history":[{"count":6,"href":"https:\/\/ultimato.com.br\/sites\/carlinhosveiga\/wp-json\/wp\/v2\/posts\/1171\/revisions"}],"predecessor-version":[{"id":1173,"href":"https:\/\/ultimato.com.br\/sites\/carlinhosveiga\/wp-json\/wp\/v2\/posts\/1171\/revisions\/1173"}],"wp:featuredmedia":[{"embeddable":true,"href":"https:\/\/ultimato.com.br\/sites\/carlinhosveiga\/wp-json\/wp\/v2\/media\/1174"}],"wp:attachment":[{"href":"https:\/\/ultimato.com.br\/sites\/carlinhosveiga\/wp-json\/wp\/v2\/media?parent=1171"}],"wp:term":[{"taxonomy":"category","embeddable":true,"href":"https:\/\/ultimato.com.br\/sites\/carlinhosveiga\/wp-json\/wp\/v2\/categories?post=1171"},{"taxonomy":"post_tag","embeddable":true,"href":"https:\/\/ultimato.com.br\/sites\/carlinhosveiga\/wp-json\/wp\/v2\/tags?post=1171"}],"curies":[{"name":"wp","href":"https:\/\/api.w.org\/{rel}","templated":true}]}}