{"id":1147,"date":"2013-03-01T02:24:46","date_gmt":"2013-03-01T05:24:46","guid":{"rendered":"http:\/\/ultimato.com.br\/sites\/carlinhosveiga\/?p=1147"},"modified":"2013-02-13T14:26:02","modified_gmt":"2013-02-13T17:26:02","slug":"batuque-que-muda-historias","status":"publish","type":"post","link":"https:\/\/ultimato.com.br\/sites\/carlinhosveiga\/2013\/03\/01\/batuque-que-muda-historias\/","title":{"rendered":"Batuque que muda hist\u00f3rias"},"content":{"rendered":"<p>Em 2001 o casal Ricardo e Patr\u00edcia Amorim foram desafiados a treinar grupos de louvor em duas congrega\u00e7\u00f5es na periferia de Bras\u00edlia. O convite vinha da igreja m\u00e3e, desejosa de estimular a criatividade dos jovens dessas cidades-sat\u00e9lites. Eles toparam.<\/p>\n<p>Chegando no local tiveram que lidar com a primeira dificuldade. Para os 12 alunos existiam apenas tr\u00eas instrumentos musicais. Sem desanimar, olharam para aquela situa\u00e7\u00e3o como uma oportunidade de testar algo novo. Passaram a ensinar percuss\u00e3o corporal, explorando os muitos sons que se podem extrair dos p\u00e9s, m\u00e3os, boca, pernas. Ricardo Amorim havia feito em 1999 uma oficina com o m\u00fasico Fernando Barba, do grupo Barbatuques, e ficou impressionado.<\/p>\n<p>Em pouco tempo a fila de interessados em\u00a0aprender uma batucada diferente\u00a0era enorme. As manh\u00e3s de s\u00e1bado eram esperadas com ansiedade pelos meninos e meninas de Recanto das Emas. Sem perceber Ricardo e Patr\u00edcia estavam abrindo espa\u00e7o e possibilidade para uma m\u00fasica inclusiva, que n\u00e3o precisava de outro instrumento al\u00e9m do pr\u00f3prio corpo.<\/p>\n<p>Em 2002, os meninos come\u00e7aram a se tornar conhecidos no Distrito Federal com o nome de \u201cBatucadeiros\u201d, grupo que recebia a influ\u00eancia musical de Nan\u00e1 Vasconcelos, Hermeto Pascoal, Stomp e Barbatuques, sendo este \u00faltimo a sua maior inspira\u00e7\u00e3o.<\/p>\n<p><a href=\"http:\/\/ultimato.com.br\/sites\/carlinhosveiga\/files\/2013\/02\/Batucadeiros.jpg\"><img loading=\"lazy\" decoding=\"async\" class=\"alignleft  wp-image-1148\" alt=\"Batucadeiros\" src=\"http:\/\/ultimato.com.br\/sites\/carlinhosveiga\/files\/2013\/02\/Batucadeiros-150x150.jpg\" width=\"150\" height=\"150\" srcset=\"https:\/\/ultimato.com.br\/sites\/carlinhosveiga\/files\/2013\/02\/Batucadeiros-150x150.jpg 150w, https:\/\/ultimato.com.br\/sites\/carlinhosveiga\/files\/2013\/02\/Batucadeiros-64x64.jpg 64w\" sizes=\"auto, (max-width: 150px) 100vw, 150px\" \/><\/a>\u00c0 medida que Ricardo e Patr\u00edcia se aprofundavam no relacionamento com os alunos e suas fam\u00edlias, foram percebendo que existiam outras \u00e1reas que necessitavam de tratamento adequado. A m\u00fasica n\u00e3o poderia ser um fim, mas um meio para ajudar a comunidade a tratar quest\u00f5es s\u00e9rias que compunham a rotina daquelas crian\u00e7as e adolescentes. A evas\u00e3o escolar era alt\u00edssima; o \u00edndice de desemprego era alarmante; a viol\u00eancia familiar afetava a vida de muitos; muitas fam\u00edlias se degradavam por consequ\u00eancia das drogas (especialmente do crack) e do \u00e1lcool. N\u00e3o daria para seguir adiante no projeto ignorando essas realidades.<\/p>\n<p>Assim, aliaram ao projeto musical aulas de refor\u00e7o escolar, alfabetiza\u00e7\u00e3o e discipulado b\u00edblico. Passaram a estimular os jovens que faziam o segundo grau nas escolas p\u00fablicas a sonharem com a faculdade. E, pouco a pouco, o panorama foi mudando. Sabedores de que seria muito dif\u00edcil naquela altura v\u00ea-los ingressando numa universidade p\u00fablica como a UnB (Universidade de Bras\u00edlia), por causa da enorme concorr\u00eancia, passaram a buscar parceiros que pudessem oferecer bolsas de estudo para aqueles que passassem no vestibular em institui\u00e7\u00f5es particulares. Esses alunos pagariam as bolsas dedicando parte de seu tempo di\u00e1rio como multiplicadores entre os mais novos. Repassariam o que j\u00e1 haviam aprendido.<\/p>\n<p>Pouco tempo depois o Projeto Batucadeiros foi inscrito no Minist\u00e9rio da Cultura e come\u00e7ou a receber ajuda de empresas como o Laborat\u00f3rio Sabin, Brasil Telecom, al\u00e9m do apoio da Secretaria de Cultura do Governo do Distrito Federal atrav\u00e9s do FAC (Fundo da Arte e da Cultura). Um dos parceiros que mais difundiu o projeto foi a Universidade de Bras\u00edlia.<\/p>\n<p><a href=\"http:\/\/ultimato.com.br\/sites\/carlinhosveiga\/files\/2013\/02\/cordas.jpg\"><img loading=\"lazy\" decoding=\"async\" class=\"size-thumbnail wp-image-1151 alignright\" alt=\"cordas\" src=\"http:\/\/ultimato.com.br\/sites\/carlinhosveiga\/files\/2013\/02\/cordas-150x150.jpg\" width=\"150\" height=\"150\" srcset=\"https:\/\/ultimato.com.br\/sites\/carlinhosveiga\/files\/2013\/02\/cordas-150x150.jpg 150w, https:\/\/ultimato.com.br\/sites\/carlinhosveiga\/files\/2013\/02\/cordas-64x64.jpg 64w\" sizes=\"auto, (max-width: 150px) 100vw, 150px\" \/><\/a>\u00c0 medida que o trabalho se tornava conhecido perceberam que precisavam dar um passo a mais, tornando o projeto numa OSCIP (Organiza\u00e7\u00e3o da Sociedade Civil de Interesse P\u00fablico). Assim surgiu o <strong>Instituto Batucar<\/strong>, em 2006.<\/p>\n<p>Desde ent\u00e3o muita coisa aconteceu. O Instituto Batucar recebeu reconhecimento nacional e internacional atrav\u00e9s das premia\u00e7\u00f5es no Ita\u00fa Unicef (2009), Anu de Ouro 2010 da CUFA (Central \u00danica das Favelas), Ita\u00fa Cultural 2011 (na \u00e1rea de Educa\u00e7\u00e3o, Cultura e Arte), Rumos Educa\u00e7\u00e3o, Cultura e Arte do Ita\u00fa Cultural 2013. Em 2009 seus l\u00edderes foram convidados a realizar uma oficina de percuss\u00e3o corporal com 80 crian\u00e7as, adolescentes e educadores no continente africano, pelo Centro Cultural Brasil \u2013 Cabo Verde.<br \/>\nO Instituto Batucar foi um dos quatro projetos de toda Am\u00e9rica Latina inseridos no Comp\u00eandio da ONU 2011, como projeto cultural que utiliza a arte para empoderamento comunit\u00e1rio e qualidade de vida. Recentemente participou da 4\u00aa Mostra de Juventude Transformando com Arte, na cidade do Rio de Janeiro, recebendo merecido destaque na imprensa.<\/p>\n<p>A realidade mudou bastante em uma parte de Recanto das Emas. O \u00edndice de evas\u00e3o escolar e reprova\u00e7\u00e3o que era superior a 50%, hoje alcan\u00e7a cerca de 90% de aprova\u00e7\u00e3o entre os meninos do Instituto. As ruas pr\u00f3ximas, antes conhecidas pela viol\u00eancia e ponto de tr\u00e1fico de drogas, foram transformadas num conv\u00edvio fraterno. As a\u00e7\u00f5es sociais e, especialmente, o ensino da B\u00edblia deram novas cores \u00e0quela comunidade.<\/p>\n<p><a href=\"http:\/\/ultimato.com.br\/sites\/carlinhosveiga\/files\/2013\/02\/suingue.jpg\"><img loading=\"lazy\" decoding=\"async\" class=\"alignleft size-thumbnail wp-image-1150\" alt=\"suingue\" src=\"http:\/\/ultimato.com.br\/sites\/carlinhosveiga\/files\/2013\/02\/suingue-150x150.jpg\" width=\"150\" height=\"150\" srcset=\"https:\/\/ultimato.com.br\/sites\/carlinhosveiga\/files\/2013\/02\/suingue-150x150.jpg 150w, https:\/\/ultimato.com.br\/sites\/carlinhosveiga\/files\/2013\/02\/suingue-64x64.jpg 64w\" sizes=\"auto, (max-width: 150px) 100vw, 150px\" \/><\/a>Atualmente a lideran\u00e7a do Instituto \u00e9 formada por jovens que participaram no in\u00edcio do projeto e que foram favorecidos por ele. Os idealizadores Ricardo Amorim (Licenciatura em M\u00fasica) e Patr\u00edcia Amorim (Pedagogia) trabalham ao lado de Alceu Avelar, que se formou em Administra\u00e7\u00e3o de Empresas com o apoio do Instituto, \u00a0Gisele Luisa, pedagoga e uma das primeiras integrantes do grupo, e Andr\u00e9 Soares, que acaba de ser aprovado em Licenciatura de M\u00fasica pela Universidade de Bras\u00edlia. Sua forma\u00e7\u00e3o musical foi toda conquistada entre os Batucadeiros.<\/p>\n<p>Apesar da hist\u00f3ria bonita, o Instituto Batucar sofre atualmente com a queda no n\u00famero de mantenedores. Recentemente iniciou uma parceria com a Sociedade B\u00edblica do Brasil, mas carece de mais recursos para a manuten\u00e7\u00e3o do projeto. Os que se interessarem em conhecer e apoiar os Batucadeiros, podem faz\u00ea-lo atrav\u00e9s do site <a href=\"http:\/\/www.institutobatucar.org.br\">www.institutobatucar.org.br<\/a>, pelo e-mail <a href=\"mailto:musicvida@hotmail.com\">musicvida@hotmail.com<\/a> ou pelo fone (61) 8419-9674.<\/p>\n<p>&nbsp;<\/p>\n<p><iframe loading=\"lazy\" width=\"750\" height=\"563\" src=\"https:\/\/www.youtube.com\/embed\/D6sepjj50Nw?feature=oembed\" frameborder=\"0\" allowfullscreen><\/iframe><\/p>\n","protected":false},"excerpt":{"rendered":"<p>Em 2001 o casal Ricardo e Patr\u00edcia Amorim foram desafiados a treinar grupos de louvor em duas congrega\u00e7\u00f5es na periferia de Bras\u00edlia. O convite vinha da igreja m\u00e3e, desejosa de estimular a criatividade dos jovens dessas cidades-sat\u00e9lites. Eles toparam.<br \/>\nChegando no local tiveram que lidar com a primeira dificuldade. Para os 12 alunos existiam apenas tr\u00eas [&#8230;]<\/p>\n","protected":false},"author":9,"featured_media":1150,"comment_status":"open","ping_status":"open","sticky":false,"template":"","format":"standard","meta":{"footnotes":""},"categories":[114],"tags":[11360,18,6017],"class_list":["post-1147","post","type-post","status-publish","format-standard","has-post-thumbnail","hentry","category-artigos","tag-batucadeiros","tag-musica","tag-social"],"_links":{"self":[{"href":"https:\/\/ultimato.com.br\/sites\/carlinhosveiga\/wp-json\/wp\/v2\/posts\/1147","targetHints":{"allow":["GET"]}}],"collection":[{"href":"https:\/\/ultimato.com.br\/sites\/carlinhosveiga\/wp-json\/wp\/v2\/posts"}],"about":[{"href":"https:\/\/ultimato.com.br\/sites\/carlinhosveiga\/wp-json\/wp\/v2\/types\/post"}],"author":[{"embeddable":true,"href":"https:\/\/ultimato.com.br\/sites\/carlinhosveiga\/wp-json\/wp\/v2\/users\/9"}],"replies":[{"embeddable":true,"href":"https:\/\/ultimato.com.br\/sites\/carlinhosveiga\/wp-json\/wp\/v2\/comments?post=1147"}],"version-history":[{"count":16,"href":"https:\/\/ultimato.com.br\/sites\/carlinhosveiga\/wp-json\/wp\/v2\/posts\/1147\/revisions"}],"predecessor-version":[{"id":1158,"href":"https:\/\/ultimato.com.br\/sites\/carlinhosveiga\/wp-json\/wp\/v2\/posts\/1147\/revisions\/1158"}],"wp:featuredmedia":[{"embeddable":true,"href":"https:\/\/ultimato.com.br\/sites\/carlinhosveiga\/wp-json\/wp\/v2\/media\/1150"}],"wp:attachment":[{"href":"https:\/\/ultimato.com.br\/sites\/carlinhosveiga\/wp-json\/wp\/v2\/media?parent=1147"}],"wp:term":[{"taxonomy":"category","embeddable":true,"href":"https:\/\/ultimato.com.br\/sites\/carlinhosveiga\/wp-json\/wp\/v2\/categories?post=1147"},{"taxonomy":"post_tag","embeddable":true,"href":"https:\/\/ultimato.com.br\/sites\/carlinhosveiga\/wp-json\/wp\/v2\/tags?post=1147"}],"curies":[{"name":"wp","href":"https:\/\/api.w.org\/{rel}","templated":true}]}}