{"id":1118,"date":"2012-12-22T00:53:08","date_gmt":"2012-12-22T03:53:08","guid":{"rendered":"http:\/\/ultimato.com.br\/sites\/carlinhosveiga\/?p=1118"},"modified":"2012-12-22T22:02:11","modified_gmt":"2012-12-23T01:02:11","slug":"uma-rapida-retrospectiva-de-2012","status":"publish","type":"post","link":"https:\/\/ultimato.com.br\/sites\/carlinhosveiga\/2012\/12\/22\/uma-rapida-retrospectiva-de-2012\/","title":{"rendered":"Uma r\u00e1pida retrospectiva de 2012"},"content":{"rendered":"<p>Olhando para o ano que se finda, chego \u00e0 conclus\u00e3o que ele foi muito proveitoso para as artes produzidas em nosso pa\u00eds. Com um papel e uma caneta tentei me lembrar dos acontecimentos que marcaram a caminhada de v\u00e1rios artistas crist\u00e3os nesse ano e fiquei surpreso com tanta hist\u00f3ria boa. Decidi citar apenas aqueles que de certa forma est\u00e3o mais conectados com a proposta deste blog, ou seja, de promover uma arte que seja feita por crist\u00e3os, que tenha um certo padr\u00e3o de qualidade, que tenha a marca da brasilidade e tamb\u00e9m seja produzida por iniciativas independentes, sem o apoio de grandes gravadoras e selos comerciais. Por isso, n\u00e3o citarei muitos dos grandes eventos decididamente comerciais. Logicamente corro o risco de me esquecer de v\u00e1rios igualmente importantes acontecidos no correr do ano, mas ainda assim me arrisco. Se algu\u00e9m se lembrar de algo mais, \u00e9 s\u00f3 ir acrescentando nos coment\u00e1rios abaixo e assim vamos completando a lista.<\/p>\n<p><span style=\"color: #888888;\"><a href=\"http:\/\/ultimato.com.br\/sites\/carlinhosveiga\/files\/2012\/12\/Flamenco-Fiesta-Hyatt-Moore.jpg\"><img loading=\"lazy\" decoding=\"async\" class=\"alignleft size-medium wp-image-1119\" title=\"Flamenco-Fiesta-Hyatt Moore\" src=\"http:\/\/ultimato.com.br\/sites\/carlinhosveiga\/files\/2012\/12\/Flamenco-Fiesta-Hyatt-Moore-300x231.jpg\" alt=\"&quot;Flamenco Fiesta&quot;, de Hyatt Moore.\" width=\"300\" height=\"231\" srcset=\"https:\/\/ultimato.com.br\/sites\/carlinhosveiga\/files\/2012\/12\/Flamenco-Fiesta-Hyatt-Moore-300x231.jpg 300w, https:\/\/ultimato.com.br\/sites\/carlinhosveiga\/files\/2012\/12\/Flamenco-Fiesta-Hyatt-Moore-150x115.jpg 150w, https:\/\/ultimato.com.br\/sites\/carlinhosveiga\/files\/2012\/12\/Flamenco-Fiesta-Hyatt-Moore.jpg 650w\" sizes=\"auto, (max-width: 300px) 100vw, 300px\" \/><\/a><\/span>Come\u00e7o me lembrando dos muitos lan\u00e7amentos de CDs e DVDs. De cara me vem \u00e0 mente um dos primeiros CDs que me chegou \u00e0s m\u00e3os nesse ano. Falo do trabalho do <strong>Felipe Silveira<\/strong>, muito bom por sinal, trazendo uma linguagem distinta, diferente do que se v\u00ea normalmente no meio crist\u00e3o brasileiro. Felipe se livra dos excessos que caracterizam boa parte das grava\u00e7\u00f5es e nos oferece m\u00fasicas suaves, harmonicamente elaboradas e inteligentes.<\/p>\n<p>Lembro-me tamb\u00e9m do pulsar firme, baixos seguros e &#8220;suingues&#8221; caracter\u00edsticos da negritude de <strong>Ramon Goulart<\/strong> em seu &#8220;Fontes de Vida&#8221;, segundo trabalho desse artista. Muito legal!<\/p>\n<p>Vem-me \u00e0 mente o amigo <strong>Erlon Lemos<\/strong> e o seu &#8220;Simples&#8221;, que \u00e9, sem d\u00favida, um trabalho que se destaca por sua riqueza e beleza. Erlon \u00e9 completo &#8211; grande compositor, bel\u00edssima voz e uma guitarra impec\u00e1vel. E ainda contou nesse CD com a produ\u00e7\u00e3o musical do <strong>Tiago Pinheiro<\/strong>. Covardia, n\u00e9 n\u00e3o?<\/p>\n<p>Recordo ainda que o <strong>Jorge Camargo<\/strong> comemorou seus 30 anos de trabalho musical com um f\u00f4lego admir\u00e1vel. Foram pelo menos 4 trabalhos lan\u00e7ados, considerando os tr\u00eas CDs e o DVD. Sim, tr\u00eas CDs quase que de uma tacada s\u00f3: \u201cTudo que \u00e9 bonito de viver\u201d(ainda produzido em 2011), \u201cDefinitivo\u201d e \u201cA poesia caminha\u201d, este \u00faltimo saindo do forno nesses dias, feito em parceria com <strong>Gladir Cabral<\/strong>.\u00a0 As can\u00e7\u00f5es do DVD do Jorge, \u201cTudo o que \u00e9 bonito de viver\u201d, est\u00e1 disponibilizado gratuitamente no Youtube. Mas tem mais: ainda n\u00e3o falei dos outros projetos em andamento e os muitos shows que ele fez pelos quatro cantos, v\u00e1rios deles nas Livrarias Culturas desse nosso imenso pa\u00eds e alguns outros na Europa.<\/p>\n<p><strong>Arlindo Lima<\/strong>\u00a0nos brindou com uma nova produ\u00e7\u00e3o, o &#8220;Por entre os dedos&#8221;. Sobre esse paraense irrequieto e polivalente (al\u00e9m de m\u00e9dico, \u00e9 m\u00fasico multi-instrumentista, compositor e criador de Manga Larga), preciso dizer algo; ele n\u00e3o faz can\u00e7\u00f5es para simples degusta\u00e7\u00e3o. Para ouvir o Arlindo tem que estar na dele, corpo e alma, para saborear e digerir sua arte densa e consistente. S\u00e3o muitas sensa\u00e7\u00f5es e sabores.<\/p>\n<p>E as mulheres? Elas simplesmente arrebentaram em 2012 com produ\u00e7\u00f5es maravilhosas. Come\u00e7o por <strong>Priscila Barreto<\/strong> que lan\u00e7ou o aguardado &#8220;Madalenas&#8221;, apoiada por um time de primeira e recursos t\u00e9cnicos de alta qualidade. Um CD que me acompanhou em v\u00e1rios momentos especiais nesse ano.<\/p>\n<p><strong>Carol Gualberto<\/strong> nos brindou com o segundo CD de sua carreira solo, &#8220;L\u00e1 vem ela&#8221;. Seu som est\u00e1 cada vez mais aprimorado e conquistando cada vez mais espa\u00e7os. Essa merece, n\u00e3o s\u00f3 pela qualidade que tem e por tudo que \u00e9 , mas tamb\u00e9m pelo que tem feito em prol da arte no Brasil, como um dos pilares do Som do C\u00e9u.<\/p>\n<p><strong>Elen Lara<\/strong> revelou uma grande ascens\u00e3o na produ\u00e7\u00e3o de seu novo trabalho &#8220;Por voc\u00ea&#8221;. Fruto do seu incans\u00e1vel trabalho foi uma das artistas selecionadas pela Prefeitura de Goi\u00e2nia para percorrer a cidade em shows populares. Muito bom!<\/p>\n<p>Das novidades e gratas surpresas, destaco a mineira <strong>Ilma Br<\/strong><strong>\u00e9<\/strong><strong>scia<\/strong> e a paulista <strong>La<\/strong><strong>\u00ed<\/strong><strong>s Ven<\/strong><strong>\u00e2<\/strong><strong>ncio<\/strong>. Conheci a Ilma no Som do C\u00e9u. Pelo dom\u00ednio de palco deu para perceber que ela tem estrada. Estava acompanhada por uma super banda, a mesma que participou da grava\u00e7\u00e3o. Dentre os feras, estavam l\u00e1 o lend\u00e1rio baterista Nen\u00e9m Esdras Ferreira (acompanhou o Clube da Esquina nos \u00e1ureos tempos), o baixista, En\u00e9ias Xavier entre outros.<\/p>\n<p>La\u00eds, ao contr\u00e1rio, \u00e9 uma garota ainda nova na estrada, mas que demonstrou nos palcos do Nossa M\u00fasica Brasileira que tem muito talento. Ela acaba de lan\u00e7ar seu primeiro trabalho, intitulado \u201cAbra\u00e7o\u201d.<\/p>\n<p>Quero fazer um destaque especial para as recentes produ\u00e7\u00f5es da dupla S\u00e9rgio Pereira e Marivone Lobo, o \u201c<strong>Baixo e Voz<\/strong>\u201d. Eles foram os primeiros, dentre os artistas crist\u00e3os, a se enveredarem pelo arriscado projeto do \u201ccrowdfunding\u201d, ou seja, um financiamento colaborativo ou coletivo. Procure saber mais, pois tem se tornado uma ferramenta muito interessante para a produ\u00e7\u00e3o de projetos de interesse coletivo. Com os recursos adquiridos, acabam de lan\u00e7ar o CD e o DVD \u201cBaixo e Voz ao Vivo\u201d. Eu, assim que soube, entrei nessa onda para apoi\u00e1-los e garantir algumas unidades para presentear amigos nesse Natal. Parab\u00e9ns, Serj\u00e3o e Marivone. Voc\u00eas abriram portas para outros.<\/p>\n<p>Quero me lembrar tamb\u00e9m dos eventos que s\u00e3o os grandes motores de um movimento que vai aos poucos crescendo. Cito o <strong>Som do C<\/strong><strong>\u00e9<\/strong><strong>u<\/strong> (BH), <strong>Nossa M<\/strong><strong>\u00fa<\/strong><strong>sica Brasileira<\/strong> (SP) e <strong>Prosa &amp; Canto<\/strong> (GO). Certamente existem v\u00e1rios outros. Menciono ainda a iniciativa de projetos iluminados como o \u201c<strong>Autorretrato<\/strong>\u201d, produzido pela TV Mackenzie, \u201c<strong>Papo e Arte<\/strong>\u201d (SP), \u201c<strong>Caf<\/strong><strong>\u00e9<\/strong><strong>+Cultura<\/strong>\u201d (DF), \u201c<strong>Quinta Aumentada<\/strong>\u201d (DF), &#8220;<strong>Faca Amolada<\/strong>&#8221; (SC) entre outros.<\/p>\n<p>Vamos falar de outras artes? Que tal cinema? Pois o que antes era algo t\u00e3o distante e dif\u00edcil de acontecer, agora se tornou realidade. O Espa\u00e7o Ita\u00fa de Cinema abriu as portas para o lan\u00e7amento do curta-metragem \u201cO di\u00e1rio de Simonton\u201d, dirigido por <strong>Joel Yamaji<\/strong> e <strong>Jader Gudin<\/strong> e produ\u00e7\u00e3o de <strong>Celsino Gama<\/strong>. Jader, ao lado de <strong>Davi Heller<\/strong>, tem se especializado em produzir DVDs, atrav\u00e9s da <strong>Toca de Barro Filmes<\/strong>. Considero uma grande vit\u00f3ria ver esse curta sendo apresentado em importantes espa\u00e7os como o Ita\u00fa.<\/p>\n<p>Para mim, particularmente, esse foi um ano mais que especial. Muitas coisas boas aconteceram. Gostaria de citar algumas das conquistas, como agradecimento a Deus e aos companheiros que estiveram ao meu lado. 2012 foi o ano que fui homenageado no Som do C\u00e9u. Foi muito emocionante. Tive ainda o privil\u00e9gio de participar com o percussionista Leo Barbosa de shows culturais no M\u00e9xico, pelo \u201cProjeto Sonidos de la Tierra\u201d, dirigido por Marli Camargo. Eu e Leo fomos acompanhados por Davi Juli\u00e3o e Didi Monteiro. 2012 tamb\u00e9m foi o ano do CLADE 5, em Costa Rica, onde integrei um movimento de artistas latino-americano de artistas. Apresentei-me ainda em alguns eventos na Inglaterra, dentre os quais destaco o espa\u00e7o cultural \u201cThe Polite Room\u201d, em Newcastle. Conheci o famoso \u201cFestival Fringe\u201d, em Edimburgo, e o impressionante \u201cGreenbelt\u201d, um evento de artes crist\u00e3s em Cheltenham, Inglaterra, reunindo cerca de 22 mil pessoas. E para fechar o ano, fui premiado em primeiro lugar no Pr\u00eamio Tom Jobim de M\u00fasica, com a can\u00e7\u00e3o \u201cRaiares\u201d, minha parceria com Robson Rodrigues. Muita coisa boa para um ano s\u00f3! Agrade\u00e7o a Deus por tudo isso.<\/p>\n<p>Esses foram os fatos que consegui me lembrar em pouco tempo com uma caneta na m\u00e3o e algumas olhadelas na agenda. Muita coisa, n\u00e3o \u00e9 n\u00e3o?<\/p>\n<p>Alguns dias atr\u00e1s, em nossa igreja, o culto se estendeu mais do que o normal. Era muita coisa acontecendo naquele domingo. Ao cumprimentar um visitante, j\u00e1 fui me desculpando: \u201cHoje avan\u00e7amos bastante no hor\u00e1rio. Perdoa-nos\u201d. Ele me respondeu com um largo sorriso no rosto: \u201cSaio daqui muito feliz com tudo o que vi. Foi muito rico. A igreja est\u00e1 assim porque est\u00e1 viva. Igreja morta n\u00e3o tem nada disso\u201d.<\/p>\n<p>Essas boas palavras me inspiraram, n\u00e3o a elaborar cultos longos, mas a olhar positivamente para os movimentos graciosos de Deus em nosso meio. Assim encerro esse longo texto. Se tivemos aqui tanta coisa a contar, \u00e9 porque Deus tem nos visitado com muita vida nesses dias. Vamos tirar os nossos olhos daquilo que gera em n\u00f3s pura cr\u00edtica e vamos fixa-los na imensa manifesta\u00e7\u00e3o da gra\u00e7a divina que tem visitado a sua igreja, e especialmente as artes em nosso pa\u00eds. Que tal? Vamos nessa? E que venha 2013!<\/p>\n","protected":false},"excerpt":{"rendered":"<p>Olhando para o ano que se finda, chego \u00e0 conclus\u00e3o que ele foi muito proveitoso para as artes produzidas em nosso pa\u00eds. Com um papel e uma caneta tentei me lembrar dos acontecimentos que marcaram a caminhada de v\u00e1rios artistas crist\u00e3os nesse ano e fiquei surpreso com tanta hist\u00f3ria boa. Decidi citar apenas aqueles que [&#8230;]<\/p>\n","protected":false},"author":9,"featured_media":1119,"comment_status":"open","ping_status":"open","sticky":false,"template":"","format":"standard","meta":{"footnotes":""},"categories":[114],"tags":[9532,33,5407,11354,18,11351],"class_list":["post-1118","post","type-post","status-publish","format-standard","has-post-thumbnail","hentry","category-artigos","tag-9532","tag-arte","tag-crista","tag-curta-metragem","tag-musica","tag-retrospectiva"],"_links":{"self":[{"href":"https:\/\/ultimato.com.br\/sites\/carlinhosveiga\/wp-json\/wp\/v2\/posts\/1118","targetHints":{"allow":["GET"]}}],"collection":[{"href":"https:\/\/ultimato.com.br\/sites\/carlinhosveiga\/wp-json\/wp\/v2\/posts"}],"about":[{"href":"https:\/\/ultimato.com.br\/sites\/carlinhosveiga\/wp-json\/wp\/v2\/types\/post"}],"author":[{"embeddable":true,"href":"https:\/\/ultimato.com.br\/sites\/carlinhosveiga\/wp-json\/wp\/v2\/users\/9"}],"replies":[{"embeddable":true,"href":"https:\/\/ultimato.com.br\/sites\/carlinhosveiga\/wp-json\/wp\/v2\/comments?post=1118"}],"version-history":[{"count":4,"href":"https:\/\/ultimato.com.br\/sites\/carlinhosveiga\/wp-json\/wp\/v2\/posts\/1118\/revisions"}],"predecessor-version":[{"id":1121,"href":"https:\/\/ultimato.com.br\/sites\/carlinhosveiga\/wp-json\/wp\/v2\/posts\/1118\/revisions\/1121"}],"wp:featuredmedia":[{"embeddable":true,"href":"https:\/\/ultimato.com.br\/sites\/carlinhosveiga\/wp-json\/wp\/v2\/media\/1119"}],"wp:attachment":[{"href":"https:\/\/ultimato.com.br\/sites\/carlinhosveiga\/wp-json\/wp\/v2\/media?parent=1118"}],"wp:term":[{"taxonomy":"category","embeddable":true,"href":"https:\/\/ultimato.com.br\/sites\/carlinhosveiga\/wp-json\/wp\/v2\/categories?post=1118"},{"taxonomy":"post_tag","embeddable":true,"href":"https:\/\/ultimato.com.br\/sites\/carlinhosveiga\/wp-json\/wp\/v2\/tags?post=1118"}],"curies":[{"name":"wp","href":"https:\/\/api.w.org\/{rel}","templated":true}]}}