{"id":1097,"date":"2012-09-19T16:44:26","date_gmt":"2012-09-19T19:44:26","guid":{"rendered":"http:\/\/ultimato.com.br\/sites\/carlinhosveiga\/?p=1097"},"modified":"2012-09-19T16:44:26","modified_gmt":"2012-09-19T19:44:26","slug":"beleza-em-tempos-de-seca","status":"publish","type":"post","link":"https:\/\/ultimato.com.br\/sites\/carlinhosveiga\/2012\/09\/19\/beleza-em-tempos-de-seca\/","title":{"rendered":"Beleza em tempos de seca"},"content":{"rendered":"<p align=\"right\">\n<p>Moro h\u00e1 quinze anos em Bras\u00edlia. N\u00e3o tive muitas dificuldades em me adaptar com a vida aqui. \u00c9 um lugar de muitas oportunidades e muito agrad\u00e1vel. No entanto, enfrentei s\u00e9rios problemas com o clima, principalmente no terr\u00edvel per\u00edodo de seca, que se estende especialmente de julho a setembro.<\/p>\n<p>Os primeiros anos foram dif\u00edceis: sentia uma dor de cabe\u00e7a quase que constante, uma secura nos olhos e uma respira\u00e7\u00e3o dif\u00edcil, principalmente \u00e0 noite. Com o tempo acabei me adaptando ao clima des\u00e9rtico do meio do ano.<\/p>\n<p>Talvez por causa disso eu sempre achasse Bras\u00edlia feia nessa \u00e9poca. O gramado acinzentado, o ar esfuma\u00e7ado, as \u00e1rvores peladas, folhas secas pelo ch\u00e3o. At\u00e9 que me mudei para uma casa com quintal. Nesse contato maior com a natureza, aprendi a ver a cidade com outros olhos.<\/p>\n<p>Tudo come\u00e7ou quando num dia pela manh\u00e3 vi que o pequizeiro do quintal estava diferente. As primeiras flores come\u00e7avam a surgir, pren\u00fancio de frutos (e que deliciosos frutos&#8230;). Depois, no tronco da \u00e1rvore, vi tr\u00eas lindas orqu\u00eddeas abertas. Nunca havia prestado aten\u00e7\u00e3o no fato de que elas estavam ali, enxertadas no pequizeiro. Essas flores embelezaram tanto o quintal que eu passei a visit\u00e1-lo mais vezes que o comum. A partir da\u00ed algo como que escamas ca\u00edram dos meus olhos, abrindo-me para uma realidade que ainda n\u00e3o havia percebido: a beleza do cerrado no per\u00edodo da seca.<\/p>\n<p><a href=\"http:\/\/ultimato.com.br\/sites\/carlinhosveiga\/files\/2012\/09\/ipe2.png\"><img loading=\"lazy\" decoding=\"async\" class=\"alignleft size-medium wp-image-1098\" title=\"ipe2\" src=\"http:\/\/ultimato.com.br\/sites\/carlinhosveiga\/files\/2012\/09\/ipe2-246x300.png\" alt=\"\" width=\"246\" height=\"300\" srcset=\"https:\/\/ultimato.com.br\/sites\/carlinhosveiga\/files\/2012\/09\/ipe2-246x300.png 246w, https:\/\/ultimato.com.br\/sites\/carlinhosveiga\/files\/2012\/09\/ipe2-123x150.png 123w, https:\/\/ultimato.com.br\/sites\/carlinhosveiga\/files\/2012\/09\/ipe2.png 397w\" sizes=\"auto, (max-width: 246px) 100vw, 246px\" \/><\/a>Vi o amarelo cintilante do ip\u00ea, contrastando com o cinza ao redor; via as flores naturais multicoloridas se abrindo sorridentes, como que preparando a vida para a primavera que est\u00e1 \u00e0s portas; senti o gosto doce da amora, da jabuticaba explodindo em sensa\u00e7\u00f5es incr\u00edveis no paladar.<\/p>\n<p>Percebi que nessa \u00e9poca o canto dos p\u00e1ssaros fica ainda mais belo porque o sabi\u00e1 surge vibrante e embeleza ainda mais a sinfonia da cria\u00e7\u00e3o, exaltando o nome do seu Criador. E daqui uns dias v\u00eam a cigarra cantado sua can\u00e7\u00e3o monot\u00f4nica: \u201csisisisisi&#8230; l\u00e1 vem a chuva!\u201d. As flores transformam-se em frutos; e a vida toma novo colorido e sabor.<\/p>\n<p>Por que eu n\u00e3o havia percebido essa beleza antes? Por que tudo isso tinha ficado oculto aos meus sentidos? Creio que \u00e9 pela minha limita\u00e7\u00e3o de n\u00e3o ver o cuidado de Deus em todos os momentos, mesmos nos per\u00edodos de seca, de deserto. A vida \u00e9 c\u00edclica: passamos por esta\u00e7\u00f5es e cada uma delas traz suas caracter\u00edsticas. Mas, temos \u00e0s vezes a tend\u00eancia de achar que na seca tudo seca. At\u00e9 o amor de Deus. Olhamos para o lado e parece que a vida foi roubada de n\u00f3s. Mas, Deus est\u00e1 presente e nos surpreende com novas belezas. Conquanto tudo pare\u00e7a cinza, o amor de Deus est\u00e1 a\u00ed, bem presente, renovando nossas for\u00e7as e nos despertando para o novo ciclo da vida que est\u00e1 por vir. Ele jamais nos desampara. Os sinais do seu grande amor jamais cessam&#8230;<\/p>\n","protected":false},"excerpt":{"rendered":"<p>Moro h\u00e1 quinze anos em Bras\u00edlia. N\u00e3o tive muitas dificuldades em me adaptar com a vida aqui. \u00c9 um lugar de muitas oportunidades e muito agrad\u00e1vel. No entanto, enfrentei s\u00e9rios problemas com o clima, principalmente no terr\u00edvel per\u00edodo de seca, que se estende especialmente de julho a setembro.<br \/>\nOs primeiros anos foram dif\u00edceis: sentia uma dor [&#8230;]<\/p>\n","protected":false},"author":9,"featured_media":1098,"comment_status":"open","ping_status":"open","sticky":false,"template":"","format":"standard","meta":{"footnotes":""},"categories":[114],"tags":[162,6418,11346],"class_list":["post-1097","post","type-post","status-publish","format-standard","has-post-thumbnail","hentry","category-artigos","tag-beleza","tag-brasilia","tag-ipe"],"_links":{"self":[{"href":"https:\/\/ultimato.com.br\/sites\/carlinhosveiga\/wp-json\/wp\/v2\/posts\/1097","targetHints":{"allow":["GET"]}}],"collection":[{"href":"https:\/\/ultimato.com.br\/sites\/carlinhosveiga\/wp-json\/wp\/v2\/posts"}],"about":[{"href":"https:\/\/ultimato.com.br\/sites\/carlinhosveiga\/wp-json\/wp\/v2\/types\/post"}],"author":[{"embeddable":true,"href":"https:\/\/ultimato.com.br\/sites\/carlinhosveiga\/wp-json\/wp\/v2\/users\/9"}],"replies":[{"embeddable":true,"href":"https:\/\/ultimato.com.br\/sites\/carlinhosveiga\/wp-json\/wp\/v2\/comments?post=1097"}],"version-history":[{"count":1,"href":"https:\/\/ultimato.com.br\/sites\/carlinhosveiga\/wp-json\/wp\/v2\/posts\/1097\/revisions"}],"predecessor-version":[{"id":1099,"href":"https:\/\/ultimato.com.br\/sites\/carlinhosveiga\/wp-json\/wp\/v2\/posts\/1097\/revisions\/1099"}],"wp:featuredmedia":[{"embeddable":true,"href":"https:\/\/ultimato.com.br\/sites\/carlinhosveiga\/wp-json\/wp\/v2\/media\/1098"}],"wp:attachment":[{"href":"https:\/\/ultimato.com.br\/sites\/carlinhosveiga\/wp-json\/wp\/v2\/media?parent=1097"}],"wp:term":[{"taxonomy":"category","embeddable":true,"href":"https:\/\/ultimato.com.br\/sites\/carlinhosveiga\/wp-json\/wp\/v2\/categories?post=1097"},{"taxonomy":"post_tag","embeddable":true,"href":"https:\/\/ultimato.com.br\/sites\/carlinhosveiga\/wp-json\/wp\/v2\/tags?post=1097"}],"curies":[{"name":"wp","href":"https:\/\/api.w.org\/{rel}","templated":true}]}}