{"id":1090,"date":"2012-09-18T19:53:40","date_gmt":"2012-09-18T22:53:40","guid":{"rendered":"http:\/\/ultimato.com.br\/sites\/carlinhosveiga\/?p=1090"},"modified":"2012-09-18T19:58:11","modified_gmt":"2012-09-18T22:58:11","slug":"mais-um-daqueles-do-qual-o-mundo-nao-e-digno","status":"publish","type":"post","link":"https:\/\/ultimato.com.br\/sites\/carlinhosveiga\/2012\/09\/18\/mais-um-daqueles-do-qual-o-mundo-nao-e-digno\/","title":{"rendered":"Mais um daqueles do qual o mundo n\u00e3o \u00e9 digno"},"content":{"rendered":"<p>H\u00e1 alguns anos atr\u00e1s participei de um projeto chamado \u201cPelas estradas desses brasis\u201d, onde tive o privil\u00e9gio de viajar com uma equipe de irm\u00e3os e m\u00fasicos envolvidos com a obra de Deus. Vistamos algumas cidades do nordeste pregando e cantando o Evangelho de Jesus em igrejas, pra\u00e7as e escolas. Nessas andan\u00e7as tivemos o privil\u00e9gio de conhecer muitas pessoas que nos inspiraram, gente que dedicou sua vida pela prega\u00e7\u00e3o do evangelho naqueles rinc\u00f5es. Uma dessas pessoas especiais, foi o\u00a0<strong>Pr Gen\u00e9sio Guimar\u00e3es Lima<\/strong>, pai do grande m\u00fasico e amigo Rub\u00e3o.<\/p>\n<p>Com 82 anos de idade, esse pastor batista j\u00e1 dedicou praticamente 50 anos ao minist\u00e9rio da prega\u00e7\u00e3o. Pr Geg\u00ea, como carinhosamente \u00e9 conhecido, iniciou seu minist\u00e9rio em 1954, no Maranh\u00e3o. Em 1958 foi trabalhar na 1\u00aa de Igreja de S\u00e3o Lu\u00eds, na congrega\u00e7\u00e3o do bairro de F\u00e1tima (na \u00e9poca chamado Cavaco) como evangelista, onde depois veio se formar a Igreja Batista Bereana. Em 61 a congrega\u00e7\u00e3o passou a ser igreja e ele assumiu a lideran\u00e7a do trabalho. Um ano depois foi consagrado ministro do evangelho.<\/p>\n<p>Em 1968 mudou-se para Recife, com a fim de estudar no Semin\u00e1rio Teol\u00f3gico Batista do Norte do Brasil. Concluiu seus estudos em 72 e retornou para S\u00e3o Lu\u00eds para trabalhar como diretor do Departamento de Miss\u00f5es do Estado do Maranh\u00e3o. Assumiu tamb\u00e9m, na mesma \u00e9poca, a Congrega\u00e7\u00e3o Batista do S\u00e3o Francisco.<\/p>\n<p><a href=\"http:\/\/ultimato.com.br\/sites\/carlinhosveiga\/files\/2012\/09\/Geg\u00ea.jpg\"><img loading=\"lazy\" decoding=\"async\" class=\"alignright size-medium wp-image-1091\" title=\"Geg\u00ea\" src=\"http:\/\/ultimato.com.br\/sites\/carlinhosveiga\/files\/2012\/09\/Geg\u00ea-228x300.jpg\" alt=\"\" width=\"228\" height=\"300\" srcset=\"https:\/\/ultimato.com.br\/sites\/carlinhosveiga\/files\/2012\/09\/Geg\u00ea-228x300.jpg 228w, https:\/\/ultimato.com.br\/sites\/carlinhosveiga\/files\/2012\/09\/Geg\u00ea-114x150.jpg 114w, https:\/\/ultimato.com.br\/sites\/carlinhosveiga\/files\/2012\/09\/Geg\u00ea.jpg 709w\" sizes=\"auto, (max-width: 228px) 100vw, 228px\" \/><\/a>Em abril de 75, mudou-se para Cod\u00f3, para pastorear da Primeira Igreja Batista. A igreja possu\u00eda um templo pequeno e sua a\u00e7\u00e3o na cidade era quase sem nenhuma relev\u00e2ncia. Estavam arrolados 46 membros. Ele entendeu que a cidade era um enorme desafio de Deus para a sua vida. Ali, desenvolveu o trabalho, organizando inicialmente a m\u00fasica. No semin\u00e1rio aprendeu saxofone, mas visando facilitar a comunica\u00e7\u00e3o com o povo da cidade, levou consigo um acordeom. Pouco tempo depois, num dos trabalhos de evangeliza\u00e7\u00e3o, se converteu um experiente violonista da regi\u00e3o que veio somar ao trabalho musical da igreja.<\/p>\n<p>Segundo o pastor, \u201cfoi um per\u00edodo f\u00e9rtil de muitas convers\u00f5es\u201d. Alguns anos depois a igreja j\u00e1 possuia 308 membros batizados. As cadeiras doadas pelo antigo cinema j\u00e1 n\u00e3o conseguiam comportar o fluxo de novas pessoas. Foi necess\u00e1rio conseguir mais bancos que eram colocados nos corredores e nas laterais do templo. O minist\u00e9rio expandiu.<\/p>\n<p>Em 1977 fundou a Igreja Batista Luz e Vida, em Caxias (MA). A igreja foi organizada com 160 membros. Fundou ainda as congrega\u00e7\u00f5es nos povoados de Santa Clara, S\u00e3o Benedito, S\u00e3o Domingos, Timbiras e ainda as congrega\u00e7\u00f5es no Km 17 e da F\u00e1brica de Cimento, na cidade de Cod\u00f3.<\/p>\n<p>Depois de aposentado, foi desafiado a assumir uma nova congrega\u00e7\u00e3o, onde veio ser organizada a Segunda Igreja Batista da cidade.\u00a0Hoje mora em Pedreiras e coopera com a Primeira Igreja Batista do Engenho, uma comunidade de poucos membros.\u00a0A equipe do &#8220;Pelas estradas desses brasis&#8221; teve o privil\u00e9gio de usufruir da companhia agradabil\u00edssima e sempre alegre do Pr Geg\u00ea em algumas viagens. Momentos que guardaremos para sempre em nossa mem\u00f3ria. Um homem de Deus!<\/p>\n<p>Nesse m\u00eas ele ser\u00e1 homenageado pela Igreja Batista em Cod\u00f3 pelos relevantes servi\u00e7os prestados em prol do Reino de Deus naquela cidade e regi\u00e3o. E o Rub\u00e3o j\u00e1 pegou sua viola e foi para l\u00e1 para estar ao lado do seu pai nesse momento t\u00e3o especial. O Pr Geg\u00ea passou por tempos muito dif\u00edceis em seu minist\u00e9rio. Certamente as l\u00e1grimas n\u00e3o lhes faltaram aos olhos em muitos momentos. Mas, mais uma vez vemos o cumprimento do vers\u00edculo b\u00edblico: &#8220;Quem sai andando e chorando enquanto semeia, voltar\u00e1 com j\u00fabilo trazendo os seus feixes&#8221; (Salmo 126.6). Mais glorioso ainda ser\u00e1 o dia quando ouvir da boca do Eterno Deus: &#8220;\u2018Venha, bendito de meu Pai! Receba como heran\u00e7a o Reino que lhe foi preparado desde a cria\u00e7\u00e3o do mundo&#8221; Mateus 25.34. Ser\u00e1 um dia glorioso!<\/p>\n<p>Parab\u00e9ns, Pr Geg\u00ea.<\/p>\n","protected":false},"excerpt":{"rendered":"<p>H\u00e1 alguns anos atr\u00e1s participei de um projeto chamado \u201cPelas estradas desses brasis\u201d, onde tive o privil\u00e9gio de viajar com uma equipe de irm\u00e3os e m\u00fasicos envolvidos com a obra de Deus. Vistamos algumas cidades do nordeste pregando e cantando o Evangelho de Jesus em igrejas, pra\u00e7as e escolas. Nessas andan\u00e7as tivemos o privil\u00e9gio de [&#8230;]<\/p>\n","protected":false},"author":9,"featured_media":1091,"comment_status":"open","ping_status":"open","sticky":false,"template":"","format":"standard","meta":{"footnotes":""},"categories":[116],"tags":[],"class_list":["post-1090","post","type-post","status-publish","format-standard","has-post-thumbnail","hentry","category-blog"],"_links":{"self":[{"href":"https:\/\/ultimato.com.br\/sites\/carlinhosveiga\/wp-json\/wp\/v2\/posts\/1090","targetHints":{"allow":["GET"]}}],"collection":[{"href":"https:\/\/ultimato.com.br\/sites\/carlinhosveiga\/wp-json\/wp\/v2\/posts"}],"about":[{"href":"https:\/\/ultimato.com.br\/sites\/carlinhosveiga\/wp-json\/wp\/v2\/types\/post"}],"author":[{"embeddable":true,"href":"https:\/\/ultimato.com.br\/sites\/carlinhosveiga\/wp-json\/wp\/v2\/users\/9"}],"replies":[{"embeddable":true,"href":"https:\/\/ultimato.com.br\/sites\/carlinhosveiga\/wp-json\/wp\/v2\/comments?post=1090"}],"version-history":[{"count":5,"href":"https:\/\/ultimato.com.br\/sites\/carlinhosveiga\/wp-json\/wp\/v2\/posts\/1090\/revisions"}],"predecessor-version":[{"id":1096,"href":"https:\/\/ultimato.com.br\/sites\/carlinhosveiga\/wp-json\/wp\/v2\/posts\/1090\/revisions\/1096"}],"wp:featuredmedia":[{"embeddable":true,"href":"https:\/\/ultimato.com.br\/sites\/carlinhosveiga\/wp-json\/wp\/v2\/media\/1091"}],"wp:attachment":[{"href":"https:\/\/ultimato.com.br\/sites\/carlinhosveiga\/wp-json\/wp\/v2\/media?parent=1090"}],"wp:term":[{"taxonomy":"category","embeddable":true,"href":"https:\/\/ultimato.com.br\/sites\/carlinhosveiga\/wp-json\/wp\/v2\/categories?post=1090"},{"taxonomy":"post_tag","embeddable":true,"href":"https:\/\/ultimato.com.br\/sites\/carlinhosveiga\/wp-json\/wp\/v2\/tags?post=1090"}],"curies":[{"name":"wp","href":"https:\/\/api.w.org\/{rel}","templated":true}]}}