{"id":1066,"date":"2012-06-19T17:00:40","date_gmt":"2012-06-19T20:00:40","guid":{"rendered":"http:\/\/ultimato.com.br\/sites\/carlinhosveiga\/?p=1066"},"modified":"2012-06-19T17:05:57","modified_gmt":"2012-06-19T20:05:57","slug":"podcast-23-clade-5","status":"publish","type":"post","link":"https:\/\/ultimato.com.br\/sites\/carlinhosveiga\/2012\/06\/19\/podcast-23-clade-5\/","title":{"rendered":"Podcast #23: A m\u00fasica de CLADE 5"},"content":{"rendered":"<p><a href=\"http:\/\/ultimato.com.br\/sites\/carlinhosveiga\/files\/2012\/06\/logo-clade-v.jpg\"><img loading=\"lazy\" decoding=\"async\" class=\"alignright size-thumbnail wp-image-1067\" title=\"logo-clade-v\" src=\"http:\/\/ultimato.com.br\/sites\/carlinhosveiga\/files\/2012\/06\/logo-clade-v-150x150.jpg\" alt=\"\" width=\"150\" height=\"150\" srcset=\"https:\/\/ultimato.com.br\/sites\/carlinhosveiga\/files\/2012\/06\/logo-clade-v-150x150.jpg 150w, https:\/\/ultimato.com.br\/sites\/carlinhosveiga\/files\/2012\/06\/logo-clade-v-64x64.jpg 64w\" sizes=\"auto, (max-width: 150px) 100vw, 150px\" \/><\/a>Esse Podcast traz a m\u00fasica de alguns artistas que estar\u00e3o em San Jos\u00e9, Costa Rica, nos dias do 5\u00ba Congresso Latino-Americano de Evangeliza\u00e7\u00e3o &#8211; CLADE 5, um Congresso promovido pela Fraternidade Teol\u00f3gica Latino-Americana. Esses m\u00fasicos fazem parte do movimento &#8220;Artistas em Rede&#8221;, que re\u00fane v\u00e1rias express\u00f5es de artes do continente atrav\u00e9s do site <a href=\"http:\/\/www.arteymisionintegral.com\" target=\"_blank\">www.arteymisionintegral.com<\/a>.<\/p>\n<p>Conhe\u00e7a a boa m\u00fasica crist\u00e3 produzida nas Am\u00e9ricas.<\/p>\n","protected":false},"excerpt":{"rendered":"<p>Esse Podcast traz a m\u00fasica de alguns artistas que estar\u00e3o em San Jos\u00e9, Costa Rica, nos dias do 5\u00ba Congresso Latino-Americano de Evangeliza\u00e7\u00e3o &#8211; CLADE 5, um Congresso promovido pela Fraternidade Teol\u00f3gica Latino-Americana. Esses m\u00fasicos fazem parte do movimento &#8220;Artistas em Rede&#8221;, que re\u00fane v\u00e1rias express\u00f5es de artes do continente atrav\u00e9s do site www.arteymisionintegral.com.<br \/>\nConhe\u00e7a a [&#8230;]<\/p>\n","protected":false},"author":1,"featured_media":1067,"comment_status":"open","ping_status":"open","sticky":false,"template":"","format":"standard","meta":{"footnotes":""},"categories":[117],"tags":[],"class_list":["post-1066","post","type-post","status-publish","format-standard","has-post-thumbnail","hentry","category-novos-acordes"],"_links":{"self":[{"href":"https:\/\/ultimato.com.br\/sites\/carlinhosveiga\/wp-json\/wp\/v2\/posts\/1066","targetHints":{"allow":["GET"]}}],"collection":[{"href":"https:\/\/ultimato.com.br\/sites\/carlinhosveiga\/wp-json\/wp\/v2\/posts"}],"about":[{"href":"https:\/\/ultimato.com.br\/sites\/carlinhosveiga\/wp-json\/wp\/v2\/types\/post"}],"author":[{"embeddable":true,"href":"https:\/\/ultimato.com.br\/sites\/carlinhosveiga\/wp-json\/wp\/v2\/users\/1"}],"replies":[{"embeddable":true,"href":"https:\/\/ultimato.com.br\/sites\/carlinhosveiga\/wp-json\/wp\/v2\/comments?post=1066"}],"version-history":[{"count":6,"href":"https:\/\/ultimato.com.br\/sites\/carlinhosveiga\/wp-json\/wp\/v2\/posts\/1066\/revisions"}],"predecessor-version":[{"id":1231,"href":"https:\/\/ultimato.com.br\/sites\/carlinhosveiga\/wp-json\/wp\/v2\/posts\/1066\/revisions\/1231"}],"wp:featuredmedia":[{"embeddable":true,"href":"https:\/\/ultimato.com.br\/sites\/carlinhosveiga\/wp-json\/wp\/v2\/media\/1067"}],"wp:attachment":[{"href":"https:\/\/ultimato.com.br\/sites\/carlinhosveiga\/wp-json\/wp\/v2\/media?parent=1066"}],"wp:term":[{"taxonomy":"category","embeddable":true,"href":"https:\/\/ultimato.com.br\/sites\/carlinhosveiga\/wp-json\/wp\/v2\/categories?post=1066"},{"taxonomy":"post_tag","embeddable":true,"href":"https:\/\/ultimato.com.br\/sites\/carlinhosveiga\/wp-json\/wp\/v2\/tags?post=1066"}],"curies":[{"name":"wp","href":"https:\/\/api.w.org\/{rel}","templated":true}]}}