{"id":1019,"date":"2011-12-21T10:23:01","date_gmt":"2011-12-21T13:23:01","guid":{"rendered":"http:\/\/ultimato.com.br\/sites\/carlinhosveiga\/?p=1019"},"modified":"2012-12-23T10:50:41","modified_gmt":"2012-12-23T13:50:41","slug":"e-vimos-a-sua-gloria","status":"publish","type":"post","link":"https:\/\/ultimato.com.br\/sites\/carlinhosveiga\/2011\/12\/21\/e-vimos-a-sua-gloria\/","title":{"rendered":"E vimos a sua gl\u00f3ria"},"content":{"rendered":"<p>Nasce Jesus! Deus irrompe a esfera limitada, \u00e0 qual estamos sujeitos, e nos presenteia com seu Filho unig\u00eanito. O Verbo eterno se encarna e habita entre n\u00f3s. Em um dia determinado e em um lugar determinado, na cidade de Bel\u00e9m, como j\u00e1 havia sido previsto pelo profeta Miqu\u00e9ias, um beb\u00ea nasce revelando ao mundo a gl\u00f3ria de Deus.<\/p>\n<p><a href=\"http:\/\/ultimato.com.br\/sites\/carlinhosveiga\/files\/2011\/12\/e-vimos-a-sua-glria-2.jpg\"><img loading=\"lazy\" decoding=\"async\" class=\"alignleft size-medium wp-image-1020\" title=\"e vimos a sua glria 2\" src=\"http:\/\/ultimato.com.br\/sites\/carlinhosveiga\/files\/2011\/12\/e-vimos-a-sua-glria-2-300x200.jpg\" alt=\"\" width=\"300\" height=\"200\" srcset=\"https:\/\/ultimato.com.br\/sites\/carlinhosveiga\/files\/2011\/12\/e-vimos-a-sua-glria-2-300x200.jpg 300w, https:\/\/ultimato.com.br\/sites\/carlinhosveiga\/files\/2011\/12\/e-vimos-a-sua-glria-2-150x100.jpg 150w, https:\/\/ultimato.com.br\/sites\/carlinhosveiga\/files\/2011\/12\/e-vimos-a-sua-glria-2.jpg 640w\" sizes=\"auto, (max-width: 300px) 100vw, 300px\" \/><\/a>Por\u00e9m, essa crian\u00e7a t\u00e3o aguardada pelo povo de Israel nasce e muitos n\u00e3o o recebem. Para eles esse acontecimento era contradit\u00f3rio. Como o Filho de Deus, o Messias, poderia nascer naquelas prec\u00e1rias condi\u00e7\u00f5es? O nascimento de Jesus \u00e9 marcado pela simplicidade. Sua m\u00e3e, Maria, era uma jovem simples da Galil\u00e9ia; o homem que a acompanhava e com quem tinha um casamento contratado, Jos\u00e9, era um carpinteiro. O ber\u00e7o onde o menino fora colocado era improvisado e anti-higi\u00eanico \u2013 um cocho para animais. Maria tivera seu filho em um est\u00e1bulo ou caverna, um lugar que se prestava a acolher os animais. Provavelmente estavam s\u00f3s, pois Maria mesma teve que enfaixar o menino (Lc 2.7). Os primeiros visitantes foram alguns pastores, homens que eram tratados como pessoas de m\u00e1 reputa\u00e7\u00e3o naquelas paragens. Era, portanto, um contexto de pobreza, solid\u00e3o e rejei\u00e7\u00e3o.<\/p>\n<p>Nesse local e nessa situa\u00e7\u00e3o nasce o Filho de Deus, que veio revelar \u00e0 humanidade a gl\u00f3ria de Deus. Mas como isso \u00e9 poss\u00edvel? Revelar a gl\u00f3ria a partir de um contexto t\u00e3o austero e inapropriado?<\/p>\n<p>Engana-se aquele que cr\u00ea que a gl\u00f3ria de Deus \u00e9 revelada apenas nos ambientes limpos, esterilizados e purificados. Engana-se aquele que cr\u00ea que a gl\u00f3ria de Deus \u00e9 revelada apenas aos homens considerados como de boa reputa\u00e7\u00e3o. Engana-se aquele que cr\u00ea que a gl\u00f3ria de Deus \u00e9 revelada apenas nos lugares festivos e repletos de pessoas abastadas. Pelo contr\u00e1rio, s\u00e3o muitas vezes os ambientes limpos e festivos, as pessoas de boa reputa\u00e7\u00e3o e abastadas quem excluem o Filho de Deus. O nascimento do Messias para esses torna-se uma amea\u00e7a ao seu poder e \u00e0 sua gl\u00f3ria. Por isso, foi que Ele \u201cveio para o que era seu, e os seus n\u00e3o o receberam\u201d (Jo 1.11). Foi por essa raz\u00e3o que Herodes, o rei, procurou \u201co menino para o matar\u201d (Mt 2.13c).<\/p>\n<p>A gl\u00f3ria de Deus n\u00e3o tem compromisso com a gl\u00f3ria dos homens. A gl\u00f3ria de Deus \u00e9 s\u00f3 de Deus. Sendo assim n\u00e3o escolhe lugar, hora ou pessoas, segundo os crit\u00e9rios de um mundo ca\u00eddo. Estende-se a todos, n\u00e3o \u00e9 excludente e pode ser contemplada por todo aquele que se abre para a realidade viva de Cristo Jesus em sua vida.<\/p>\n<p>O Filho de Deus nasceu e habitou entre n\u00f3s, cheio de gra\u00e7a e verdade. Que esse sentido profundo e transformador do natal nos alcance a todos. E assim vejamos a gl\u00f3ria de Deus, atrav\u00e9s do Seu amor eterno demonstrado pelo homem em Jesus Cristo.<\/p>\n<p>Feliz Natal!<\/p>\n","protected":false},"excerpt":{"rendered":"<p>Nasce Jesus! Deus irrompe a esfera limitada, \u00e0 qual estamos sujeitos, e nos presenteia com seu Filho unig\u00eanito. O Verbo eterno se encarna e habita entre n\u00f3s. Em um dia determinado e em um lugar determinado, na cidade de Bel\u00e9m, como j\u00e1 havia sido previsto pelo profeta Miqu\u00e9ias, um beb\u00ea nasce revelando ao mundo a [&#8230;]<\/p>\n","protected":false},"author":9,"featured_media":0,"comment_status":"open","ping_status":"open","sticky":false,"template":"","format":"standard","meta":{"footnotes":""},"categories":[114],"tags":[147,82],"class_list":["post-1019","post","type-post","status-publish","format-standard","hentry","category-artigos","tag-jesus-cristo","tag-natal"],"_links":{"self":[{"href":"https:\/\/ultimato.com.br\/sites\/carlinhosveiga\/wp-json\/wp\/v2\/posts\/1019","targetHints":{"allow":["GET"]}}],"collection":[{"href":"https:\/\/ultimato.com.br\/sites\/carlinhosveiga\/wp-json\/wp\/v2\/posts"}],"about":[{"href":"https:\/\/ultimato.com.br\/sites\/carlinhosveiga\/wp-json\/wp\/v2\/types\/post"}],"author":[{"embeddable":true,"href":"https:\/\/ultimato.com.br\/sites\/carlinhosveiga\/wp-json\/wp\/v2\/users\/9"}],"replies":[{"embeddable":true,"href":"https:\/\/ultimato.com.br\/sites\/carlinhosveiga\/wp-json\/wp\/v2\/comments?post=1019"}],"version-history":[{"count":3,"href":"https:\/\/ultimato.com.br\/sites\/carlinhosveiga\/wp-json\/wp\/v2\/posts\/1019\/revisions"}],"predecessor-version":[{"id":1022,"href":"https:\/\/ultimato.com.br\/sites\/carlinhosveiga\/wp-json\/wp\/v2\/posts\/1019\/revisions\/1022"}],"wp:attachment":[{"href":"https:\/\/ultimato.com.br\/sites\/carlinhosveiga\/wp-json\/wp\/v2\/media?parent=1019"}],"wp:term":[{"taxonomy":"category","embeddable":true,"href":"https:\/\/ultimato.com.br\/sites\/carlinhosveiga\/wp-json\/wp\/v2\/categories?post=1019"},{"taxonomy":"post_tag","embeddable":true,"href":"https:\/\/ultimato.com.br\/sites\/carlinhosveiga\/wp-json\/wp\/v2\/tags?post=1019"}],"curies":[{"name":"wp","href":"https:\/\/api.w.org\/{rel}","templated":true}]}}