{"id":1012,"date":"2011-12-11T13:42:10","date_gmt":"2011-12-11T16:42:10","guid":{"rendered":"http:\/\/ultimato.com.br\/sites\/carlinhosveiga\/?p=1012"},"modified":"2011-12-11T13:42:10","modified_gmt":"2011-12-11T16:42:10","slug":"santa-folia-um-auto-de-natal","status":"publish","type":"post","link":"https:\/\/ultimato.com.br\/sites\/carlinhosveiga\/2011\/12\/11\/santa-folia-um-auto-de-natal\/","title":{"rendered":"Santa Folia &#8211; um auto de Natal"},"content":{"rendered":"<p>Segundo o site http:\/\/www.recantodasletras.com.br\/teorialiteraria\/204387 o \u201cAuto \u00e9 uma pe\u00e7a de teatro curta comumente em um ato (auto), cujo assunto pode ser religioso ou profano, s\u00e9rio ou c\u00f4mico. Os autos tinham a finalidade de divertir, de moralizar ou difundir a f\u00e9 crist\u00e3. No Brasil eram apresentados, na maioria das vezes, ao ar livre \u2013 em alguns, tinha a selva por cen\u00e1rio; noutros, ao estilo do teatro medieval, nos \u00e1trios das pequenas igrejas. O auto teve sua origem na pen\u00ednsula Ib\u00e9rica (Espanha\/Portugal) e foi muito utilizado na Idade M\u00e9dia. O mais antigo \u00e9 o auto de \u2018Los Reyes Magos\u2019, escrito talvez no s\u00e9culo XIII (&#8230;) O auto, no Brasil, foi cultivado pelo Padre Jos\u00e9 de Anchieta em seu trabalho de catequese. Modernamente, Ariano Suasuna nos deu o j\u00e1 popular \u2018Auto da Compadecida\u2019. O poeta modernista Joaquim Cardozo escreveu um belo auto de Natal, \u2018De uma Noite de Festa\u2019\u201d.<\/p>\n<p><a href=\"http:\/\/ultimato.com.br\/sites\/carlinhosveiga\/files\/2011\/12\/Santa-Folia12.jpg\"><img loading=\"lazy\" decoding=\"async\" class=\"alignleft size-medium wp-image-1013\" title=\"Santa-Folia[1]\" src=\"http:\/\/ultimato.com.br\/sites\/carlinhosveiga\/files\/2011\/12\/Santa-Folia12-225x300.jpg\" alt=\"\" width=\"225\" height=\"300\" srcset=\"https:\/\/ultimato.com.br\/sites\/carlinhosveiga\/files\/2011\/12\/Santa-Folia12-225x300.jpg 225w, https:\/\/ultimato.com.br\/sites\/carlinhosveiga\/files\/2011\/12\/Santa-Folia12-112x150.jpg 112w, https:\/\/ultimato.com.br\/sites\/carlinhosveiga\/files\/2011\/12\/Santa-Folia12.jpg 567w\" sizes=\"auto, (max-width: 225px) 100vw, 225px\" \/><\/a>O Auto de Natal que a Igreja Presbiteriana do Lago Norte produziu \u00e9 da autoria da Janice Gennari, quem tamb\u00e9m o dirige. Como os autos normalmente se utilizam da linguagem do povo \u2013 uma opereta popular \u2013 o nosso tem por nome \u201cSanta Folia\u201d, uma folia de reis composta por mim e gravada originalmente no CD Mata do Tumb\u00e1.<\/p>\n<p>Na pe\u00e7a, a personagem principal est\u00e1 extasiada diante de uma obra de arte. As cores e formas daquele quadro revelam sua ang\u00fastia existencial. Nesse \u00eaxtase, os personagens v\u00e3o saindo da moldura, um a um, e dialogando com aquela que contempla o quadro. O assunto, aos poucos, \u00e9 dirigido para as quest\u00f5es que atormentam a personagem e aponta para aquele que pode realizar a cura da ang\u00fastia humana por meio de um verdadeiro encontro, o Filho de Deus. Di\u00e1logo que convergem para o nascimento de Jesus.<\/p>\n<p>Essa \u00e9 a quarta pe\u00e7a de Natal produzida pela IPLN. O processo de cria\u00e7\u00e3o envolve muitas pessoas, de crian\u00e7as a adultos. As m\u00fasicas s\u00e3o de autoria dos pr\u00f3prios membros da igreja, assim como a cria\u00e7\u00e3o do cen\u00e1rio, dos figurinos, os m\u00fasicos, os t\u00e9cnicos de som e ilumina\u00e7\u00e3o, os apoiadores etc. \u00c9 sempre um projeto que marca muito a todos os participantes. Obviamente, um trabalho que exige envolvimento, e que, por isso, a cada ano \u00e9 constru\u00eddo com mais dificuldades.<\/p>\n<p>Deixo aqui minha palavra de gratid\u00e3o a todos os participantes desse auto de Natal. De maneira especial, o reconhecimento pelo trabalho do Minist\u00e9rio de M\u00fasica e Artes da IPLN, na pessoa da Janice Gennari, que coordena todo o projeto com extrema dedica\u00e7\u00e3o.<\/p>\n<p>Que Deus seja louvado nessa Santa Folia. Que sejamos despertados a louvar a Jesus nesse Natal, numa \u00e9poca onde cada vez mais se exalta a cultura do consumismo e da generosidade maquiada. Adoraremos a Jesus!<\/p>\n","protected":false},"excerpt":{"rendered":"<p>Segundo o site http:\/\/www.recantodasletras.com.br\/teorialiteraria\/204387 o \u201cAuto \u00e9 uma pe\u00e7a de teatro curta comumente em um ato (auto), cujo assunto pode ser religioso ou profano, s\u00e9rio ou c\u00f4mico. Os autos tinham a finalidade de divertir, de moralizar ou difundir a f\u00e9 crist\u00e3. No Brasil eram apresentados, na maioria das vezes, ao ar livre \u2013 em alguns, [&#8230;]<\/p>\n","protected":false},"author":9,"featured_media":0,"comment_status":"open","ping_status":"open","sticky":false,"template":"","format":"standard","meta":{"footnotes":""},"categories":[114],"tags":[11331,11335,82,11334],"class_list":["post-1012","post","type-post","status-publish","format-standard","hentry","category-artigos","tag-auto-de-natal","tag-ipln","tag-natal","tag-santa-louvacao"],"_links":{"self":[{"href":"https:\/\/ultimato.com.br\/sites\/carlinhosveiga\/wp-json\/wp\/v2\/posts\/1012","targetHints":{"allow":["GET"]}}],"collection":[{"href":"https:\/\/ultimato.com.br\/sites\/carlinhosveiga\/wp-json\/wp\/v2\/posts"}],"about":[{"href":"https:\/\/ultimato.com.br\/sites\/carlinhosveiga\/wp-json\/wp\/v2\/types\/post"}],"author":[{"embeddable":true,"href":"https:\/\/ultimato.com.br\/sites\/carlinhosveiga\/wp-json\/wp\/v2\/users\/9"}],"replies":[{"embeddable":true,"href":"https:\/\/ultimato.com.br\/sites\/carlinhosveiga\/wp-json\/wp\/v2\/comments?post=1012"}],"version-history":[{"count":2,"href":"https:\/\/ultimato.com.br\/sites\/carlinhosveiga\/wp-json\/wp\/v2\/posts\/1012\/revisions"}],"predecessor-version":[{"id":1015,"href":"https:\/\/ultimato.com.br\/sites\/carlinhosveiga\/wp-json\/wp\/v2\/posts\/1012\/revisions\/1015"}],"wp:attachment":[{"href":"https:\/\/ultimato.com.br\/sites\/carlinhosveiga\/wp-json\/wp\/v2\/media?parent=1012"}],"wp:term":[{"taxonomy":"category","embeddable":true,"href":"https:\/\/ultimato.com.br\/sites\/carlinhosveiga\/wp-json\/wp\/v2\/categories?post=1012"},{"taxonomy":"post_tag","embeddable":true,"href":"https:\/\/ultimato.com.br\/sites\/carlinhosveiga\/wp-json\/wp\/v2\/tags?post=1012"}],"curies":[{"name":"wp","href":"https:\/\/api.w.org\/{rel}","templated":true}]}}