{"id":1002,"date":"2011-12-09T18:47:43","date_gmt":"2011-12-09T21:47:43","guid":{"rendered":"http:\/\/ultimato.com.br\/sites\/carlinhosveiga\/?p=1002"},"modified":"2020-04-09T10:23:12","modified_gmt":"2020-04-09T13:23:12","slug":"roberto-diamanso-no-autorretrato","status":"publish","type":"post","link":"https:\/\/ultimato.com.br\/sites\/carlinhosveiga\/2011\/12\/09\/roberto-diamanso-no-autorretrato\/","title":{"rendered":"Roberto Diamanso no Autorretrato"},"content":{"rendered":"<p>Para o poeta e cantador Roberto Diamanso, \u201ca poesia \u00e9 um estilo de vida; \u00e9 algo que inspira sentimento de beleza\u201d. Assim vive o menestrel, tornando a nossa vida mais bela e mais plena atrav\u00e9s da concatena\u00e7\u00e3o de id\u00e9ias expressas por meio de palavras que emocionam, enlevadas por meio de sons de sua viola e seu viol\u00e3o. Diamanso diz que n\u00e3o sabe tocar, que n\u00e3o conhece acordes \u2013 faz apenas posi\u00e7\u00f5es nos bra\u00e7os da viola; diz que n\u00e3o \u00e9 m\u00fasico, apenas cantador; n\u00e3o \u00e9 profissional, mas apenas um amador que segue produzindo sua arte pelo amor. Um artista inigual\u00e1vel que transpira brasilidade e as marcas de sua cidadania do Reino de Deus.<\/p>\n<p>Pois bem, Diamanso foi entrevistado por M\u00e1rio Vallad\u00e3o no programa \u201cAutorretrato da m\u00fasica crist\u00e3 brasileira\u201d, produzido pela TV Mackenzie. Esse programa \u00e9 gravado na pr\u00f3pria Universidade Mackenzie, em S\u00e3o Paulo. Por ali j\u00e1 passaram Daniel Maia e Jorge Camargo. Outros artistas j\u00e1 foram gravados e em breve tamb\u00e9m estar\u00e3o por l\u00e1. O programa vai ar ao por emissoras de TV Digital aberta na cidade de S\u00e3o Paulo, mas tamb\u00e9m pode ser visto na internet, por meio da p\u00e1gina \u201cAutorretrato\u201d no YouTube.<\/p>\n<p>Assista o programa gravado com Roberto Diamanso. Aproveite e visite os demais \u201cAutorretratos\u201d, do amigo M\u00e1rio Vallad\u00e3o.<\/p>\n<p><iframe loading=\"lazy\" src=\"https:\/\/www.youtube.com\/embed\/bVt0ktVwiNI\" width=\"560\" height=\"315\" frameborder=\"0\" allowfullscreen=\"allowfullscreen\"><\/iframe><\/p>\n","protected":false},"excerpt":{"rendered":"<p>Para o poeta e cantador Roberto Diamanso, \u201ca poesia \u00e9 um estilo de vida; \u00e9 algo que inspira sentimento de beleza\u201d. Assim vive o menestrel, tornando a nossa vida mais bela e mais plena atrav\u00e9s da concatena\u00e7\u00e3o de id\u00e9ias expressas por meio de palavras que emocionam, enlevadas por meio de sons de sua viola e [&#8230;]<\/p>\n","protected":false},"author":9,"featured_media":0,"comment_status":"open","ping_status":"open","sticky":false,"template":"","format":"standard","meta":{"footnotes":""},"categories":[116],"tags":[11329,6439,11330,159,163,6432],"class_list":["post-1002","post","type-post","status-publish","format-standard","hentry","category-blog","tag-autorretrato","tag-mackenzie","tag-mario-valladao","tag-poeta","tag-roberto-diamanso","tag-tv"],"_links":{"self":[{"href":"https:\/\/ultimato.com.br\/sites\/carlinhosveiga\/wp-json\/wp\/v2\/posts\/1002","targetHints":{"allow":["GET"]}}],"collection":[{"href":"https:\/\/ultimato.com.br\/sites\/carlinhosveiga\/wp-json\/wp\/v2\/posts"}],"about":[{"href":"https:\/\/ultimato.com.br\/sites\/carlinhosveiga\/wp-json\/wp\/v2\/types\/post"}],"author":[{"embeddable":true,"href":"https:\/\/ultimato.com.br\/sites\/carlinhosveiga\/wp-json\/wp\/v2\/users\/9"}],"replies":[{"embeddable":true,"href":"https:\/\/ultimato.com.br\/sites\/carlinhosveiga\/wp-json\/wp\/v2\/comments?post=1002"}],"version-history":[{"count":2,"href":"https:\/\/ultimato.com.br\/sites\/carlinhosveiga\/wp-json\/wp\/v2\/posts\/1002\/revisions"}],"predecessor-version":[{"id":1795,"href":"https:\/\/ultimato.com.br\/sites\/carlinhosveiga\/wp-json\/wp\/v2\/posts\/1002\/revisions\/1795"}],"wp:attachment":[{"href":"https:\/\/ultimato.com.br\/sites\/carlinhosveiga\/wp-json\/wp\/v2\/media?parent=1002"}],"wp:term":[{"taxonomy":"category","embeddable":true,"href":"https:\/\/ultimato.com.br\/sites\/carlinhosveiga\/wp-json\/wp\/v2\/categories?post=1002"},{"taxonomy":"post_tag","embeddable":true,"href":"https:\/\/ultimato.com.br\/sites\/carlinhosveiga\/wp-json\/wp\/v2\/tags?post=1002"}],"curies":[{"name":"wp","href":"https:\/\/api.w.org\/{rel}","templated":true}]}}