{"id":995,"date":"2022-07-21T14:30:35","date_gmt":"2022-07-21T17:30:35","guid":{"rendered":"https:\/\/ultimato.com.br\/sites\/caminhosdamissao\/?p=995"},"modified":"2022-07-25T13:06:21","modified_gmt":"2022-07-25T16:06:21","slug":"meu-estagio-obrigatorio-se-transformou-em-uma-grande-experiencia-missionaria","status":"publish","type":"post","link":"https:\/\/ultimato.com.br\/sites\/caminhosdamissao\/2022\/07\/21\/meu-estagio-obrigatorio-se-transformou-em-uma-grande-experiencia-missionaria\/","title":{"rendered":"Meu est\u00e1gio obrigat\u00f3rio se transformou em uma grande experi\u00eancia mission\u00e1ria"},"content":{"rendered":"<p><em>Por Ultimatoonline<\/em><\/p>\n<p>&nbsp;<\/p>\n<p><img loading=\"lazy\" decoding=\"async\" class=\"alignright wp-image-1005\" src=\"https:\/\/ultimato.com.br\/sites\/caminhosdamissao\/files\/2022\/07\/imag_cdm_eliabe.jpg\" alt=\"\" width=\"350\" height=\"233\" srcset=\"https:\/\/ultimato.com.br\/sites\/caminhosdamissao\/files\/2022\/07\/imag_cdm_eliabe.jpg 800w, https:\/\/ultimato.com.br\/sites\/caminhosdamissao\/files\/2022\/07\/imag_cdm_eliabe-300x200.jpg 300w, https:\/\/ultimato.com.br\/sites\/caminhosdamissao\/files\/2022\/07\/imag_cdm_eliabe-768x512.jpg 768w, https:\/\/ultimato.com.br\/sites\/caminhosdamissao\/files\/2022\/07\/imag_cdm_eliabe-732x488.jpg 732w\" sizes=\"auto, (max-width: 350px) 100vw, 350px\" \/><\/p>\n<p>O belo-horizontino Eliabe Silva de Abreu concedeu esta entrevista ao blog Caminhos da Miss\u00e3o. Descubra como este jovem de 23 anos aliou sua futura <a href=\"https:\/\/ultimato.com.br\/sites\/caminhosdamissao\/2022\/07\/12\/vocacao-profissao-e-missao\/\">profiss\u00e3o<\/a> com uma oportunidade no campo mission\u00e1rio em um pa\u00eds da <a href=\"https:\/\/www.ultimato.com.br\/conteudo\/das-montanhas-da-asia-para-o-vale-do-paraiba\">\u00c1sia<\/a>, antes de se formar m\u00e9dico, o que vai acontecer no m\u00eas de agosto.<\/p>\n<p>&nbsp;<\/p>\n<p><strong>De onde vem o desejo de trabalhar em miss\u00f5es com a sua profiss\u00e3o?<\/strong><\/p>\n<p>Esse \u00e9 um desejo antigo. Eu poderia dizer at\u00e9 que \u00e9 um \u201csonho de crian\u00e7a\u201d. Sempre me vi movido por Deus em dire\u00e7\u00e3o \u00e0 a\u00e7\u00e3o dele em campos transculturais. Eu me lembro de ser impulsionado, em todos os cultos de miss\u00f5es da minha igreja de inf\u00e2ncia, a me entregar a Deus para isso. Quando a certeza de que medicina era a minha voca\u00e7\u00e3o foi se consolidando, sempre esteve em minha mente ir a lugares distantes e servir com a profiss\u00e3o. Inclusive, eu falava que queria que a minha primeira viagem internacional n\u00e3o fosse \u00e0 Europa ou aos EUA, mas a algum pa\u00eds em desenvolvimento (na \u00e9poca, eu s\u00f3 pensava no continente africano). Bom, aqui estou eu; n\u00e3o fui \u00e0 <a href=\"https:\/\/www.ultimato.com.br\/conteudo\/jovens-cristaos-embarcam-para-africa-em-missao-humanitaria-com-meninos-escravizados\">\u00c1frica<\/a>, mas a um pa\u00eds vulner\u00e1vel de forma similar.<\/p>\n<p>&nbsp;<\/p>\n<p><strong>Como voc\u00ea conheceu o programa <em>On Track <\/em>da ag\u00eancia Interserve e como surgiu a ideia de participar do programa?<\/strong><\/p>\n<p>Eu conheci o programa <em><a href=\"https:\/\/interserve.org.br\/como-ir\/#sec_ontra\">On Track<\/a><\/em> em uma palestra online promovida pela <a href=\"https:\/\/www.google.com\/url?sa=t&amp;rct=j&amp;q=&amp;esrc=s&amp;source=web&amp;cd=&amp;cad=rja&amp;uact=8&amp;ved=2ahUKEwj1oKqrt_v4AhWTrJUCHYicCssQFnoECAQQAQ&amp;url=https%3A%2F%2Fwww.ultimato.com.br%2Fconteudo%2Fabub-nordeste-promove-2-encontrao-de-geracoes&amp;usg=AOvVaw2KWZGesJnztG4VlNzbZp8z\">Alian\u00e7a B\u00edblica Universit\u00e1ria<\/a> de Juiz de Fora que abordava a integra\u00e7\u00e3o da voca\u00e7\u00e3o profissional e voca\u00e7\u00e3o ministerial. Fiquei muito empolgado desde ent\u00e3o!<\/p>\n<p>Eu j\u00e1 estava planejando ir em miss\u00e3o a um <a href=\"https:\/\/ultimato.com.br\/sites\/caminhosdamissao\/2022\/03\/11\/diospi-suyana-saude-e-esperanca-no-peru\/\">hospital<\/a> no Nepal por recomenda\u00e7\u00e3o de um amigo meu com quem trabalhei na miss\u00e3o estudantil (na \u00e9poca, Alian\u00e7a B\u00edblica de Secundaristas de BH). Ele fez uma visita ao hospital durante uma viagem \u00e0 \u00cdndia e me incentivou muito a viver essa experi\u00eancia. Cheguei a fazer contato com a coordenadora do hospital e j\u00e1 estava vislumbrando essa viagem. Depois de um tempo, eu participei daquela palestra online e descobri que a <a href=\"https:\/\/interserve.org.br\/\">Interserve<\/a> tinha parceria com esse hospital! Come\u00e7amos ent\u00e3o a conversar de forma mais oficial e, pela vontade de Deus, fui a um outro pa\u00eds, mas foi dessa forma que tudo come\u00e7ou.<\/p>\n<p>&nbsp;<\/p>\n<p><strong>\u00c9 verdade que voc\u00ea ainda vai conseguir aliar a experi\u00eancia transcultural de curto prazo com o est\u00e1gio obrigat\u00f3rio da sua gradua\u00e7\u00e3o? Como isso foi poss\u00edvel?<\/strong><\/p>\n<p>Sim, \u00e9 verdade! Na grade curricular da minha gradua\u00e7\u00e3o, h\u00e1 um est\u00e1gio obrigat\u00f3rio no final do curso em que os alunos podem escolher onde e o que fazer, de acordo com a \u00e1rea de interesse. N\u00e3o sei se essa modalidade \u00e9 comum em outros cursos e, ou em outras faculdades; vale a pena conferir. Ent\u00e3o, conversei com os departamentos respons\u00e1veis e confirmei que haveria essa possibilidade \u2013 no meu caso, fazer um \u201cmedical elective\u201d fora do Brasil, e ser validado como parte da minha carga hor\u00e1ria obrigat\u00f3ria. Dessa forma, eu pude escolher fazer esse est\u00e1gio que, com toda certeza, impactou a minha vis\u00e3o da assist\u00eancia m\u00e9dica e me formou de forma \u00fanica, sendo, inclusive, importante na defini\u00e7\u00e3o dos passos a serem seguidos ap\u00f3s a minha formatura.<\/p>\n<p><a href=\"https:\/\/www.ultimato.com.br\/loja\/produtos\/a-missao-da-igreja-hoje\"><img loading=\"lazy\" decoding=\"async\" class=\"aligncenter wp-image-997 size-full\" src=\"https:\/\/ultimato.com.br\/sites\/caminhosdamissao\/files\/2022\/07\/bannerB_amdih.gif\" alt=\"\" width=\"728\" height=\"90\" \/><\/a><\/p>\n<p><strong>O que voc\u00ea diria a outros jovens como voc\u00ea, tamb\u00e9m estudantes, sobre aliar miss\u00e3o e forma\u00e7\u00e3o acad\u00eamica?<\/strong><\/p>\n<p>\u201cN\u00e3o dicotomizem aquilo que, para Deus, \u00e9 indissoci\u00e1vel\u201d. Muitas vezes, a gente se pergunta: \u201ccomo posso integrar a minha profiss\u00e3o e a minha <a href=\"https:\/\/www.ultimato.com.br\/conteudo\/como-descobrir-a-vocacao\">voca\u00e7\u00e3o<\/a>?\u201d. Mas a quest\u00e3o \u00e9: onde foi que n\u00f3s dissociamos essa realidade? N\u00f3s temos sido fortemente influenciados pela nossa sociedade e, falando em termos b\u00edblicos, deixado que Mamom direcione nossas decis\u00f5es profissionais. O grande ponto \u00e9 que n\u00f3s n\u00e3o podemos servir a dois senhores \u2013 se a remunera\u00e7\u00e3o financeira define de forma \u00faltima o que eu fa\u00e7o com o meu diploma, n\u00e3o h\u00e1 espa\u00e7o para o servi\u00e7o ao Senhor. Se n\u00f3s somos salvos, somos \u201cpropriedade exclusiva de Deus, a fim de [proclamarmos] as virtudes daquele que [nos] chamou das trevas para a sua maravilhosa luz\u201d (1Pe 2.9).<\/p>\n<p>O <a href=\"https:\/\/www.ultimato.com.br\/conteudo\/o-chamado-comeca-na-empatia\">chamado mission\u00e1rio<\/a> \u00e9 estendido a todos os crentes. N\u00f3s, como Igreja, chegamos ao entendimento de que glorificar a Deus com o nosso trabalho n\u00e3o \u00e9 apenas usar dele como oportunidade para anunciar o evangelho \u2013 se bem que n\u00e3o podemos perder de vista essa dimens\u00e3o. E, al\u00e9m disso, quando n\u00f3s clamamos \u201cMaranata, ora vem, Senhor Jesus!\u201d, n\u00f3s nos inclu\u00edmos no movimento de Deus de fazer o nome dele conhecido entre todos os povos at\u00e9 que, ent\u00e3o, venha o fim. Como li em um livro, esperan\u00e7a escatol\u00f3gica sem <a href=\"https:\/\/www.ultimato.com.br\/conteudo\/para-que-o-mundo-creia\">obedi\u00eancia mission\u00e1ria<\/a> \u00e9 uma completa incoer\u00eancia. Precisamos pedir ao Senhor que coloque em n\u00f3s o amor que ele tem pelos povos n\u00e3o alcan\u00e7ados e, se reconhecermos que esse \u00e9 o direcionamento que ele nos d\u00e1, tomarmos a nossa cruz, negar-nos a n\u00f3s mesmos e segui-lo.<\/p>\n<p>&nbsp;<\/p>\n<p><strong><img loading=\"lazy\" decoding=\"async\" class=\"alignright wp-image-1002\" src=\"https:\/\/ultimato.com.br\/sites\/caminhosdamissao\/files\/2022\/07\/IMG_4852.jpg\" alt=\"\" width=\"225\" height=\"300\" srcset=\"https:\/\/ultimato.com.br\/sites\/caminhosdamissao\/files\/2022\/07\/IMG_4852.jpg 1000w, https:\/\/ultimato.com.br\/sites\/caminhosdamissao\/files\/2022\/07\/IMG_4852-225x300.jpg 225w, https:\/\/ultimato.com.br\/sites\/caminhosdamissao\/files\/2022\/07\/IMG_4852-768x1024.jpg 768w, https:\/\/ultimato.com.br\/sites\/caminhosdamissao\/files\/2022\/07\/IMG_4852-732x976.jpg 732w\" sizes=\"auto, (max-width: 225px) 100vw, 225px\" \/>E sobre o <em>On Track <\/em>e todo o processo para participar? Como foi isso pra voc\u00ea?<\/strong><\/p>\n<p>Foi um processo de ser moldado por Deus em muitas \u00e1reas da minha vida, algumas at\u00e9 que podemos pensar que n\u00e3o tem a ver com a miss\u00e3o. Tenho visto a provis\u00e3o de Deus de forma especial, n\u00e3o apenas financeira, mas nos joelhos de tanta gente que orou comigo. Como disse o diretor do hospital aonde eu fui, eu n\u00e3o deveria me preocupar com as atividades que ia desenvolver naquele pa\u00eds. N\u00e3o tive a inten\u00e7\u00e3o de inovar (n\u00e3o tenho experi\u00eancia suficiente para isso). A minha preocupa\u00e7\u00e3o foi ir e estar atento \u00e0 <a href=\"https:\/\/www.ultimato.com.br\/revista\/artigos\/394\/ouvindo-o-deus-que-fala\">voz de Deus<\/a>, ao que ele me falasse durante essas sete semanas. N\u00e3o tenho d\u00favidas de que ele falou. Pe\u00e7o, apenas, que orem comigo, para que meus ouvidos estejam atentos e meu cora\u00e7\u00e3o, disposto.<\/p>\n<p>&nbsp;<\/p>\n<p><strong>Saiba mais:<\/strong><\/p>\n<p>\u00bb <a href=\"https:\/\/www.ultimato.com.br\/conteudo\/vem-ai-a-edicao-2022-do-encontro-para-filhos-de-missionarios-transculturais#missionario\">Vem a\u00ed a edi\u00e7\u00e3o 2022 do Encontro Para Filhos de Mission\u00e1rios Transculturais<\/a><br \/>\n\u00bb <a href=\"https:\/\/www.ultimato.com.br\/conteudo\/verdades-que-nao-podemos-ignorar-entenda-do-que-trata-o-tema-do-congresso-brasileiro-de-missoes-2022#missionario\">Verdades que n\u00e3o podemos ignorar: entenda do que trata o tema do Congresso Brasileiro de Miss\u00f5es 2022<\/a><br \/>\n\u00bb <a href=\"https:\/\/www.ultimato.com.br\/loja\/produtos\/repensando-a-missao-na-igreja-local\">Repensando a Miss\u00e3o na Igreja Local<\/a><\/p>\n","protected":false},"excerpt":{"rendered":"<p>Por Ultimatoonline &nbsp; O belo-horizontino Eliabe Silva de Abreu concedeu esta entrevista ao blog Caminhos da Miss\u00e3o. Descubra como este jovem de 23 anos aliou sua futura profiss\u00e3o com uma oportunidade no campo mission\u00e1rio em um pa\u00eds da \u00c1sia, antes de se formar m\u00e9dico, o que vai acontecer no m\u00eas de agosto. &nbsp; De onde [&hellip;]<\/p>\n","protected":false},"author":21,"featured_media":0,"comment_status":"open","ping_status":"open","sticky":false,"template":"","format":"standard","meta":{"footnotes":""},"categories":[116],"tags":[],"class_list":["post-995","post","type-post","status-publish","format-standard","hentry","category-blog"],"_links":{"self":[{"href":"https:\/\/ultimato.com.br\/sites\/caminhosdamissao\/wp-json\/wp\/v2\/posts\/995","targetHints":{"allow":["GET"]}}],"collection":[{"href":"https:\/\/ultimato.com.br\/sites\/caminhosdamissao\/wp-json\/wp\/v2\/posts"}],"about":[{"href":"https:\/\/ultimato.com.br\/sites\/caminhosdamissao\/wp-json\/wp\/v2\/types\/post"}],"author":[{"embeddable":true,"href":"https:\/\/ultimato.com.br\/sites\/caminhosdamissao\/wp-json\/wp\/v2\/users\/21"}],"replies":[{"embeddable":true,"href":"https:\/\/ultimato.com.br\/sites\/caminhosdamissao\/wp-json\/wp\/v2\/comments?post=995"}],"version-history":[{"count":7,"href":"https:\/\/ultimato.com.br\/sites\/caminhosdamissao\/wp-json\/wp\/v2\/posts\/995\/revisions"}],"predecessor-version":[{"id":1008,"href":"https:\/\/ultimato.com.br\/sites\/caminhosdamissao\/wp-json\/wp\/v2\/posts\/995\/revisions\/1008"}],"wp:attachment":[{"href":"https:\/\/ultimato.com.br\/sites\/caminhosdamissao\/wp-json\/wp\/v2\/media?parent=995"}],"wp:term":[{"taxonomy":"category","embeddable":true,"href":"https:\/\/ultimato.com.br\/sites\/caminhosdamissao\/wp-json\/wp\/v2\/categories?post=995"},{"taxonomy":"post_tag","embeddable":true,"href":"https:\/\/ultimato.com.br\/sites\/caminhosdamissao\/wp-json\/wp\/v2\/tags?post=995"}],"curies":[{"name":"wp","href":"https:\/\/api.w.org\/{rel}","templated":true}]}}