{"id":978,"date":"2022-07-12T00:00:27","date_gmt":"2022-07-12T03:00:27","guid":{"rendered":"https:\/\/ultimato.com.br\/sites\/caminhosdamissao\/?p=978"},"modified":"2022-07-20T10:31:42","modified_gmt":"2022-07-20T13:31:42","slug":"vocacao-profissao-e-missao","status":"publish","type":"post","link":"https:\/\/ultimato.com.br\/sites\/caminhosdamissao\/2022\/07\/12\/vocacao-profissao-e-missao\/","title":{"rendered":"Voca\u00e7\u00e3o, profiss\u00e3o e miss\u00e3o"},"content":{"rendered":"<p><em>Por M\u00f4nica Mesquita<\/em><\/p>\n<p><a href=\"https:\/\/www.ultimato.com.br\/conteudo\/missionario-e-premiado-por-atuacao-como-medico-no-burundi\">Medicina<\/a><img loading=\"lazy\" decoding=\"async\" class=\"wp-image-999 size-medium alignright\" title=\"Quino Al | Unsplash.com\" src=\"https:\/\/ultimato.com.br\/sites\/caminhosdamissao\/files\/2022\/07\/capa_vocacionados-no-boletim-jovem-300x224.jpg\" alt=\"\" width=\"300\" height=\"224\" srcset=\"https:\/\/ultimato.com.br\/sites\/caminhosdamissao\/files\/2022\/07\/capa_vocacionados-no-boletim-jovem-300x224.jpg 300w, https:\/\/ultimato.com.br\/sites\/caminhosdamissao\/files\/2022\/07\/capa_vocacionados-no-boletim-jovem-1024x765.jpg 1024w, https:\/\/ultimato.com.br\/sites\/caminhosdamissao\/files\/2022\/07\/capa_vocacionados-no-boletim-jovem-768x573.jpg 768w, https:\/\/ultimato.com.br\/sites\/caminhosdamissao\/files\/2022\/07\/capa_vocacionados-no-boletim-jovem-732x547.jpg 732w, https:\/\/ultimato.com.br\/sites\/caminhosdamissao\/files\/2022\/07\/capa_vocacionados-no-boletim-jovem-1140x851.jpg 1140w, https:\/\/ultimato.com.br\/sites\/caminhosdamissao\/files\/2022\/07\/capa_vocacionados-no-boletim-jovem.jpg 1492w\" sizes=\"auto, (max-width: 300px) 100vw, 300px\" \/>, enfermagem, odontologia\u2026 essas <a href=\"https:\/\/www.ultimato.com.br\/conteudo\/e-possivel-transformar-a-profissao-em-ministerio\">profiss\u00f5es<\/a> s\u00e3o muito bem-vindas ao campo mission\u00e1rio. Pronto? Acabou? N\u00e3o!!! Na <a href=\"https:\/\/ultimato.com.br\/sites\/caminhosdamissao\/2022\/03\/11\/diospi-suyana-saude-e-esperanca-no-peru\/\">\u00e1rea da sa\u00fade<\/a>, ainda s\u00e3o muito bem-vindos os nutricionistas, terapeutas ocupacionais, psic\u00f3logos, prot\u00e9ticos, socorristas, farmac\u00eauticos, parteiras, fisioterapeutas, acupunturistas, dentre tantos outros.<\/p>\n<p>Ocorre que os profissionais de sa\u00fade n\u00e3o s\u00e3o os \u00fanicos bem-vindos ao campo mission\u00e1rio e nem t\u00e3o pouco ocupam um lugar de elite. H\u00e1 outros <a href=\"https:\/\/www.ultimato.com.br\/conteudo\/profissionais-em-missao\">profissionais<\/a> que possuem livre tr\u00e2nsito nessa \u00e1rea e que s\u00e3o t\u00e3o importantes quanto.<\/p>\n<p>Um tempo atr\u00e1s, aconselhando uma jovem garota num congresso de juventude, deparei-me com uma ang\u00fastia em seu cora\u00e7\u00e3o \u201cPena que estou fazendo veterin\u00e1ria, pois uma pessoa me disse que isso n\u00e3o tem nada a ver com miss\u00f5es\u2026 mas eu amo ser veterin\u00e1ria!\u201d Ledo engano! Quem disse \u00e0quela mo\u00e7a que ela n\u00e3o pode ser uma mission\u00e1ria e veterin\u00e1ria ao mesmo tempo? H\u00e1 \u201cn\u201d oportunidades em todo o mundo para se atuar nessa \u00e1rea.<\/p>\n<p>O que dir\u00e1 dos engenheiros? Civis, el\u00e9tricos, mec\u00e2nicos, de alimentos e outros? E os profissionais de inform\u00e1tica? TIs, programadores, processadores de dados e outros mais? E os diagramadores e designers ent\u00e3o?! Como s\u00e3o bem-vindos em miss\u00f5es.<\/p>\n<p>Professores\u2026ah os professores. Sejam de portugu\u00eas, ingl\u00eas, franc\u00eas, alem\u00e3o, espanhol, \u00e1rabe, mandarim\u2026 Todos t\u00eam o seu lugar em miss\u00f5es.<\/p>\n<p>Da\u00ed surgem outros profissionais: bi\u00f3logos, ge\u00f3grafos, historiadores, agr\u00f4nomos, administradores, educadores f\u00edsicos, pedagogos, advogados, jornalistas, tradutores.<\/p>\n<p>H\u00e1 v\u00e1rios anos, sabemos de \u00b4vagas\u00b4 em campos mission\u00e1rios, que continuam \u00b4abertas\u00b4 por total falta de quem sirva como: motoristas de caminh\u00e3o, cuidadores de idosos, eletricistas, gastr\u00f4nomos, revisores de texto, linguistas, padeiros, carpinteiros, encanadores, pilotos de barco, motoristas de \u00f4nibus, taxistas, artes\u00e3os de toda ordem, jardineiros, cozinheiros, t\u00e9cnicos em eletr\u00f4nica, costureiras, radialistas, m\u00fasicos, contadores, economistas, e por a\u00ed vai. A lista n\u00e3o tem fim.<\/p>\n<p><a href=\"https:\/\/www.ultimato.com.br\/loja\/produtos\/todos-somos-vocacionados\"><img loading=\"lazy\" decoding=\"async\" class=\"aligncenter wp-image-979 size-full\" title=\"Todos Somos Vocacionados [EBOOK]\" src=\"https:\/\/ultimato.com.br\/sites\/caminhosdamissao\/files\/2022\/07\/bannerB_vocacionados.gif\" alt=\"\" width=\"728\" height=\"90\" \/><\/a><\/p>\n<p>Em 2006, numa palestra durante o <a href=\"https:\/\/www.comibam.org\/pt\/\">COMIBAM<\/a>, na cidade de Granada, na Espanha, soube de um comerciante que abriu uma lavanderia bem r\u00fastica, por\u00e9m extremamente contextualizada, numa periferia de uma grande cidade da \u00cdndia, e h\u00e1 v\u00e1rios anos aquele vinha sendo um campo mission\u00e1rio de fertilidade incontest\u00e1vel, tanto para os clientes quanto para os funcion\u00e1rios e a comunidade em geral.<\/p>\n<p>O que quero dizer com tudo isso? N\u00e3o h\u00e1 profiss\u00e3o com a qual n\u00e3o se possa servir em miss\u00f5es!<\/p>\n<p>Voc\u00ea \u00e9 um qu\u00edmico? Um f\u00edsico? Um astr\u00f4nomo? Um fil\u00f3sofo? Um roteirista de cinema? Um <em>camera man<\/em>? Um especialista em som e\/ou imagem? Se somos crist\u00e3os, novas criaturas que seguem rumo ao pr\u00eamio da soberana <a href=\"https:\/\/www.ultimato.com.br\/conteudo\/preparo-profissional-para-servir-em-campos-de-acesso-restrito\">voca\u00e7\u00e3o<\/a>, e cremos, inequivocamente, na soberania de Deus, devemos estar certos que foi Ele quem governou a nossa vida, dirigiu nossos passos e nos proporcionou a forma\u00e7\u00e3o que tivemos. Se isso foi antes da nossa convers\u00e3o, ainda assim Ele foi soberano!<\/p>\n<p>Tudo que precisamos \u00e9 nos dispor em suas santas m\u00e3os, em humildade, submiss\u00e3o e total depend\u00eancia, e buscar n\u2019Ele como podemos servi-Lo com a nossa profiss\u00e3o.<\/p>\n<p>\u201c\u00c9 isso que queremos, Senhor, servi-lo com o melhor de n\u00f3s naquilo que o Senhor definiu muito bem, desde antes da funda\u00e7\u00e3o do mundo.\u201d<\/p>\n<p>M\u00f4nica de Mesquita, mission\u00e1ria na Base da Ag\u00eancia Presbiteriana de Miss\u00f5es Transculturais (APMT).<\/p>\n<p>Reproduzido com site <a href=\"http:\/\/www.radarmissionario.org\/208557-2\/\">Radar Mission\u00e1rio<\/a>, com permiss\u00e3o da autora.<\/p>\n<blockquote><p><strong><a href=\"https:\/\/www.ultimato.com.br\/revista\/\"><img loading=\"lazy\" decoding=\"async\" class=\"alignleft wp-image-981 size-full\" src=\"https:\/\/ultimato.com.br\/sites\/caminhosdamissao\/files\/2022\/07\/show_img.jpg\" alt=\"\" width=\"160\" height=\"210\" \/><\/a><\/strong><\/p>\n<p><strong>OS CRIST\u00c3OS E O BEM COMUM \u2013 O QUE FAZ A VIDA SER BOA PARA TODOS? (JR 29.7) | REVISTA ULTIMATO<\/strong><\/p>\n<div>O subt\u00edtulo da mat\u00e9ria de capa traz uma pergunta crucial: o que faz a vida ser boa para todos? A pergunta \u00e9 crucial pelas respostas, mas tamb\u00e9m \u2013 e antes de tudo \u2013 por causa daqueles que fazem a pergunta. Quem faz este tipo de pergunta pensa al\u00e9m de si e de sua \u201ctribo\u201d.<\/div>\n<div><\/div>\n<div>\u00c9 disso que trata a mat\u00e9ria de capa da edi\u00e7\u00e3o de\u00a0<a href=\"https:\/\/www.ultimato.com.br\/revista\/396\" target=\"_blank\" rel=\"noopener\">julho-agosto<\/a>\u00a0da revista Ultimato. Para assinar,\u00a0<a href=\"http:\/\/www.ultimato.com.br\/revista\/assine\" target=\"_blank\" rel=\"noopener\">clique aqui<\/a>.<\/div>\n<div><\/div>\n<div><\/div>\n<\/blockquote>\n<div>\n<p><strong>Saiba mais:<\/strong><\/p>\n<p>\u00bb <a href=\"https:\/\/www.ultimato.com.br\/conteudo\/vocare-camp-em-quatro-dias-conectando-350-jovens-com-a-missao-de-deus\">Vocare Camp: em quatro dias conectando 350 jovens com a Miss\u00e3o de Deus<\/a><br \/>\n\u00bb <a href=\"https:\/\/www.ultimato.com.br\/conteudo\/preparo-profissional-para-servir-em-campos-de-acesso-restrito\">Preparo profissional para servir em campos de acesso restrito<\/a><br \/>\n\u00bb <a href=\"https:\/\/www.ultimato.com.br\/conteudo\/voce-nao-e-o-que-voce-faz\">Voc\u00ea n\u00e3o \u00e9 o que voc\u00ea faz<\/a><br \/>\n\u00bb <a href=\"https:\/\/www.ultimato.com.br\/conteudo\/uma-reflexao-sobre-o-campo-de-atuacao-da-enfermagem\">Uma reflex\u00e3o sobre o campo de atua\u00e7\u00e3o da enfermagem<\/a><\/p>\n<\/div>\n","protected":false},"excerpt":{"rendered":"<p>Por M\u00f4nica Mesquita Medicina, enfermagem, odontologia\u2026 essas profiss\u00f5es s\u00e3o muito bem-vindas ao campo mission\u00e1rio. Pronto? Acabou? N\u00e3o!!! Na \u00e1rea da sa\u00fade, ainda s\u00e3o muito bem-vindos os nutricionistas, terapeutas ocupacionais, psic\u00f3logos, prot\u00e9ticos, socorristas, farmac\u00eauticos, parteiras, fisioterapeutas, acupunturistas, dentre tantos outros. Ocorre que os profissionais de sa\u00fade n\u00e3o s\u00e3o os \u00fanicos bem-vindos ao campo mission\u00e1rio e nem [&hellip;]<\/p>\n","protected":false},"author":21,"featured_media":0,"comment_status":"open","ping_status":"open","sticky":false,"template":"","format":"standard","meta":{"footnotes":""},"categories":[116],"tags":[],"class_list":["post-978","post","type-post","status-publish","format-standard","hentry","category-blog"],"_links":{"self":[{"href":"https:\/\/ultimato.com.br\/sites\/caminhosdamissao\/wp-json\/wp\/v2\/posts\/978","targetHints":{"allow":["GET"]}}],"collection":[{"href":"https:\/\/ultimato.com.br\/sites\/caminhosdamissao\/wp-json\/wp\/v2\/posts"}],"about":[{"href":"https:\/\/ultimato.com.br\/sites\/caminhosdamissao\/wp-json\/wp\/v2\/types\/post"}],"author":[{"embeddable":true,"href":"https:\/\/ultimato.com.br\/sites\/caminhosdamissao\/wp-json\/wp\/v2\/users\/21"}],"replies":[{"embeddable":true,"href":"https:\/\/ultimato.com.br\/sites\/caminhosdamissao\/wp-json\/wp\/v2\/comments?post=978"}],"version-history":[{"count":13,"href":"https:\/\/ultimato.com.br\/sites\/caminhosdamissao\/wp-json\/wp\/v2\/posts\/978\/revisions"}],"predecessor-version":[{"id":1000,"href":"https:\/\/ultimato.com.br\/sites\/caminhosdamissao\/wp-json\/wp\/v2\/posts\/978\/revisions\/1000"}],"wp:attachment":[{"href":"https:\/\/ultimato.com.br\/sites\/caminhosdamissao\/wp-json\/wp\/v2\/media?parent=978"}],"wp:term":[{"taxonomy":"category","embeddable":true,"href":"https:\/\/ultimato.com.br\/sites\/caminhosdamissao\/wp-json\/wp\/v2\/categories?post=978"},{"taxonomy":"post_tag","embeddable":true,"href":"https:\/\/ultimato.com.br\/sites\/caminhosdamissao\/wp-json\/wp\/v2\/tags?post=978"}],"curies":[{"name":"wp","href":"https:\/\/api.w.org\/{rel}","templated":true}]}}