{"id":960,"date":"2022-06-14T12:01:00","date_gmt":"2022-06-14T15:01:00","guid":{"rendered":"https:\/\/ultimato.com.br\/sites\/caminhosdamissao\/?p=960"},"modified":"2022-06-14T12:02:40","modified_gmt":"2022-06-14T15:02:40","slug":"como-voce-preserva-seu-descanso-e-seu-tempo-sabatico","status":"publish","type":"post","link":"https:\/\/ultimato.com.br\/sites\/caminhosdamissao\/2022\/06\/14\/como-voce-preserva-seu-descanso-e-seu-tempo-sabatico\/","title":{"rendered":"Como voc\u00ea preserva seu descanso e seu tempo sab\u00e1tico?"},"content":{"rendered":"<p>Membros da equipe do Movimento de Lausanne de todas as partes do mundo compartilham como preservam seu tempo sab\u00e1tico ou de descanso di\u00e1rio, semanal ou sazonal.<\/p>\n<p>Seja no Paquist\u00e3o ou na Hungria, no Qu\u00eania ou nos Estados Unidos, o descanso sab\u00e1tico n\u00e3o \u00e9 algo muito f\u00e1cil para a maioria de n\u00f3s. Somos pessoas comuns e l\u00edderes ocupados, vivendo tempos de crise e de mudan\u00e7a, tendo como pano de fundo um mundo em sofrimento. Alguns de n\u00f3s estiveram \u00e0 beira do esgotamento cr\u00f4nico e perceberam que \u00e9 preciso encontrar uma forma de dar mudar de atitude; outros est\u00e3o lentamente moldando sua vida no ritmo do descanso.<\/p>\n<p>Esperamos que, ao ler sobre nossas pequenas pr\u00e1ticas, nossas lutas e s\u00e1bias dicas, voc\u00ea tamb\u00e9m seja encorajado a desfrutar da alegria e da d\u00e1diva que \u00e9 descansar no Senhor.<\/p>\n<p>As primeiras se\u00e7\u00f5es s\u00e3o hist\u00f3rias mais longas a respeito do descanso sab\u00e1tico. No final do artigo, voc\u00ea encontrar\u00e1 uma lista com as pr\u00e1ticas di\u00e1rias e semanais de nossa equipe, bem como outros recursos.<\/p>\n<p>&nbsp;<\/p>\n<h4><strong>Problemas de sa\u00fade levam a tr\u00eas mudan\u00e7as em rela\u00e7\u00e3o ao descanso sab\u00e1tico<\/strong><\/h4>\n<p><img loading=\"lazy\" decoding=\"async\" class=\"alignright wp-image-961\" src=\"https:\/\/ultimato.com.br\/sites\/caminhosdamissao\/files\/2022\/06\/blog_14-6-22_como-300x248.jpg\" alt=\"\" width=\"350\" height=\"289\" srcset=\"https:\/\/ultimato.com.br\/sites\/caminhosdamissao\/files\/2022\/06\/blog_14-6-22_como-300x248.jpg 300w, https:\/\/ultimato.com.br\/sites\/caminhosdamissao\/files\/2022\/06\/blog_14-6-22_como-768x634.jpg 768w, https:\/\/ultimato.com.br\/sites\/caminhosdamissao\/files\/2022\/06\/blog_14-6-22_como-732x604.jpg 732w, https:\/\/ultimato.com.br\/sites\/caminhosdamissao\/files\/2022\/06\/blog_14-6-22_como.jpg 800w\" sizes=\"auto, (max-width: 350px) 100vw, 350px\" \/>\u201cEm 2009, uma grave ocorr\u00eancia de angina de peito foi o primeiro alarme de uma condi\u00e7\u00e3o de enfraquecimento card\u00edaco atribu\u00edda principalmente ao estresse ministerial. Ent\u00e3o, em 2018, passei por um longo per\u00edodo de sete meses de depress\u00e3o, o qual passei a descrever como uma \u201cnoite escura da minha alma\u201d. Portanto, minha disciplina saud\u00e1vel de descanso sab\u00e1tico s\u00f3 come\u00e7ou a surgir de fato em 2019.<\/p>\n<p>Primeiramente, fiquei impressionado com os textos de Pete Scazzero, segundo os quais h\u00e1, no registro dos Dez Mandamentos em \u00caxodo 20, mais vers\u00edculos sobre o dia de s\u00e1bado do que sobre todos os outros temas. No campo devocional, essa perspectiva mudou minha compreens\u00e3o de como o descanso sab\u00e1tico pode se aplicar \u00e0 forma como eu adoro, dependo e encontro minha satisfa\u00e7\u00e3o em Deus, bem como torno-me semelhante a ele: foi uma significativa renova\u00e7\u00e3o de mente da qual eu realmente estava precisando.<\/p>\n<p>Em segundo lugar,<\/p>\n<blockquote><p>o Senhor me levou a uma mudan\u00e7a pr\u00e1tica da rotina da minha lista de tarefas di\u00e1rias para os ritmos semanais reflexivos dos pap\u00e9is significativos que eu desempenhava.<\/p><\/blockquote>\n<p>Foi a primeira vez que pude ter um dia de descanso semanal e ainda cumprir as prioridades b\u00e1sicas. H\u00e1bitos novos e transformadores est\u00e3o se formando a partir da minha mudan\u00e7a de uma perspectiva di\u00e1ria para uma perspectiva semanal.<\/p>\n<p>Em terceiro lugar, o aprendizado transcultural com amigos da fam\u00edlia Lausanne fortaleceu meu novo aprendizado sobre o dia de s\u00e1bado. Hoje entendo melhor que feriados s\u00e3o dias santos e que as pausas anuais de descanso s\u00e3o renovadoras\u201d.<\/p>\n<p><strong>\u2013 Nana Yaw Offei Awuku (Gana)<\/strong>, Diretor associado global para gera\u00e7\u00f5es<\/p>\n<p>&nbsp;<\/p>\n<h4><strong>Amar os outros de forma sacrifical vs. descansar no Senhor<\/strong><\/h4>\n<p><img loading=\"lazy\" decoding=\"async\" class=\"alignright wp-image-962\" src=\"https:\/\/ultimato.com.br\/sites\/caminhosdamissao\/files\/2022\/06\/blog_14-6-22_como2-300x248.jpg\" alt=\"\" width=\"350\" height=\"289\" srcset=\"https:\/\/ultimato.com.br\/sites\/caminhosdamissao\/files\/2022\/06\/blog_14-6-22_como2-300x248.jpg 300w, https:\/\/ultimato.com.br\/sites\/caminhosdamissao\/files\/2022\/06\/blog_14-6-22_como2-768x634.jpg 768w, https:\/\/ultimato.com.br\/sites\/caminhosdamissao\/files\/2022\/06\/blog_14-6-22_como2-732x604.jpg 732w, https:\/\/ultimato.com.br\/sites\/caminhosdamissao\/files\/2022\/06\/blog_14-6-22_como2.jpg 800w\" sizes=\"auto, (max-width: 350px) 100vw, 350px\" \/>\u201cVivemos um momento incomum, em que amigos muito pr\u00f3ximos enfrentam problemas de sa\u00fade que afetam a vida de toda a fam\u00edlia. No m\u00eas passado, eu (e minha fam\u00edlia) passamos muitas horas cuidando de crian\u00e7as, ajudando pessoas enfermas em hospitais, mobilizando guerreiros de ora\u00e7\u00e3o e organizando a log\u00edstica. Se poss\u00edvel, eu faria isso e muito mais com alegria. As virtudes b\u00edblicas do amor sacrificial e da miseric\u00f3rdia me tocam profundamente.<\/p>\n<p>Mas agora, \u00e0 medida que a crise imediata se torna uma situa\u00e7\u00e3o de longo prazo, eu me sinto t\u00e3o esgotada, sobrecarregada e envolvida que o descanso sab\u00e1tico praticamente desapareceu. Preciso encarar com seriedade o que sei ser verdade, mas tenho dificuldade em agir de acordo: n\u00e3o posso continuar ajudando indefinidamente se estiver vazia.<\/p>\n<blockquote><p>O descanso sab\u00e1tico \u00e9 necess\u00e1rio, mesmo que isso signifique dizer \u201cn\u00e3o\u201d a boas oportunidades e necessidades importantes.<\/p><\/blockquote>\n<p>Percebo que, de forma ativa e espec\u00edfica, preciso escolher confiar que nosso Deus \u00e9 grande o suficiente para suprir as necessidades dos meus queridos amigos durante este per\u00edodo, independentemente do meu grau de envolvimento. Embora minha ajuda tenha sido pr\u00e1tica e significativa, n\u00e3o posso ser, no fim das contas, a solu\u00e7\u00e3o final do problema dos meus amigos. Ainda posso ser \u00fatil, uma amiga querida que caminha com eles nessa nova jornada, mas tamb\u00e9m preciso administrar com fidelidade os relacionamentos e obriga\u00e7\u00f5es que Deus j\u00e1 me deu. N\u00e3o poderei fazer isso se n\u00e3o tiver tempo, uma conex\u00e3o saud\u00e1vel com o Senhor e descanso para minha pr\u00f3pria alma.<\/p>\n<p>Encontrar o equil\u00edbrio entre derramar-se em amor e ser s\u00e1bio\/fiel \u00e9 dif\u00edcil, algo pelo que hoje luto intensamente. Jesus \u00e9 certamente um exemplo perfeito \u2013 supria uma multid\u00e3o de necessidades, mas recuava para descansar e conectar-se com seu Pai. Algo particularmente repousante para mim neste momento tem sido entregar-me em momentos de louvor e ora\u00e7\u00e3o, atestando a soberania, o poder e o cuidado pessoal de Deus para todas as pessoas envolvidas nessa situa\u00e7\u00e3o, e declarando que Jesus est\u00e1 acima das necessidades e dores desta vida\u201d.<\/p>\n<p><strong>\u2013 Amy Hurst (US)<\/strong>, Assistente de desenvolvimento<\/p>\n<p>&nbsp;<\/p>\n<h4><strong>Preservando o descanso de uma jovem m\u00e3e e profissional<\/strong><\/h4>\n<p>\u201cPara uma jovem m\u00e3e e profissional que faz malabarismos com a rotina de cuidados do beb\u00ea, o trabalho e as tarefas dom\u00e9sticas, descansar pode ser imposs\u00edvel. Por essa raz\u00e3o, condicionei-me a dormir quando o beb\u00ea dorme, aceitar ajuda quando oferecem e pedir ajuda quando preciso descansar. Agora sei que n\u00e3o \u00e9 problema algum recusar visitas, responsabilidades extras e convites at\u00e9 que eu me sinta pronta, para que eu possa criar um tempo de descanso sem me preocupar com o que precisa ser feito. Tenho aprendido a manter dist\u00e2ncia do telefone. Isso me permite controlar o que penso quando descanso. Tamb\u00e9m \u00e9 importante comunicar suas inten\u00e7\u00f5es ao parceiro ou \u00e0s pessoas com quem voc\u00ea vive, bem como o per\u00edodo de tempo de descanso que voc\u00ea precisa\u201d.<\/p>\n<p><strong>\u2013 Donnah Odera (Qu\u00eania)<\/strong>, Coordenadora de projetos YLGen<\/p>\n<p>&nbsp;<\/p>\n<h4><strong>Estrat\u00e9gias para vencer a luta do descanso sab\u00e1tico<\/strong><\/h4>\n<p>\u201cInfelizmente, o descanso sab\u00e1tico \u00e9 uma luta cont\u00ednua. Eu diria que \u00e9 uma consequ\u00eancia do tempo em que vivemos, mas a frequ\u00eancia das repreens\u00f5es b\u00edblicas a quem n\u00e3o guarda o s\u00e1bado sugere que essa batalha \u00e9 antiga. Para a maioria de n\u00f3s, o s\u00e1bado \u00e9 algo com que estamos comprometidos mais na teoria do que na pr\u00e1tica, e nosso desejo pelo descanso sab\u00e1tico \u00e9 maior do que nossa capacidade de desfrut\u00e1-lo. Parece que nosso pleno descanso no Senhor vir\u00e1 somente ap\u00f3s o retorno final e a completa supera\u00e7\u00e3o do estado deca\u00eddo da humanidade. Dito isso, da mesma forma como n\u00e3o cedemos ao pecado em geral, vale a pena lutar pelo s\u00e1bado!<\/p>\n<p>Descobri que posso vencer essa batalha quando:<\/p>\n<ul>\n<li>Planejo primeiro meu s\u00e1bado e depois o meu trabalho em torno dele.<\/li>\n<li>Encontro ritmos eficazes e recorrentes.<\/li>\n<\/ul>\n<blockquote><p>Vejo o descanso como uma forma de adora\u00e7\u00e3o, pois confio que o Senhor pode fazer mais do que posso fazer.<\/p><\/blockquote>\n<ul>\n<li>Descanso mais no Seu chamado para mim do que no meu trabalho para ele.<\/li>\n<li>Informo outras pessoas sobre meus momentos de descanso e mantenho uma m\u00fatua presta\u00e7\u00e3o de contas\u201d.<\/li>\n<\/ul>\n<p><strong>\u2013 Jurie Kriel (US)<\/strong>, Col\u00edder da Equipe Neemias para Lausanne4<\/p>\n<p>&nbsp;<\/p>\n<h4><strong>Estar atento ao momento<\/strong><\/h4>\n<p><img loading=\"lazy\" decoding=\"async\" class=\"alignright wp-image-963\" src=\"https:\/\/ultimato.com.br\/sites\/caminhosdamissao\/files\/2022\/06\/blog_14-6-22_como3-300x248.jpg\" alt=\"\" width=\"350\" height=\"289\" srcset=\"https:\/\/ultimato.com.br\/sites\/caminhosdamissao\/files\/2022\/06\/blog_14-6-22_como3-300x248.jpg 300w, https:\/\/ultimato.com.br\/sites\/caminhosdamissao\/files\/2022\/06\/blog_14-6-22_como3-768x634.jpg 768w, https:\/\/ultimato.com.br\/sites\/caminhosdamissao\/files\/2022\/06\/blog_14-6-22_como3-732x604.jpg 732w, https:\/\/ultimato.com.br\/sites\/caminhosdamissao\/files\/2022\/06\/blog_14-6-22_como3.jpg 800w\" sizes=\"auto, (max-width: 350px) 100vw, 350px\" \/>\u201cEstar presente e viver\/desfrutar do momento \u00e9 o que tento praticar todos os dias. H\u00e1 uma infinidade de oportunidades: quando ou\u00e7o o riso da minha filha, vejo-a explorar ou aprecio suas v\u00edvidas express\u00f5es faciais. Quando me sento em nosso quintal com uma x\u00edcara de ch\u00e1 e escuto o canto dos p\u00e1ssaros, sinto a brisa fresca no rosto, vejo minhas flores desabrocharem e meu jardim crescer. Quando tenho uma palavra de consolo a um amigo que sofre, posso estender alguma ajuda ao necessitado ou simplesmente sentar-me com algu\u00e9m no sil\u00eancio de sua dor.<\/p>\n<p>Estar presente, dispon\u00edvel, aberta, vulner\u00e1vel \u2013 creio que seja isso que Deus quer de mim e o que me ajuda a ser revigorada e fortalecida\u201d.<\/p>\n<p><strong>\u2013 Svetlana Stepanenko (EUA\/Bielorr\u00fassia)<\/strong>, Gerente de tradu\u00e7\u00e3o e localiza\u00e7\u00e3o<\/p>\n<p>&nbsp;<\/p>\n<h4><strong>O s\u00e1bado no contexto do sofrimento do mundo<\/strong><\/h4>\n<p>\u201cO descanso sab\u00e1tico \u00e9 o descanso na presen\u00e7a de Deus; \u00e9 conhecer sua ess\u00eancia, como sua miseric\u00f3rdia incessante e seu amor infal\u00edvel. Durante minhas caminhadas matinais di\u00e1rias, enquanto medito na Palavra de Deus, encontro esse descanso e me sinto revigorada \u2013 f\u00edsica, mental, emocional e espiritualmente \u2013 ao reconhecer a bondade de Deus no nascer do sol da alvorada, no canto dos primeiros p\u00e1ssaros da manh\u00e3 e no desabrochar das flores da primavera.<\/p>\n<p>Recentemente, contudo, tenho me afligido com aqueles que sofrem devido a guerras, enfermidades, crimes e outras injusti\u00e7as. Ser\u00e1 que eles conseguem encontrar descanso sab\u00e1tico mesmo em meio a tanta dor? No Salmo 23, al\u00e9m de desfrutar de pastagens verdes e \u00e1guas tranquilas, o salmista tamb\u00e9m passa pelo mais escuro vale. Mesmo assim, ele responde com confian\u00e7a: \u2018N\u00e3o temerei perigo algum, pois tu est\u00e1s comigo; a tua vara e o teu cajado me protegem\u2019\u201d.<\/p>\n<p><strong>\u2013 Loun Ling Lee (UK)<\/strong>, Editora da An\u00e1lise Global de Lausanne<\/p>\n<p>&nbsp;<\/p>\n<h4><strong>Man\u00e1 para os tempos dif\u00edceis<\/strong><\/h4>\n<p><img loading=\"lazy\" decoding=\"async\" class=\"alignright wp-image-964\" src=\"https:\/\/ultimato.com.br\/sites\/caminhosdamissao\/files\/2022\/06\/blog_14-6-22_como4-300x248.jpg\" alt=\"\" width=\"350\" height=\"289\" srcset=\"https:\/\/ultimato.com.br\/sites\/caminhosdamissao\/files\/2022\/06\/blog_14-6-22_como4-300x248.jpg 300w, https:\/\/ultimato.com.br\/sites\/caminhosdamissao\/files\/2022\/06\/blog_14-6-22_como4-768x634.jpg 768w, https:\/\/ultimato.com.br\/sites\/caminhosdamissao\/files\/2022\/06\/blog_14-6-22_como4-732x604.jpg 732w, https:\/\/ultimato.com.br\/sites\/caminhosdamissao\/files\/2022\/06\/blog_14-6-22_como4.jpg 800w\" sizes=\"auto, (max-width: 350px) 100vw, 350px\" \/>\u201cDurante o per\u00edodo de lockdown, minha fam\u00edlia p\u00f4de desfrutar do s\u00e1bado como nunca hav\u00edamos sonhado antes: refei\u00e7\u00f5es preparadas no dia anterior; nada de telas; culto em fam\u00edlia; quebra-cabe\u00e7as e jogos de tabuleiro; caminhadas pelas trilhas sinuosas entre as planta\u00e7\u00f5es de arroz.<\/p>\n<p>Ent\u00e3o experimentamos perda, confus\u00e3o e trauma. Tenho tentado reaprender o que significa descansar, o que \u00e9 o dia de s\u00e1bado. Ora, apenas para me sentir bem. A \u00fanica coisa que eu sabia fazer era retornar por onde vim: peguei o brevi\u00e1rio de um convento episcopal em que muitas vezes encontrei ref\u00fagio, d\u00e9cadas atr\u00e1s. E li as ora\u00e7\u00f5es matinais em voz alta. Li diurnum, v\u00e9speras, completas. N\u00e3o lia \u2013 e n\u00e3o leio \u2013 esses cultos diariamente. Todos os dias, talvez uma liturgia cruze meus l\u00e1bios. Mas seguro esse livro; leio essas ora\u00e7\u00f5es, esses salmos e textos b\u00edblicos. Coloco essas palavras na minha l\u00edngua, abertamente humana, desesperada, e na comunh\u00e3o dos santos.<\/p>\n<p>Esse processo \u2014 de passar dos meses de deleite sab\u00e1tico para o retorno pelo caminho percorrido por meio da pr\u00e1tica espiritual anterior \u2014 tem uma linhagem sagrada. Penso nos disc\u00edpulos, particularmente nas mulheres, disc\u00edpulas que viajaram com Jesus. Elas tiveram novas experi\u00eancias de descanso sab\u00e1tico na presen\u00e7a de Deus. Andaram com Jesus por aquelas estradas que serpenteavam entre os campos. Ent\u00e3o Jesus foi morto: houve perda, confus\u00e3o e trauma. E logo chegou o dia do s\u00e1bado: \u201cAs mulheres que haviam acompanhado Jesus desde a Galileia, seguiram Jos\u00e9 e viram o sepulcro, e como o corpo de Jesus fora colocado nele. Ent\u00e3o, foram para casa e prepararam perfumes e especiarias arom\u00e1ticas. E descansaram no s\u00e1bado, em obedi\u00eancia ao mandamento\u201d (Lucas 23.55-56 NVI).<\/p>\n<p>As mulheres fizeram o que sabiam fazer.<\/p>\n<blockquote><p>Em meio a um trauma excruciante, elas descansaram, de acordo com o mandamento. Descansaram na Palavra.<\/p><\/blockquote>\n<p>O que ser\u00e1 que ouviram do Senhor naquele s\u00e1bado em especial? Mas teriam recitado as ora\u00e7\u00f5es e as escrituras conhecidas. Aquelas antigas palavras as havia ensinado a serem humanas \u2013 e santas \u2013 durante todos aqueles anos. Aquelas palavras estavam em suas l\u00ednguas como o man\u00e1 no dia mais dif\u00edcil. Por isso saboreio o man\u00e1 do brevi\u00e1rio e descanso em Deus nesses dias. \u00c9 o que sei fazer\u201d.<\/p>\n<p><strong>\u2013 Darcy Luetzow Staddon (EUA\/Jap\u00e3o)<\/strong>, Assistente executiva do diretor executivo global<\/p>\n<p>&nbsp;<\/p>\n<h4><strong>Rotinas di\u00e1rias e semanais<\/strong><\/h4>\n<ul>\n<li>\u201cTodos os dias, acordo cedo e tenho uma hora de leitura da B\u00edblia, anota\u00e7\u00f5es no di\u00e1rio, devocional e ora\u00e7\u00e3o. Com isso mantenho meu foco e ou\u00e7o o Senhor ao longo do dia. No meu dia de folga, deixo de lado todo o trabalho eletr\u00f4nico, incluindo e-mail, computador, textos, tarefas etc., e fa\u00e7o algo que gosto de fazer, como andar de bicicleta, visitar um mercado de pulgas ou trabalhar no jardim\u201d. <strong>\u2013 Brent Burdick (EUA)<\/strong>, Diretor da Lausanne Global Classroom.<\/li>\n<li>\u201cO descanso do servi\u00e7o na igreja e da comunidade \u00e9 algo inegoci\u00e1vel em nossa fam\u00edlia. Durante a semana, acho proveitoso come\u00e7ar o dia lendo a B\u00edblia e orando com a ajuda de diferentes recursos, como os livros de estudo SheReadsTruth ou Precept. E as caminhadas di\u00e1rias no parque ou pr\u00f3ximo \u00e0 \u00e1gua ajudam a dar continuidade \u00e0 conversa com o Senhor\u201d.<strong> \u2013 Anna Chviedaruk (Bielorr\u00fassia)<\/strong>, Gerente de Opera\u00e7\u00f5es<\/li>\n<li>\u201cO que fazemos de mais importante para preservar nosso tempo sab\u00e1tico \u00e9 desligar a tecnologia durante o dia. Isso nos permite focar os relacionamentos e descansar (oba, cochilos!) e nos liberta da tenta\u00e7\u00e3o cont\u00ednua de sermos atra\u00eddos para o trabalho ou para as redes sociais\u201d. <strong>\u2013 Justin Schell (EUA)<\/strong>, Diretor de projetos executivos.<\/li>\n<li>\u201cAl\u00e9m do papel que desempenho no Movimento de Lausanne, tamb\u00e9m pastoreio uma igreja. Decidi que a segunda-feira seria meu dia de descanso. Mesmo sendo extrovertido, depois de uma semana de reuni\u00f5es no Zoom e de um domingo agitado, eu realmente preciso de um tempo para recarregar as energias, sem nenhuma intera\u00e7\u00e3o humana fora da minha fam\u00edlia. N\u00e3o agendo reuni\u00f5es presenciais ou virtuais para as segundas-feiras e configurei meu telefone para n\u00e3o receber liga\u00e7\u00f5es, mensagens ou notifica\u00e7\u00f5es nesse dia. Minha esposa \u00e9 a \u00fanica exce\u00e7\u00e3o\u201d.<strong> \u2013 Attila Nyari (Hungria)<\/strong>, Chefe de Gabinete.<\/li>\n<li>\u201cMuitas vezes, o descanso sab\u00e1tico com crian\u00e7as pequenas pode ser mais um sonho do que uma realidade. Nos meus primeiros dias com os pequenos, fiz um compromisso comigo mesma \u2013 passar algum tempo correndo ao ar livre, diariamente. Foi durante a corrida que, muitas vezes, me senti mais pr\u00f3xima de Deus. No entanto, com pequenos seres humanos para cuidar, eu n\u00e3o sabia bem como tornar essa prioridade uma realidade. O despertador toca logo cedo \u2013 4h30 \u2013 mas vale a pena sacrificar uma hora de sono. Esse compromisso tornou-se meu ref\u00fagio, meu descanso, meu refrig\u00e9rio. As ora\u00e7\u00f5es se tornam um longo di\u00e1logo com o Senhor a cada milha que passa. Nas \u00e9pocas mais movimentadas, sempre posso contar com minhas corridas para me proporcionar descanso e refrig\u00e9rio e por isso sou muito, muito grata\u201d. <strong>\u2013 Sarah White (EUA)<\/strong>, Diretora de opera\u00e7\u00f5es.<\/li>\n<li>\u201c[No s\u00e1bado], eu geralmente durmo at\u00e9 mais tarde. Tento me manter longe do telefone e do computador. Depois do caf\u00e9 da manh\u00e3, costumo me sentar sozinho e meditar, algo que me acalma e me ajuda a pensar com clareza. Ler as Escrituras ou algum outro livro \u00e9 minha parte favorita do dia. Cozinho para minha fam\u00edlia ou os levo para alguma atividade recreativa. Mais tarde, visito meus amigos e juntos cantamos e oramos. Essas atividades n\u00e3o fazem parte da minha rotina di\u00e1ria, por isso, no s\u00e1bado, faz\u00ea-las me d\u00e1 energia e uma nova perspectiva para toda a semana seguinte\u201d. <strong>\u2013 Yaksan Azam (Paquist\u00e3o)<\/strong>, Gerente de conte\u00fado on-line e editor de v\u00eddeo da Global Classroom.<\/li>\n<li>\u201cDesde o in\u00edcio de nosso casamento, minha esposa e eu escolhemos um dia da semana para deixar o trabalho regular de lado e nos concentrar no tempo um com o outro e com o Senhor, fazendo o que nos revigora, mudando o ritmo, deixando de lado nosso trabalho normal e, geralmente, incluindo tempo para desfrutar da cria\u00e7\u00e3o de Deus. Ao longo dos anos, nossos padr\u00f5es foram mudando \u2013 dependendo da idade e do desenvolvimento de nossos filhos, de nossos pap\u00e9is vocacionais e de nosso envolvimento na igreja. No entanto, assim como anseio e preciso de tempo no in\u00edcio de cada dia para estar a s\u00f3s com Deus e reunir for\u00e7as para o dia \u00e0 frente, tamb\u00e9m espero ansiosamente por essa ocasi\u00e3o semanal em que minha esposa e eu podemos juntos descansar e ser revigorados\u201d. <strong>\u2013 David Bennett (EUA)<\/strong>, Diretor associado global de colabora\u00e7\u00e3o e conte\u00fado.<\/li>\n<li>\u201cEu tiro uma soneca todos os dias e caminho \u00e0 noite sob as estrelas para orar. O breve descanso para o meu corpo durante o dia e a pausa para orar ao ar livre, no escuro da noite, revigoram minha alma regularmente\u201d. <strong>\u2013 E.D. Burns (EUA)<\/strong>, Diretor de conte\u00fado Recursos referentes ao descanso e ao dia de s\u00e1bado.<\/li>\n<\/ul>\n<p>Publicado originalmente em <a href=\"https:\/\/lausanne.org\/pt-br\/sobre-pt-br\/blog-pt-br\/como-voce-preserva-seu-descanso-e-seu-tempo-sabatico\">Movimento Lausanne<\/a>. Reproduzido com permiss\u00e3o.<\/p>\n<p><strong>Saiba mais:<\/strong><\/p>\n<p>\u00bb <a href=\"https:\/\/www.ultimato.com.br\/loja\/produtos\/trabalho-descanso-e-dinheiro\">Trabalho, Descanso e Dinheiro<\/a><br \/>\n\u00bb <a href=\"https:\/\/www.ultimato.com.br\/revista\/artigos\/274\/o-ultimo-sabado\">O \u00faltimo s\u00e1bado (<strong>Ultimato<\/strong> 274)<\/a><br \/>\n\u00bb <a href=\"https:\/\/www.ultimato.com.br\/conteudo\/descanso-o-tempo-sagrado\">Descanso \u2013 o tempo sagrado<\/a><\/p>\n","protected":false},"excerpt":{"rendered":"<p>Membros da equipe do Movimento de Lausanne de todas as partes do mundo compartilham como preservam seu tempo sab\u00e1tico ou de descanso di\u00e1rio, semanal ou sazonal. Seja no Paquist\u00e3o ou na Hungria, no Qu\u00eania ou nos Estados Unidos, o descanso sab\u00e1tico n\u00e3o \u00e9 algo muito f\u00e1cil para a maioria de n\u00f3s. Somos pessoas comuns e [&hellip;]<\/p>\n","protected":false},"author":21,"featured_media":0,"comment_status":"open","ping_status":"open","sticky":false,"template":"","format":"standard","meta":{"footnotes":""},"categories":[116],"tags":[],"class_list":["post-960","post","type-post","status-publish","format-standard","hentry","category-blog"],"_links":{"self":[{"href":"https:\/\/ultimato.com.br\/sites\/caminhosdamissao\/wp-json\/wp\/v2\/posts\/960","targetHints":{"allow":["GET"]}}],"collection":[{"href":"https:\/\/ultimato.com.br\/sites\/caminhosdamissao\/wp-json\/wp\/v2\/posts"}],"about":[{"href":"https:\/\/ultimato.com.br\/sites\/caminhosdamissao\/wp-json\/wp\/v2\/types\/post"}],"author":[{"embeddable":true,"href":"https:\/\/ultimato.com.br\/sites\/caminhosdamissao\/wp-json\/wp\/v2\/users\/21"}],"replies":[{"embeddable":true,"href":"https:\/\/ultimato.com.br\/sites\/caminhosdamissao\/wp-json\/wp\/v2\/comments?post=960"}],"version-history":[{"count":10,"href":"https:\/\/ultimato.com.br\/sites\/caminhosdamissao\/wp-json\/wp\/v2\/posts\/960\/revisions"}],"predecessor-version":[{"id":975,"href":"https:\/\/ultimato.com.br\/sites\/caminhosdamissao\/wp-json\/wp\/v2\/posts\/960\/revisions\/975"}],"wp:attachment":[{"href":"https:\/\/ultimato.com.br\/sites\/caminhosdamissao\/wp-json\/wp\/v2\/media?parent=960"}],"wp:term":[{"taxonomy":"category","embeddable":true,"href":"https:\/\/ultimato.com.br\/sites\/caminhosdamissao\/wp-json\/wp\/v2\/categories?post=960"},{"taxonomy":"post_tag","embeddable":true,"href":"https:\/\/ultimato.com.br\/sites\/caminhosdamissao\/wp-json\/wp\/v2\/tags?post=960"}],"curies":[{"name":"wp","href":"https:\/\/api.w.org\/{rel}","templated":true}]}}