{"id":91,"date":"2017-06-26T10:10:25","date_gmt":"2017-06-26T13:10:25","guid":{"rendered":"http:\/\/ultimato.com.br\/sites\/caminhosdamissao\/?p=91"},"modified":"2017-06-27T17:50:21","modified_gmt":"2017-06-27T20:50:21","slug":"missionario-maluco-martir-mendigo-ou-o-que","status":"publish","type":"post","link":"https:\/\/ultimato.com.br\/sites\/caminhosdamissao\/2017\/06\/26\/missionario-maluco-martir-mendigo-ou-o-que\/","title":{"rendered":"Mission\u00e1rio: maluco, m\u00e1rtir, mendigo ou o qu\u00ea?"},"content":{"rendered":"<p><em>Por Antonia Leonora van der Meer<\/em><\/p>\n<p>A igreja evang\u00e9lica brasileira em poucas d\u00e9cadas transformou-se de campo mission\u00e1rio em \u201cceleiro de miss\u00f5es\u201d. Como a igreja est\u00e1 assumindo e tratando seus mission\u00e1rios?<\/p>\n<p><strong>Maluco?<\/strong><\/p>\n<p>Fui convidada para falar sobre miss\u00f5es numa igreja bem viva e din\u00e2mica. A fam\u00edlia que me hospedou n\u00e3o se cansava de ouvir minhas experi\u00eancias mission\u00e1rias. At\u00e9 que, de repente, a filha que estava para terminar o curso de medicina come\u00e7ou a mostrar que estava seriamente considerando a possibilidade de servir na obra mission\u00e1ria. O ambiente mudou totalmente:<\/p>\n<p>\u2014 Isso seria uma loucura!<\/p>\n<p>Muitos crist\u00e3os ainda consideram o mission\u00e1rio basicamente um maluco. Como \u00e9 que uma pessoa de boa forma\u00e7\u00e3o ou com responsabilidades dentro da fam\u00edlia abandona tudo e todos para embrenhar-se em alguma selva entre povos tribais ou para confrontar situa\u00e7\u00f5es de alto risco em pa\u00edses resistentes, onde h\u00e1 falta de seguran\u00e7a e de confortos b\u00e1sicos?<\/p>\n<p>\u2014 Mission\u00e1rios solteiros, tudo bem (desde que n\u00e3o seja meu irm\u00e3o ou minha filha), mas um casal com filhos \u00e9 o c\u00famulo do absurdo! \u00c9 claro que Deus n\u00e3o pediria uma coisa dessas para seus filhos! \u2014 \u00e9 o pensamento de muitos.<\/p>\n<p>Ser\u00e1 que Deus n\u00e3o pediria? O que lhe custou o seu projeto mission\u00e1rio? A B\u00edblia afirma que se trata de uma loucura de Deus: uma loucura poderosa para salvar e transformar vidas humanas. Gra\u00e7as a Deus pelos que aceitam ser \u201cos malucos de Deus\u201d (1 Cor\u00edntios 1:21-29).<\/p>\n<p>Mas isso significa uma atitude irrespons\u00e1vel da parte do mission\u00e1rio? Ou da igreja? Infelizmente, muitas vezes tem sido! E a\u00ed j\u00e1 abandonamos a categoria da loucura segundo Deus para uma loucura humana, irrespons\u00e1vel. Isso acontece quando o mission\u00e1rio \u00e9 enviado com um esp\u00edrito ufanista, sem o preparo espiritual, b\u00edblico, missiol\u00f3gico e pastoral adequado. Quando ele ou sua igreja se sentem auto-suficientes, n\u00e3o precisam de ajuda ou orienta\u00e7\u00e3o, nem de mission\u00e1rios mais experientes, nem de l\u00edderes crist\u00e3os nacionais. Assim, o mission\u00e1rio \u00e9 enviado para ser b\u00ean\u00e7\u00e3o, mas nem sempre ser\u00e1.<\/p>\n<p>Mas existe outra irresponsabilidade ou loucura injustific\u00e1vel e pecaminosa que nossas igrejas t\u00eam praticado. Enviam o mission\u00e1rio com a b\u00ean\u00e7\u00e3o da igreja, que se orgulha em divulgar que sustenta \u201cX\u201d mission\u00e1rios. Mas, de repente, surge um projeto de constru\u00e7\u00e3o ou outra necessidade urgente que demanda toda a aten\u00e7\u00e3o.<\/p>\n<p>\u2014 Ora, o mission\u00e1rio \u00e9 pessoa de f\u00e9. Deus cuida dele \u2014 e a igreja abandona seus mission\u00e1rios no campo.<\/p>\n<p>Ser\u00e1 que o pastor tamb\u00e9m n\u00e3o \u00e9 homem de f\u00e9? Por que, ent\u00e3o, tal atitude inconsequente? O mission\u00e1rio enfrenta dificuldades, \u00e0s vezes problemas de sa\u00fade, falta de recursos b\u00e1sicos, falta de explica\u00e7\u00f5es e comunica\u00e7\u00e3o, d\u00edvidas. Como resultado, surge uma profunda crise. \u00c0s vezes trata-se de uma pessoa que se adaptou bem ao campo, progrediu no estudo da l\u00edngua nacional, relacionou-se bem com os nacionais e acaba sendo derrotada por esse abandono!<\/p>\n<p>Gostamos de falar em guerra espiritual, mas abandonamos nossa tropa de elite, nossos comandos no campo de batalha, sem orienta\u00e7\u00e3o, sem recursos, \u00e0s vezes feridos, sem qualquer cuidado! Nenhum ex\u00e9rcito humano faria isso.<\/p>\n<p>Outra manifesta\u00e7\u00e3o dessa inconsist\u00eancia acontece no momento em que o mission\u00e1rio p\u00f5e os p\u00e9s de volta no Brasil:<\/p>\n<p>\u2014 Voltou do campo? Deixou de ser mission\u00e1rio. Acabou o sustento! \u2014 um tremendo contraste com empresas e governos, que enviam funcion\u00e1rios para servir em outras culturas ou situa\u00e7\u00f5es de risco, e sempre oferecem uma s\u00e9rie de compensa\u00e7\u00f5es.<\/p>\n<p>Mas, no caso dos nossos mission\u00e1rios, se o sustento n\u00e3o acaba por completo, geralmente diminui consideravelmente, afinal \u201co mission\u00e1rio \u00e9 uma pessoa simples, chamada para sofrer\u201d&#8230;<\/p>\n<p>N\u00e3o nego que muitos sejam chamados para sofrer. Mas esse sofrimento n\u00e3o deveria ser causado pela igreja que o envia e sustenta, mas pelas condi\u00e7\u00f5es do contexto de vida do local onde trabalha. \u00c9 triste saber que mission\u00e1rios brasileiros voltam prematuramente do campo muito mais por causa da falta de preparo, de sustento e de apoio pastoral adequados, e por problemas de relacionamento com os que os enviam, do que por problemas de minist\u00e9rio ou de relacionamento com as pessoas a quem servem, mesmo em pa\u00edses considerados de alto risco.<\/p>\n<p><strong>E o que seria o m\u00e1rtir e o mendigo? E afinal, quem \u00e9 o mission\u00e1rio?\u00a0<a href=\"http:\/\/www.ultimato.com.br\/revista\/artigos\/269\/missionario-maluco-martir-mendigo-ou-o-que\">Leia a continuidade deste texto\u00a0aqui.<\/a><\/strong><\/p>\n<p><em>&gt; Texto publicado originalmente na <a href=\"http:\/\/www.ultimato.com.br\/revista\/269\">edi\u00e7\u00e3o 269<\/a> da\u00a0revista Ultimato.<\/em><\/p>\n","protected":false},"excerpt":{"rendered":"<p>Por Antonia Leonora van der Meer A igreja evang\u00e9lica brasileira em poucas d\u00e9cadas transformou-se de campo mission\u00e1rio em \u201cceleiro de miss\u00f5es\u201d. Como a igreja est\u00e1 assumindo e tratando seus mission\u00e1rios? Maluco? Fui convidada para falar sobre miss\u00f5es numa igreja bem viva e din\u00e2mica. A fam\u00edlia que me hospedou n\u00e3o se cansava de ouvir minhas experi\u00eancias [&hellip;]<\/p>\n","protected":false},"author":50,"featured_media":0,"comment_status":"open","ping_status":"open","sticky":false,"template":"","format":"standard","meta":{"footnotes":""},"categories":[114],"tags":[38,33839,33840,5742,5765,33838],"class_list":["post-91","post","type-post","status-publish","format-standard","hentry","category-artigos","tag-igreja","tag-louco","tag-martir","tag-mendigo","tag-missionario","tag-perfil"],"_links":{"self":[{"href":"https:\/\/ultimato.com.br\/sites\/caminhosdamissao\/wp-json\/wp\/v2\/posts\/91","targetHints":{"allow":["GET"]}}],"collection":[{"href":"https:\/\/ultimato.com.br\/sites\/caminhosdamissao\/wp-json\/wp\/v2\/posts"}],"about":[{"href":"https:\/\/ultimato.com.br\/sites\/caminhosdamissao\/wp-json\/wp\/v2\/types\/post"}],"author":[{"embeddable":true,"href":"https:\/\/ultimato.com.br\/sites\/caminhosdamissao\/wp-json\/wp\/v2\/users\/50"}],"replies":[{"embeddable":true,"href":"https:\/\/ultimato.com.br\/sites\/caminhosdamissao\/wp-json\/wp\/v2\/comments?post=91"}],"version-history":[{"count":3,"href":"https:\/\/ultimato.com.br\/sites\/caminhosdamissao\/wp-json\/wp\/v2\/posts\/91\/revisions"}],"predecessor-version":[{"id":124,"href":"https:\/\/ultimato.com.br\/sites\/caminhosdamissao\/wp-json\/wp\/v2\/posts\/91\/revisions\/124"}],"wp:attachment":[{"href":"https:\/\/ultimato.com.br\/sites\/caminhosdamissao\/wp-json\/wp\/v2\/media?parent=91"}],"wp:term":[{"taxonomy":"category","embeddable":true,"href":"https:\/\/ultimato.com.br\/sites\/caminhosdamissao\/wp-json\/wp\/v2\/categories?post=91"},{"taxonomy":"post_tag","embeddable":true,"href":"https:\/\/ultimato.com.br\/sites\/caminhosdamissao\/wp-json\/wp\/v2\/tags?post=91"}],"curies":[{"name":"wp","href":"https:\/\/api.w.org\/{rel}","templated":true}]}}